{"id":11033,"date":"2024-08-02T08:21:26","date_gmt":"2024-08-02T08:21:26","guid":{"rendered":"https:\/\/museum-der-philosophie.de\/?p=11033"},"modified":"2024-08-02T08:21:28","modified_gmt":"2024-08-02T08:21:28","slug":"neuerscheinung-david-hume-der-philosoph-und-sein-zeitalter-2","status":"publish","type":"post","link":"https:\/\/museum-der-philosophie.de\/?p=11033","title":{"rendered":"Neuerscheinung: &#8222;Wozu? Eine Philosophie der Zwecklosigkeit&#8220;"},"content":{"rendered":"\n<div class=\"wp-block-uagb-container uagb-block-d3b8d2fa alignfull uagb-is-root-container\"><div class=\"uagb-container-inner-blocks-wrap\">\n<div class=\"wp-block-uagb-container uagb-block-d773a6c3\">\n<p><strong>Wozu? Eine Philosophie der Zwecklosigkeit<\/strong><br>Michael Hampe<br>Hanser Verlag 2024<\/p>\n<\/div>\n\n\n\n<div class=\"wp-block-uagb-container uagb-block-9e400435\">\n<p class=\"has-small-font-size\">Von der Geburt bis zum Tod: Was wei\u00df die Philosophie \u00fcber die Stationen unseres Lebens?<br>Was bedeutet es, auf die Welt zu kommen? Wir treffen Unterscheidungen und Bewertungen, noch bevor wir Begriffe bilden, sprechen und urteilen. Wir verlieben uns und begreifen, dass das Leben endlich ist. All das kann man philosophisch untersuchen: Entsteht da ein Subjekt? Warum braucht es einen \u201eSinn&#8220;? Wozu das alles? Kann man ein Leben mit all seinen Erfahrungen und Emotionen \u00fcberhaupt in Worte fassen? Wenn wir uns aber nur \u00fcber Ausschnitte unseres Lebens austauschen k\u00f6nnen, geraten Regeln und Zwecke ins Wanken, weil sie nur einen Teil unserer Existenz betreffen. Damit ist der Weg frei f\u00fcr eine Selbsterkundung, die eine gr\u00f6\u00dfere innere Freiheit verspricht als die Jagd nach Zielen und die Suche nach Sinn.(Verlagstext)<\/p>\n<\/div>\n<\/div><\/div>\n\n\n\n<div class=\"wp-block-uagb-container uagb-block-21062768 alignfull uagb-is-root-container\"><div class=\"uagb-container-inner-blocks-wrap\">\n<div class=\"wp-block-uagb-container uagb-block-45582649\">\n<figure class=\"wp-block-image size-full\"><img loading=\"lazy\" decoding=\"async\" width=\"600\" height=\"980\" src=\"https:\/\/museum-der-philosophie.de\/wp-content\/uploads\/2024\/08\/ARTK_CT0_9783446279162_00011.webp\" alt=\"\" class=\"wp-image-11034\" srcset=\"https:\/\/museum-der-philosophie.de\/wp-content\/uploads\/2024\/08\/ARTK_CT0_9783446279162_00011.webp 600w, https:\/\/museum-der-philosophie.de\/wp-content\/uploads\/2024\/08\/ARTK_CT0_9783446279162_00011-400x653.webp 400w, https:\/\/museum-der-philosophie.de\/wp-content\/uploads\/2024\/08\/ARTK_CT0_9783446279162_00011-150x245.webp 150w\" sizes=\"auto, (max-width: 600px) 100vw, 600px\" \/><figcaption class=\"wp-element-caption\">Version 1.0.0<\/figcaption><\/figure>\n<\/div>\n\n\n\n<div class=\"wp-block-uagb-container uagb-block-e608cfc8\">\n<div class=\"wp-block-uagb-advanced-heading uagb-block-ca16c2ae\"><h2 class=\"uagb-heading-text\">Du hast dieses Buch gelesen?<\/h2><p class=\"uagb-desc-text\">\u00dcber eine kurze Beschreibung deiner Eindr\u00fccke w\u00fcrden wir uns sehr freuen. Nutze bitte das Kommentarfeld unten.<\/p><\/div>\n<\/div>\n<\/div><\/div>\n","protected":false},"excerpt":{"rendered":"<p>Von der Geburt bis zum Tod: Was wei\u00df die Philosophie \u00fcber die Stationen unseres Lebens? Was bedeutet es, auf die Welt zu kommen? Wir treffen Unterscheidungen und Bewertungen, noch bevor wir Begriffe bilden, sprechen und urteilen. <\/p>\n","protected":false},"author":1,"featured_media":11034,"comment_status":"open","ping_status":"closed","sticky":false,"template":"","format":"standard","meta":{"_uag_custom_page_level_css":"","footnotes":""},"categories":[152],"tags":[153],"class_list":["post-11033","post","type-post","status-publish","format-standard","has-post-thumbnail","hentry","category-rezensionen","tag-neuerscheinung"],"featured_image_src":"https:\/\/museum-der-philosophie.de\/wp-content\/uploads\/2024\/08\/ARTK_CT0_9783446279162_00011.webp","author_info":{"display_name":"Klaus F\u00fcrst","author_link":"https:\/\/museum-der-philosophie.de\/?author=1"},"uagb_featured_image_src":{"full":["https:\/\/museum-der-philosophie.de\/wp-content\/uploads\/2024\/08\/ARTK_CT0_9783446279162_00011.webp",600,980,false],"thumbnail":["https:\/\/museum-der-philosophie.de\/wp-content\/uploads\/2024\/08\/ARTK_CT0_9783446279162_00011-150x245.webp",150,245,true],"medium":["https:\/\/museum-der-philosophie.de\/wp-content\/uploads\/2024\/08\/ARTK_CT0_9783446279162_00011-400x653.webp",400,653,true],"medium_large":["https:\/\/museum-der-philosophie.de\/wp-content\/uploads\/2024\/08\/ARTK_CT0_9783446279162_00011.webp",600,980,false],"large":["https:\/\/museum-der-philosophie.de\/wp-content\/uploads\/2024\/08\/ARTK_CT0_9783446279162_00011.webp",600,980,false],"1536x1536":["https:\/\/museum-der-philosophie.de\/wp-content\/uploads\/2024\/08\/ARTK_CT0_9783446279162_00011.webp",600,980,false],"2048x2048":["https:\/\/museum-der-philosophie.de\/wp-content\/uploads\/2024\/08\/ARTK_CT0_9783446279162_00011.webp",600,980,false],"education-zone-banner":["https:\/\/museum-der-philosophie.de\/wp-content\/uploads\/2024\/08\/ARTK_CT0_9783446279162_00011-600x692.webp",600,692,true],"education-zone-image-full":["https:\/\/museum-der-philosophie.de\/wp-content\/uploads\/2024\/08\/ARTK_CT0_9783446279162_00011-600x458.webp",600,458,true],"education-zone-image":["https:\/\/museum-der-philosophie.de\/wp-content\/uploads\/2024\/08\/ARTK_CT0_9783446279162_00011-600x458.webp",600,458,true],"education-zone-recent-post":["https:\/\/museum-der-philosophie.de\/wp-content\/uploads\/2024\/08\/ARTK_CT0_9783446279162_00011-70x70.webp",70,70,true],"education-zone-search-result":["https:\/\/museum-der-philosophie.de\/wp-content\/uploads\/2024\/08\/ARTK_CT0_9783446279162_00011-246x246.webp",246,246,true],"education-zone-featured-course":["https:\/\/museum-der-philosophie.de\/wp-content\/uploads\/2024\/08\/ARTK_CT0_9783446279162_00011-276x276.webp",276,276,true],"education-zone-testimonial":["https:\/\/museum-der-philosophie.de\/wp-content\/uploads\/2024\/08\/ARTK_CT0_9783446279162_00011-125x125.webp",125,125,true],"education-zone-blog-full":["https:\/\/museum-der-philosophie.de\/wp-content\/uploads\/2024\/08\/ARTK_CT0_9783446279162_00011-600x480.webp",600,480,true],"wpvr_mobile":["https:\/\/museum-der-philosophie.de\/wp-content\/uploads\/2024\/08\/ARTK_CT0_9783446279162_00011.webp",600,980,false]},"uagb_author_info":{"display_name":"Klaus F\u00fcrst","author_link":"https:\/\/museum-der-philosophie.de\/?author=1"},"uagb_comment_info":0,"uagb_excerpt":"Von der Geburt bis zum Tod: Was wei\u00df die Philosophie \u00fcber die Stationen unseres Lebens? Was bedeutet es, auf die Welt zu kommen? Wir treffen Unterscheidungen und Bewertungen, noch bevor wir Begriffe bilden, sprechen und urteilen.","_links":{"self":[{"href":"https:\/\/museum-der-philosophie.de\/index.php?rest_route=\/wp\/v2\/posts\/11033","targetHints":{"allow":["GET"]}}],"collection":[{"href":"https:\/\/museum-der-philosophie.de\/index.php?rest_route=\/wp\/v2\/posts"}],"about":[{"href":"https:\/\/museum-der-philosophie.de\/index.php?rest_route=\/wp\/v2\/types\/post"}],"author":[{"embeddable":true,"href":"https:\/\/museum-der-philosophie.de\/index.php?rest_route=\/wp\/v2\/users\/1"}],"replies":[{"embeddable":true,"href":"https:\/\/museum-der-philosophie.de\/index.php?rest_route=%2Fwp%2Fv2%2Fcomments&post=11033"}],"version-history":[{"count":1,"href":"https:\/\/museum-der-philosophie.de\/index.php?rest_route=\/wp\/v2\/posts\/11033\/revisions"}],"predecessor-version":[{"id":11035,"href":"https:\/\/museum-der-philosophie.de\/index.php?rest_route=\/wp\/v2\/posts\/11033\/revisions\/11035"}],"wp:featuredmedia":[{"embeddable":true,"href":"https:\/\/museum-der-philosophie.de\/index.php?rest_route=\/wp\/v2\/media\/11034"}],"wp:attachment":[{"href":"https:\/\/museum-der-philosophie.de\/index.php?rest_route=%2Fwp%2Fv2%2Fmedia&parent=11033"}],"wp:term":[{"taxonomy":"category","embeddable":true,"href":"https:\/\/museum-der-philosophie.de\/index.php?rest_route=%2Fwp%2Fv2%2Fcategories&post=11033"},{"taxonomy":"post_tag","embeddable":true,"href":"https:\/\/museum-der-philosophie.de\/index.php?rest_route=%2Fwp%2Fv2%2Ftags&post=11033"}],"curies":[{"name":"wp","href":"https:\/\/api.w.org\/{rel}","templated":true}]}}