{"id":13740,"date":"2024-12-16T18:05:58","date_gmt":"2024-12-16T16:05:58","guid":{"rendered":"https:\/\/museum-der-philosophie.de\/?p=13740"},"modified":"2025-09-02T08:13:36","modified_gmt":"2025-09-02T06:13:36","slug":"georg-wilhelm-friedrich-hegel-2","status":"publish","type":"post","link":"https:\/\/museum-der-philosophie.de\/?p=13740","title":{"rendered":"\u00c9milie du Ch\u00e2telet"},"content":{"rendered":"\n<div class=\"wp-block-uagb-modal uagb-block-40cd57cd uagb-modal-wrapper uag-hide-desktop uag-hide-tab\" data-escpress=\"enable\" data-overlayclick=\"enable\"><img decoding=\"async\" src=\"https:\/\/museum-der-philosophie.de\/wp-content\/uploads\/2024\/11\/2000px-Hamburger_icon.svg1_-150x150.png\" alt=\"\" class=\"uagb-modal-trigger\" width=\"150\" height=\"150\" loading=\"lazy\"\/><div class=\"uagb-effect-default uagb-modal-popup uagb-block-40cd57cd uagb-modal-type-undefined\"><div class=\"uagb-modal-popup-wrap\"><div class=\"uagb-modal-popup-content\"><form role=\"search\" method=\"get\" action=\"https:\/\/museum-der-philosophie.de\/\" class=\"wp-block-search__button-outside wp-block-search__text-button wp-block-search\"    ><label class=\"wp-block-search__label\" for=\"wp-block-search__input-1\"  style=\"font-size: 20px\"><strong>Suchen<\/strong><\/label><div class=\"wp-block-search__inside-wrapper\" ><input class=\"wp-block-search__input\" id=\"wp-block-search__input-1\" placeholder=\"\" value=\"\" type=\"search\" name=\"s\" required  style=\"font-size: 20px\"\/><button aria-label=\"Suchen\" class=\"wp-block-search__button wp-element-button\" type=\"submit\"  style=\"font-size: 20px\">Suchen<\/button><\/div><\/form>\n\n\n<div style=\"height:30px\" aria-hidden=\"true\" class=\"wp-block-spacer\"><\/div>\n\n\n\n<div class=\"wp-block-columns is-layout-flex wp-container-core-columns-is-layout-9d6595d7 wp-block-columns-is-layout-flex\">\n<div class=\"wp-block-column is-layout-flow wp-block-column-is-layout-flow\">\n<p class=\"has-text-align-left\"><strong>Wegweiser<\/strong><\/p>\n\n\n\n<p><a href=\"https:\/\/museum-der-philosophie.de\/\">Startseite<\/a><br><a href=\"https:\/\/museum-der-philosophie.de\/?page_id=3109\" data-type=\"page\" data-id=\"3109\">Themen und Objekte<\/a><br><a href=\"https:\/\/museum-der-philosophie.de\/?page_id=12381\" data-type=\"page\" data-id=\"12381\">Ideen und Ereignisse<\/a><br><a href=\"https:\/\/museum-der-philosophie.de\/?page_id=9393#a0\" data-type=\"page\" data-id=\"9393\">Was gibt&#8217;s Neues<\/a><br><a href=\"https:\/\/museum-der-philosophie.de\/?page_id=11208#a0\" data-type=\"page\" data-id=\"11208\">Kalenderblatt<\/a><\/p>\n\n\n\n<p>Das Museum<br>\u2022 <a href=\"https:\/\/museum-der-philosophie.de\/?page_id=1336\" data-type=\"page\" data-id=\"1336\">\u00dcber uns<\/a><br>\u2022 <a href=\"https:\/\/museum-der-philosophie.de\/?p=13711\" data-type=\"post\" data-id=\"13711\">Bildschirmdarstellung<\/a><br>\u2022 <a href=\"https:\/\/museum-der-philosophie.de\/?page_id=9363\" data-type=\"page\" data-id=\"9363\">Partner und Unterst\u00fctzer<\/a><br>\u2022 <a href=\"https:\/\/museum-der-philosophie.de\/?page_id=2054\" data-type=\"page\" data-id=\"2054\">Mitmachen<\/a><br>\u2022 <a href=\"https:\/\/museum-der-philosophie.de\/?page_id=7106\" data-type=\"page\" data-id=\"7106\">Newsletter<\/a><\/p>\n\n\n\n<p class=\"has-text-align-left\"><strong>R\u00e4ume<\/strong><\/p>\n\n\n\n<p><a href=\"https:\/\/museum-der-philosophie.de\/?page_id=561#a0\" data-type=\"page\" data-id=\"561\">Empfangshalle<\/a><br><a href=\"https:\/\/museum-der-philosophie.de\/?page_id=3140\" data-type=\"page\" data-id=\"3140\">Sonderausstellung<\/a><br><a href=\"https:\/\/museum-der-philosophie.de\/?page_id=688\" data-type=\"page\" data-id=\"688\">Ruhmeshalle<\/a><br><a href=\"https:\/\/museum-der-philosophie.de\/?page_id=1171\" data-type=\"page\" data-id=\"1171\">Bibliothek<\/a><br><a href=\"https:\/\/museum-der-philosophie.de\/?page_id=3375\" data-type=\"page\" data-id=\"3375\">Zitaten-Schatzkammer<\/a><br><a href=\"https:\/\/museum-der-philosophie.de\/?page_id=838\" data-type=\"page\" data-id=\"838\">Kids&#8216; Philosophy<\/a><br><a href=\"https:\/\/museum-der-philosophie.de\/?page_id=6128\" data-type=\"page\" data-id=\"6128\">Kinosaal<\/a><br><a href=\"https:\/\/museum-der-philosophie.de\/?page_id=1959\" data-type=\"page\" data-id=\"1959\">Debattenraum<\/a><\/p>\n\n\n\n<p><a href=\"https:\/\/museum-der-philosophie.de\/?page_id=1900\" data-type=\"page\" data-id=\"1900\">G\u00e4stebuch<\/a><\/p>\n\n\n\n<p><a href=\"https:\/\/museum-der-philosophie.de\/?page_id=1375\" data-type=\"page\" data-id=\"1375\">Rechtliches \/ Impressum<\/a><\/p>\n<\/div>\n<\/div>\n<\/div><button class=\"uagb-modal-popup-close\" aria-label=\"Close Modal\"><svg xmlns=\"https:\/\/www.w3.org\/2000\/svg\" viewBox=\"0 0 320 512\"><path d=\"M310.6 361.4c12.5 12.5 12.5 32.75 0 45.25C304.4 412.9 296.2 416 288 416s-16.38-3.125-22.62-9.375L160 301.3L54.63 406.6C48.38 412.9 40.19 416 32 416S15.63 412.9 9.375 406.6c-12.5-12.5-12.5-32.75 0-45.25l105.4-105.4L9.375 150.6c-12.5-12.5-12.5-32.75 0-45.25s32.75-12.5 45.25 0L160 210.8l105.4-105.4c12.5-12.5 32.75-12.5 45.25 0s12.5 32.75 0 45.25l-105.4 105.4L310.6 361.4z\"><\/path><\/svg><\/button><\/div><\/div><\/div>\n\n\n\n<div class=\"wp-block-uagb-container uag-hide-desktop uag-hide-tab uagb-block-6afda995 alignfull uagb-is-root-container\"><div class=\"uagb-container-inner-blocks-wrap\">\n<p class=\"has-text-align-center has-white-color has-luminous-vivid-orange-background-color has-text-color has-background has-link-color uag-hide-desktop uag-hide-tab wp-elements-604b59db84068a3d44a47482301b3412\">Dies ist eine vereinfachte Darstellung f\u00fcr Mobiltelefone.<br>Die originalgetreue Wiedergabe des Exponats ist nur auf Bildschirm oder Tablet m\u00f6glich.<\/p>\n<\/div><\/div>\n\n\n\n<div id=\"a0\" class=\"wp-block-uagb-container uagb-block-ae6d3886 default uagb-is-root-container\">\n<div class=\"wp-block-uagb-container uagb-block-309d4a35\">\n<div class=\"wp-block-uagb-container uag-hide-mob uagb-block-55d7099b\">\n<div class=\"wp-block-uagb-modal uagb-block-8075ad28 uagb-modal-wrapper\" data-escpress=\"enable\" data-overlayclick=\"enable\"><img decoding=\"async\" src=\"https:\/\/museum-der-philosophie.de\/wp-content\/uploads\/2024\/11\/2000px-Hamburger_icon.svg1_-400x400.png\" alt=\"\" class=\"uagb-modal-trigger\" width=\"400\" height=\"400\" loading=\"lazy\"\/><div class=\"uagb-effect-default uagb-modal-popup uagb-block-8075ad28 uagb-modal-type-undefined\"><div class=\"uagb-modal-popup-wrap\"><div class=\"uagb-modal-popup-content\"><form role=\"search\" method=\"get\" action=\"https:\/\/museum-der-philosophie.de\/\" class=\"wp-block-search__button-outside wp-block-search__text-button wp-block-search\"    ><label class=\"wp-block-search__label\" for=\"wp-block-search__input-2\"  style=\"font-size: 20px\"><strong>Suchen<\/strong><\/label><div class=\"wp-block-search__inside-wrapper\" ><input class=\"wp-block-search__input\" id=\"wp-block-search__input-2\" placeholder=\"\" value=\"\" type=\"search\" name=\"s\" required  style=\"font-size: 20px\"\/><button aria-label=\"Suchen\" class=\"wp-block-search__button wp-element-button\" type=\"submit\"  style=\"font-size: 20px\">Suchen<\/button><\/div><\/form>\n\n\n<div style=\"height:30px\" aria-hidden=\"true\" class=\"wp-block-spacer\"><\/div>\n\n\n\n<div class=\"wp-block-columns is-layout-flex wp-container-core-columns-is-layout-9d6595d7 wp-block-columns-is-layout-flex\">\n<div class=\"wp-block-column is-layout-flow wp-block-column-is-layout-flow\" style=\"font-size:18px\">\n<p class=\"has-text-align-left\" style=\"font-size:20px\"><strong>Wegweiser<\/strong><\/p>\n\n\n\n<p style=\"font-size:20px\"><a href=\"https:\/\/museum-der-philosophie.de\/\">Startseite<\/a><\/p>\n\n\n\n<p style=\"font-size:20px\"><a href=\"https:\/\/museum-der-philosophie.de\/?page_id=561#a11\" data-type=\"page\" data-id=\"561\">Wegweiser<\/a><\/p>\n\n\n\n<p style=\"font-size:20px\"><a href=\"https:\/\/museum-der-philosophie.de\/?page_id=3109\" data-type=\"page\" data-id=\"3109\">Themen und Objekte<\/a><\/p>\n\n\n\n<p style=\"font-size:20px\"><a href=\"https:\/\/museum-der-philosophie.de\/?page_id=12381\">Ideen und Ereignisse<\/a><\/p>\n\n\n\n<p style=\"font-size:20px\"><a href=\"https:\/\/museum-der-philosophie.de\/?page_id=9393#a0\" data-type=\"page\" data-id=\"9393\">Was gibt&#8217;s Neues<\/a><\/p>\n\n\n\n<p style=\"font-size:20px\"><a href=\"https:\/\/museum-der-philosophie.de\/?page_id=11208#a0\" data-type=\"page\" data-id=\"11208\">Kalenderblatt<\/a><\/p>\n<\/div>\n\n\n\n<div class=\"wp-block-column is-layout-flow wp-block-column-is-layout-flow\">\n<p class=\"has-text-align-left\" style=\"font-size:20px\"><strong>R\u00e4ume<\/strong><\/p>\n\n\n\n<p style=\"font-size:20px\"><a href=\"https:\/\/museum-der-philosophie.de\/?page_id=561#a0\" data-type=\"page\" data-id=\"561\">Empfangshalle<\/a><\/p>\n\n\n\n<p style=\"font-size:20px\"><a href=\"https:\/\/museum-der-philosophie.de\/?page_id=3140\" data-type=\"page\" data-id=\"3140\">Sonderausstellung<\/a><\/p>\n\n\n\n<p style=\"font-size:20px\"><a href=\"https:\/\/museum-der-philosophie.de\/?page_id=688\" data-type=\"page\" data-id=\"688\">Ruhmeshalle<\/a><\/p>\n\n\n\n<p style=\"font-size:20px\"><a href=\"https:\/\/museum-der-philosophie.de\/?page_id=14612\" data-type=\"page\" data-id=\"688\">Kunstgalerie<\/a><\/p>\n\n\n\n<p style=\"font-size:20px\"><a href=\"https:\/\/museum-der-philosophie.de\/?page_id=1171\" data-type=\"page\" data-id=\"1171\">Bibliothek<\/a><\/p>\n\n\n\n<p style=\"font-size:20px\"><a href=\"https:\/\/museum-der-philosophie.de\/?page_id=3375\" data-type=\"page\" data-id=\"3375\">Zitaten-Schatzkammer<\/a><\/p>\n\n\n\n<p style=\"font-size:20px\"><a href=\"https:\/\/museum-der-philosophie.de\/?page_id=838\" data-type=\"page\" data-id=\"838\">Kids&#8216; Philosophy<\/a><\/p>\n\n\n\n<p style=\"font-size:20px\"><a href=\"https:\/\/museum-der-philosophie.de\/?page_id=6128\" data-type=\"page\" data-id=\"6128\">Kinosaal<\/a><\/p>\n\n\n\n<p style=\"font-size:20px\"><a href=\"https:\/\/museum-der-philosophie.de\/?page_id=1959\" data-type=\"page\" data-id=\"1959\">Debattenraum<\/a><\/p>\n<\/div>\n\n\n\n<div class=\"wp-block-column is-layout-flow wp-block-column-is-layout-flow\">\n<p style=\"font-size:20px\"><strong>Das Museum<\/strong><\/p>\n\n\n\n<p style=\"font-size:20px\"><a href=\"https:\/\/museum-der-philosophie.de\/?page_id=1336\" data-type=\"page\" data-id=\"1336\">\u00dcber uns<\/a><\/p>\n\n\n\n<p style=\"font-size:20px\"><a href=\"https:\/\/museum-der-philosophie.de\/?p=13711\" data-type=\"post\" data-id=\"13711\">Bildschirmdarstellung<\/a><\/p>\n\n\n\n<p style=\"font-size:20px\"><a href=\"https:\/\/museum-der-philosophie.de\/?page_id=9363\" data-type=\"page\" data-id=\"9363\">Partner und Unterst\u00fctzer<\/a><\/p>\n\n\n\n<p style=\"font-size:20px\"><a href=\"https:\/\/museum-der-philosophie.de\/?page_id=2054\" data-type=\"page\" data-id=\"2054\">Mitmachen<\/a><\/p>\n\n\n\n<p style=\"font-size:20px\"><a href=\"https:\/\/museum-der-philosophie.de\/?page_id=7106\" data-type=\"page\" data-id=\"7106\">Newsletter<\/a><\/p>\n\n\n\n<p style=\"font-size:20px\"><a href=\"https:\/\/museum-der-philosophie.de\/?page_id=1375\" data-type=\"page\" data-id=\"1375\">Rechtliches \/ Impressum<\/a><\/p>\n\n\n\n<p style=\"font-size:20px\"><strong><mark style=\"background-color:rgba(0, 0, 0, 0)\" class=\"has-inline-color has-luminous-vivid-orange-color\">Bitte trage dich in unser<br><a href=\"https:\/\/museum-der-philosophie.de\/?page_id=1900\" data-type=\"page\" data-id=\"1900\">G\u00e4stebuch<\/a> ein.<br>\u00dcber ein paar Zeilen w\u00fcrden wir uns sehr freuen.<\/mark><\/strong><\/p>\n<\/div>\n<\/div>\n<\/div><button class=\"uagb-modal-popup-close\" aria-label=\"Close Modal\"><svg xmlns=\"https:\/\/www.w3.org\/2000\/svg\" viewBox=\"0 0 320 512\"><path d=\"M310.6 361.4c12.5 12.5 12.5 32.75 0 45.25C304.4 412.9 296.2 416 288 416s-16.38-3.125-22.62-9.375L160 301.3L54.63 406.6C48.38 412.9 40.19 416 32 416S15.63 412.9 9.375 406.6c-12.5-12.5-12.5-32.75 0-45.25l105.4-105.4L9.375 150.6c-12.5-12.5-12.5-32.75 0-45.25s32.75-12.5 45.25 0L160 210.8l105.4-105.4c12.5-12.5 32.75-12.5 45.25 0s12.5 32.75 0 45.25l-105.4 105.4L310.6 361.4z\"><\/path><\/svg><\/button><\/div><\/div><\/div>\n\n\n\n<div class=\"wp-block-uagb-advanced-heading uagb-block-3c927f7b\"><div class=\"uagb-heading-text\">Men\u00fc<\/div><\/div>\n<\/div>\n\n\n\n<div class=\"wp-block-uagb-container uagb-block-27f57c07\">\n<div class=\"wp-block-uagb-container uagb-block-54910ede\">\n<div class=\"wp-block-uagb-advanced-heading uagb-block-383f54a2\"><h2 class=\"uagb-heading-text\"><strong><strong>\u00c9milie du Ch\u00e2telet<\/strong><\/strong><br><a href=\"#a1\"><\/a><\/h2><p class=\"uagb-desc-text\"><strong>* <\/strong>17.12.1706 in Paris<br>\u2020 10.09.1749 in Lun\u00e9ville  <br>war eine franz\u00f6sische Mathematikerin, Physikerin und Philosophin, die als eine der bemerkenswertesten Intellektuellen der Aufkl\u00e4rung gilt. <\/p><\/div>\n\n\n\n<p class=\"has-black-color has-text-color has-link-color wp-elements-7f7c069052f81fda433c74a10b86df8d\" style=\"font-size:14px\">Hintergrund: Ch\u00e2teau de Cirey (Zeitgen\u00f6ssische Lithografie)<br><br>Portr\u00e4t \u00c9milie du Ch\u00e2telet<br>Maurice Quentin de La Tour (undatiert)<br><br>Zitat Luise Gottsched<br>&#8222;Zwei Schriften&#8220; (1741)<\/p>\n<\/div>\n<\/div>\n<\/div>\n\n\n\n<div class=\"wp-block-uagb-container uag-hide-mob uag-blocks-common-selector uagb-block-fd294d21\">\n<div class=\"wp-block-uagb-container uagb-block-c107189d\">\n<div class=\"wp-block-uagb-container uagb-block-66b35823\"><\/div>\n\n\n\n<div class=\"wp-block-uagb-container uagb-block-d26817aa\">\n<div class=\"wp-block-uagb-image aligncenter uagb-block-3aeb7dcb wp-block-uagb-image--layout-default wp-block-uagb-image--effect-static wp-block-uagb-image--align-center\"><figure class=\"wp-block-uagb-image__figure\"><img decoding=\"async\" srcset=\"https:\/\/museum-der-philosophie.de\/wp-content\/uploads\/2024\/12\/Mme_du_Chatelet-de-la-Tour.png ,https:\/\/museum-der-philosophie.de\/wp-content\/uploads\/2024\/12\/Mme_du_Chatelet-de-la-Tour.png 780w, https:\/\/museum-der-philosophie.de\/wp-content\/uploads\/2024\/12\/Mme_du_Chatelet-de-la-Tour.png 360w\" sizes=\"auto, (max-width: 480px) 150px\" src=\"https:\/\/museum-der-philosophie.de\/wp-content\/uploads\/2024\/12\/Mme_du_Chatelet-de-la-Tour.png\" alt=\"\" class=\"uag-image-13771\" width=\"487\" height=\"634\" title=\"Mme_du_Chatelet de la Tour\" loading=\"lazy\" role=\"img\"\/><\/figure><\/div>\n<\/div>\n\n\n\n<div class=\"wp-block-uagb-container uagb-block-3f0622d6\">\n<div class=\"wp-block-uagb-testimonial uagb-slick-carousel uagb-tm__arrow-outside uagb-block-3f3ce948\"><div class=\"is-carousel uagb-tm__columns-1 uagb-tm__items\"><div class=\"uagb-testimonial__wrap  uagb-tm__imgicon-style-circle uagb-tm__image-position-bottom uagb-tm__bg-type-color \"><div class=\"uagb-tm__content\"><div class=\"uagb-tm__overlay\"><\/div><div class=\"uagb-tm__text-wrap\"><div class=\"uagb-tm__desc\"><br><br><em><em><strong>Der gl\u00fccklichste Mensch ist derjenige, der am wenigsten die Ver\u00e4nderung seines Zustands w\u00fcnscht.<\/strong><\/em><\/em><br><br><\/div><div class=\"uagb-tm__meta-inner\"><div class=\"uagb-testimonial-details\"><span class=\"uagb-tm__author-name\"><\/span><span class=\"uagb-tm__company\">Diskurs \u00fcber das Gl\u00fcck<\/span><\/div><\/div><\/div><\/div><\/div><div class=\"uagb-testimonial__wrap  uagb-tm__imgicon-style-circle uagb-tm__image-position-bottom uagb-tm__bg-type-color \"><div class=\"uagb-tm__content\"><div class=\"uagb-tm__overlay\"><\/div><div class=\"uagb-tm__text-wrap\"><div class=\"uagb-tm__desc\"><br><br><br><strong><em>Je weniger unser Gl\u00fcck in der Abh\u00e4ngigkeit von anderen liegt, desto leichter f\u00e4llt es uns, gl\u00fccklich zu sein.<\/em><\/strong><br><br><\/div><div class=\"uagb-tm__meta-inner\"><div class=\"uagb-testimonial-details\"><span class=\"uagb-tm__author-name\"> <\/span><span class=\"uagb-tm__company\">Diskurs \u00fcber das Gl\u00fcck<\/span><\/div><\/div><\/div><\/div><\/div><div class=\"uagb-testimonial__wrap  uagb-tm__imgicon-style-circle uagb-tm__image-position-bottom uagb-tm__bg-type-color \"><div class=\"uagb-tm__content\"><div class=\"uagb-tm__overlay\"><\/div><div class=\"uagb-tm__text-wrap\"><div class=\"uagb-tm__desc\"><strong><em>Um gl\u00fccklich zu sein, muss man f\u00fcr Illusionen anf\u00e4llig sein; denn die meisten unserer Freuden verdanken wir der Illusion, und ungl\u00fccklich ist, wer sie verliert.<\/em><\/strong><\/div><div class=\"uagb-tm__meta-inner\"><div class=\"uagb-testimonial-details\"><span class=\"uagb-tm__author-name\"><\/span><span class=\"uagb-tm__company\">Diskurs \u00fcber das Gl\u00fcck<\/span><\/div><\/div><\/div><\/div><\/div><div class=\"uagb-testimonial__wrap  uagb-tm__imgicon-style-circle uagb-tm__image-position-bottom uagb-tm__bg-type-color \"><div class=\"uagb-tm__content\"><div class=\"uagb-tm__overlay\"><\/div><div class=\"uagb-tm__text-wrap\"><div class=\"uagb-tm__desc\"><br><br><em><strong>Wer Vorurteile \u00e4u\u00dfert, hat eine Meinung, die er ohne Pr\u00fcfung \u00fcbernommen hat, weil sie sich nicht halten l\u00e4sst.<\/strong><\/em><br><br><\/div><div class=\"uagb-tm__meta-inner\"><div class=\"uagb-testimonial-details\"><span class=\"uagb-tm__author-name\"><\/span><span class=\"uagb-tm__company\">Diskurs \u00fcber das Gl\u00fcck<\/span><\/div><\/div><\/div><\/div><\/div><div class=\"uagb-testimonial__wrap  uagb-tm__imgicon-style-circle uagb-tm__image-position-bottom uagb-tm__bg-type-color \"><div class=\"uagb-tm__content\"><div class=\"uagb-tm__overlay\"><\/div><div class=\"uagb-tm__text-wrap\"><div class=\"uagb-tm__desc\"><br><strong><em>Unsere Sinne stumpfen durch S\u00e4ttigung leicht ab, und wir m\u00fcssen Gott daf\u00fcr danken, dass er uns die Entbehrungen gegeben hat, die n\u00f6tig sind, um sie zu erhalten.<\/em><\/strong><br><\/div><div class=\"uagb-tm__meta-inner\"><div class=\"uagb-testimonial-details\"><span class=\"uagb-tm__author-name\">John Doe<\/span><span class=\"uagb-tm__company\">Diskurs \u00fcber das Gl\u00fcck<\/span><\/div><\/div><\/div><\/div><\/div><div class=\"uagb-testimonial__wrap  uagb-tm__imgicon-style-circle uagb-tm__image-position-bottom uagb-tm__bg-type-color \"><div class=\"uagb-tm__content\"><div class=\"uagb-tm__overlay\"><\/div><div class=\"uagb-tm__text-wrap\"><div class=\"uagb-tm__desc\"><strong><em>Die Weisheit muss immer die F\u00e4den in der Hand halten; denn wer weise sagt, meint gl\u00fccklich, zumindest in meinem W\u00f6rterbuch.<\/em><\/strong><\/div><div class=\"uagb-tm__meta-inner\"><div class=\"uagb-testimonial-details\"><span class=\"uagb-tm__author-name\">John Doe<\/span><span class=\"uagb-tm__company\">Diskurs \u00fcber das Gl\u00fcck<\/span><\/div><\/div><\/div><\/div><\/div><\/div><\/div>\n\n\n\n<div class=\"wp-block-uagb-advanced-heading uagb-block-c51e3751\"><div class=\"uagb-heading-text\">Du, die Du jetzt den Ruhm des Vaterlandes st\u00fctzest, <br>Frau! die Du ihm weit mehr als tausend M\u00e4nner n\u00fctztest, <br>Erhabne Chatelet!<br>o fahre ferner fort <br>Der Wahrheit nachzugehn.<\/div><p class=\"uagb-desc-text\">Luise Gottsched<\/p><\/div>\n<\/div>\n<\/div>\n<\/div>\n\n\n\n<div class=\"wp-block-uagb-container uag-blocks-common-selector uagb-block-55348c87\">\n<div class=\"wp-block-uagb-container uagb-block-425ef6a5\">\n<div class=\"wp-block-uagb-container uagb-block-27e976ec\">\n<div class=\"wp-block-uagb-modal uagb-block-db450c86 uagb-modal-wrapper\" data-escpress=\"enable\" data-overlayclick=\"enable\"><img decoding=\"async\" src=\"https:\/\/museum-der-philosophie.de\/wp-content\/uploads\/2024\/03\/Biografie3.png\" alt=\"\" class=\"uagb-modal-trigger\" width=\"249\" height=\"212\" loading=\"lazy\"\/><div class=\"uagb-effect-default uagb-modal-popup uagb-block-db450c86 uagb-modal-type-undefined\"><div class=\"uagb-modal-popup-wrap\"><div class=\"uagb-modal-popup-content\"><div class=\"wp-block-image\">\n<figure class=\"alignright size-full is-resized\"><img loading=\"lazy\" decoding=\"async\" width=\"400\" height=\"512\" src=\"https:\/\/museum-der-philosophie.de\/wp-content\/uploads\/2024\/12\/Le_Tonnelier_de_Breteuil_Emilie1.jpg\" alt=\"\" class=\"wp-image-13755\" style=\"width:404px;height:auto\" srcset=\"https:\/\/museum-der-philosophie.de\/wp-content\/uploads\/2024\/12\/Le_Tonnelier_de_Breteuil_Emilie1.jpg 400w, https:\/\/museum-der-philosophie.de\/wp-content\/uploads\/2024\/12\/Le_Tonnelier_de_Breteuil_Emilie1-150x192.jpg 150w\" sizes=\"auto, (max-width: 400px) 100vw, 400px\" \/><figcaption class=\"wp-element-caption\">Gem\u00e4lde von Marianne Loir (um 1748)<\/figcaption><\/figure>\n<\/div>\n\n\n<p>Geboren als Gabrielle \u00c9milie Le Tonnelier de Breteuil am 17. Dezember 1706 in Paris, wuchs sie in einer wohlhabenden und einflussreichen Familie auf. Ihr Vater, ein H\u00f6fling am franz\u00f6sischen K\u00f6nigshof, erkannte fr\u00fch ihre au\u00dfergew\u00f6hnliche Begabung und f\u00f6rderte ihre Ausbildung \u2013 ein ungew\u00f6hnlicher Schritt in einer Zeit, in der Frauen nur selten Zugang zu h\u00f6herer Bildung hatten. \u00c9milie erhielt Unterricht in Mathematik, Physik, Fremdsprachen und Literatur. Ihre Sprachbegabung war beeindruckend: Neben Franz\u00f6sisch sprach sie flie\u00dfend Latein, Italienisch, Englisch und Deutsch.<\/p>\n\n\n\n<p>1725 heiratete sie den Marquis Florent-Claude du Ch\u00e2telet, eine Verbindung, die ihr den Titel Marquise de Ch\u00e2telet einbrachte. Obwohl ihre Ehe weitgehend formell blieb, erm\u00f6glichte sie \u00c9milie, sich ihren intellektuellen Interessen zu widmen. Nach der Geburt ihrer drei Kinder vertiefte sie ihre Studien, insbesondere in Mathematik und Physik, und begann, wissenschaftliche und philosophische Werke zu schreiben.<\/p>\n\n\n<div class=\"wp-block-image\">\n<figure class=\"alignleft size-large is-resized\"><img loading=\"lazy\" decoding=\"async\" width=\"1170\" height=\"739\" src=\"https:\/\/museum-der-philosophie.de\/wp-content\/uploads\/2024\/12\/chatelet-voltaire-Cirey-1-1170x739.jpg\" alt=\"\" class=\"wp-image-13739\" style=\"width:403px;height:auto\" srcset=\"https:\/\/museum-der-philosophie.de\/wp-content\/uploads\/2024\/12\/chatelet-voltaire-Cirey-1-1170x739.jpg 1170w, https:\/\/museum-der-philosophie.de\/wp-content\/uploads\/2024\/12\/chatelet-voltaire-Cirey-1-400x253.jpg 400w, https:\/\/museum-der-philosophie.de\/wp-content\/uploads\/2024\/12\/chatelet-voltaire-Cirey-1-150x95.jpg 150w, https:\/\/museum-der-philosophie.de\/wp-content\/uploads\/2024\/12\/chatelet-voltaire-Cirey-1-768x485.jpg 768w, https:\/\/museum-der-philosophie.de\/wp-content\/uploads\/2024\/12\/chatelet-voltaire-Cirey-1-1536x970.jpg 1536w, https:\/\/museum-der-philosophie.de\/wp-content\/uploads\/2024\/12\/chatelet-voltaire-Cirey-1-2048x1294.jpg 2048w\" sizes=\"auto, (max-width: 1170px) 100vw, 1170px\" \/><figcaption class=\"wp-element-caption\">Ch\u00e2teau de Cirey<\/figcaption><\/figure>\n<\/div>\n\n\n<p>Ein Wendepunkt in ihrem Leben war ihre Begegnung mit Voltaire, einem der f\u00fchrenden K\u00f6pfe der Aufkl\u00e4rung, mit dem sie eine intensive intellektuelle und romantische Beziehung pflegte. Gemeinsam zogen sie sich auf ein Schloss ihres Ehemanns in Cirey zur\u00fcck, wo sie eine produktive Arbeitsgemeinschaft bildeten. W\u00e4hrend Voltaire sich der Literatur und Philosophie widmete, arbeitete \u00c9milie an wissenschaftlichen Studien, insbesondere zur Physik.<\/p>\n\n\n\n<p>\u00c9milie du Ch\u00e2telets bedeutendster Beitrag zur Wissenschaft war ihre \u00dcbersetzung und Kommentierung von Isaac Newtons <em>Principia Mathematica<\/em>, die 1749 ver\u00f6ffentlicht wurde, und bis heute eine der einflussreichsten und genauesten franz\u00f6sischen Ausgaben des Werkes ist. Neben der \u00dcbersetzung f\u00fcgte sie eigene Erl\u00e4uterungen hinzu, die Newtons Gravitationstheorie mit der von Gottfried Wilhelm Leibniz entwickelten Infinitesimalrechnung verbanden. Sie trug wesentlich zur Verbreitung und Weiterentwicklung von Newtons Ideen auf dem europ\u00e4ischen Kontinent bei.<\/p>\n\n\n<div class=\"wp-block-image\">\n<figure class=\"alignright size-full is-resized\"><img loading=\"lazy\" decoding=\"async\" width=\"570\" height=\"1024\" src=\"https:\/\/museum-der-philosophie.de\/wp-content\/uploads\/2024\/12\/Du_Chatelet_Discours_Bonheur_1779_Bouillon_page1_Gallica-570x10241-1.jpg\" alt=\"\" class=\"wp-image-13756\" style=\"width:364px;height:auto\" srcset=\"https:\/\/museum-der-philosophie.de\/wp-content\/uploads\/2024\/12\/Du_Chatelet_Discours_Bonheur_1779_Bouillon_page1_Gallica-570x10241-1.jpg 570w, https:\/\/museum-der-philosophie.de\/wp-content\/uploads\/2024\/12\/Du_Chatelet_Discours_Bonheur_1779_Bouillon_page1_Gallica-570x10241-1-400x719.jpg 400w, https:\/\/museum-der-philosophie.de\/wp-content\/uploads\/2024\/12\/Du_Chatelet_Discours_Bonheur_1779_Bouillon_page1_Gallica-570x10241-1-150x269.jpg 150w\" sizes=\"auto, (max-width: 570px) 100vw, 570px\" \/><figcaption class=\"wp-element-caption\">Diskurs \u00fcber das Gl\u00fcck<\/figcaption><\/figure>\n<\/div>\n\n\n<p>Ihr wissenschaftliches Werk war jedoch nicht auf die Physik beschr\u00e4nkt. \u00c9milie besch\u00e4ftigte sich auch mit Metaphysik, Ethik und der Philosophie des Gl\u00fccks. In ihrem Buch <em>Discours sur le bonheur<\/em> (Diskurs \u00fcber das Gl\u00fcck) reflektierte sie \u00fcber die Bedingungen eines erf\u00fcllten Lebens und betonte die Bedeutung von Leidenschaft, Vernunft und intellektuellem Streben.<\/p>\n\n\n\n<p>Im Jahre 1746 wurde sie in die Akademie der Wissenschaften zu Bologna aufgenommen.<\/p>\n\n\n\n<p>\u00c9milie du Ch\u00e2telets Leben endete tragisch fr\u00fch: Sie starb am 10. September 1749 im Alter von 42 Jahren an den Folgen der Geburt ihres vierten Kindes. Sie war eine Frau, die gesellschaftliche Konventionen \u00fcberwand und eine Br\u00fccke zwischen der Naturwissenschaft und der Philosophie schlug. Ihre Leidenschaft f\u00fcr Wissen und ihre intellektuelle Brillanz inspirieren bis heute.<\/p>\n<\/div><button class=\"uagb-modal-popup-close\" aria-label=\"Close Modal\"><svg xmlns=\"https:\/\/www.w3.org\/2000\/svg\" viewBox=\"0 0 320 512\"><path d=\"M310.6 361.4c12.5 12.5 12.5 32.75 0 45.25C304.4 412.9 296.2 416 288 416s-16.38-3.125-22.62-9.375L160 301.3L54.63 406.6C48.38 412.9 40.19 416 32 416S15.63 412.9 9.375 406.6c-12.5-12.5-12.5-32.75 0-45.25l105.4-105.4L9.375 150.6c-12.5-12.5-12.5-32.75 0-45.25s32.75-12.5 45.25 0L160 210.8l105.4-105.4c12.5-12.5 32.75-12.5 45.25 0s12.5 32.75 0 45.25l-105.4 105.4L310.6 361.4z\"><\/path><\/svg><\/button><\/div><\/div><\/div>\n\n\n\n<div class=\"wp-block-uagb-modal uagb-block-c3c11420 uagb-modal-wrapper\" data-escpress=\"enable\" data-overlayclick=\"enable\"><img decoding=\"async\" src=\"https:\/\/museum-der-philosophie.de\/wp-content\/uploads\/2024\/01\/pictwerke.png\" alt=\"\" class=\"uagb-modal-trigger\" width=\"249\" height=\"193\" loading=\"lazy\"\/><div class=\"uagb-effect-default uagb-modal-popup uagb-block-c3c11420 uagb-modal-type-undefined\"><div class=\"uagb-modal-popup-wrap\"><div class=\"uagb-modal-popup-content\">\n<div class=\"wp-block-columns are-vertically-aligned-center is-layout-flex wp-container-core-columns-is-layout-9d6595d7 wp-block-columns-is-layout-flex\">\n<div class=\"wp-block-column is-vertically-aligned-center is-layout-flow wp-block-column-is-layout-flow\">\n<figure class=\"wp-block-image size-full\"><img loading=\"lazy\" decoding=\"async\" width=\"410\" height=\"310\" src=\"https:\/\/museum-der-philosophie.de\/wp-content\/uploads\/2024\/12\/institutions-chatelet.jpg\" alt=\"\" class=\"wp-image-13767\" srcset=\"https:\/\/museum-der-philosophie.de\/wp-content\/uploads\/2024\/12\/institutions-chatelet.jpg 410w, https:\/\/museum-der-philosophie.de\/wp-content\/uploads\/2024\/12\/institutions-chatelet-400x302.jpg 400w, https:\/\/museum-der-philosophie.de\/wp-content\/uploads\/2024\/12\/institutions-chatelet-150x113.jpg 150w\" sizes=\"auto, (max-width: 410px) 100vw, 410px\" \/><\/figure>\n<\/div>\n\n\n\n<div class=\"wp-block-column is-vertically-aligned-center is-layout-flow wp-block-column-is-layout-flow\">\n<div class=\"wp-block-uagb-advanced-heading uagb-block-b66aa61c\"><h2 class=\"uagb-heading-text\"><strong>Institutionen der Physik<\/strong><\/h2><p class=\"uagb-desc-text\">Die <em>Institutions de Physique<\/em> sind das Hauptwerk von \u00c9milie du Ch\u00e2telet. Die Gelehrte nutzte die Ansichten von Descartes, Isaac Newton und Leibniz und stellte sie einander gegen\u00fcber. Ihre urspr\u00fcngliche Absicht war, ihrem dreizehnj\u00e4hrigen Sohn die neuen Ideen der Physik beizubringen.<br><\/p><\/div>\n<\/div>\n<\/div>\n\n\n\n<div class=\"wp-block-columns are-vertically-aligned-center is-layout-flex wp-container-core-columns-is-layout-9d6595d7 wp-block-columns-is-layout-flex\">\n<div class=\"wp-block-column is-vertically-aligned-center is-layout-flow wp-block-column-is-layout-flow\"><div class=\"wp-block-image\">\n<figure class=\"aligncenter size-full is-resized\"><img loading=\"lazy\" decoding=\"async\" width=\"570\" height=\"1024\" src=\"https:\/\/museum-der-philosophie.de\/wp-content\/uploads\/2024\/12\/Du_Chatelet_Discours_Bonheur_1779_Bouillon_page1_Gallica-570x10241-1.jpg\" alt=\"\" class=\"wp-image-13756\" style=\"width:242px;height:auto\" srcset=\"https:\/\/museum-der-philosophie.de\/wp-content\/uploads\/2024\/12\/Du_Chatelet_Discours_Bonheur_1779_Bouillon_page1_Gallica-570x10241-1.jpg 570w, https:\/\/museum-der-philosophie.de\/wp-content\/uploads\/2024\/12\/Du_Chatelet_Discours_Bonheur_1779_Bouillon_page1_Gallica-570x10241-1-400x719.jpg 400w, https:\/\/museum-der-philosophie.de\/wp-content\/uploads\/2024\/12\/Du_Chatelet_Discours_Bonheur_1779_Bouillon_page1_Gallica-570x10241-1-150x269.jpg 150w\" sizes=\"auto, (max-width: 570px) 100vw, 570px\" \/><\/figure>\n<\/div><\/div>\n\n\n\n<div class=\"wp-block-column is-vertically-aligned-center is-layout-flow wp-block-column-is-layout-flow\">\n<div class=\"wp-block-uagb-advanced-heading uagb-block-7e068ca0\"><h2 class=\"uagb-heading-text\"><strong><strong><strong><strong>Diskurs \u00fcber das Gl\u00fcck<\/strong><\/strong><\/strong><\/strong><\/h2><p class=\"uagb-desc-text\">Der <em>Discours sur le bonheur<\/em> ist ein literarisch-philosophische Schriftwerk von . Darin versucht \u00c9milie du Ch\u00e2telet, die Idee des Gl\u00fccks zu vervollst\u00e4ndigen, indem sie den Weg gro\u00dfer Vorg\u00e4nger zu diesem Thema verfolgt: Lukrez, Pascal oder auch Seneca. Es ist ihr einziges Werk, das auch in deutscher Sprache ver\u00f6ffentlicht wurde.<\/p><\/div>\n<\/div>\n<\/div>\n<\/div><button class=\"uagb-modal-popup-close\" aria-label=\"Close Modal\"><svg xmlns=\"https:\/\/www.w3.org\/2000\/svg\" viewBox=\"0 0 320 512\"><path d=\"M310.6 361.4c12.5 12.5 12.5 32.75 0 45.25C304.4 412.9 296.2 416 288 416s-16.38-3.125-22.62-9.375L160 301.3L54.63 406.6C48.38 412.9 40.19 416 32 416S15.63 412.9 9.375 406.6c-12.5-12.5-12.5-32.75 0-45.25l105.4-105.4L9.375 150.6c-12.5-12.5-12.5-32.75 0-45.25s32.75-12.5 45.25 0L160 210.8l105.4-105.4c12.5-12.5 32.75-12.5 45.25 0s12.5 32.75 0 45.25l-105.4 105.4L310.6 361.4z\"><\/path><\/svg><\/button><\/div><\/div><\/div>\n\n\n\n<div class=\"wp-block-uagb-modal uagb-block-fc8cdfb5 uagb-modal-wrapper\" data-escpress=\"enable\" data-overlayclick=\"enable\"><img decoding=\"async\" src=\"https:\/\/museum-der-philosophie.de\/wp-content\/uploads\/2024\/03\/pictehrung3.png\" alt=\"\" class=\"uagb-modal-trigger\" width=\"249\" height=\"194\" loading=\"lazy\"\/><div class=\"uagb-effect-default uagb-modal-popup uagb-block-fc8cdfb5 uagb-modal-type-undefined\"><div class=\"uagb-modal-popup-wrap\"><div class=\"uagb-modal-popup-content\">\n<div class=\"wp-block-uagb-container uagb-block-373c0cca alignfull uagb-is-root-container\"><div class=\"uagb-container-inner-blocks-wrap\">\n<p class=\"has-text-align-center has-black-color has-text-color\" style=\"font-size:30px\"><strong>Ehrungen<\/strong><\/p>\n\n\n\n<p class=\"has-text-align-center has-black-color has-text-color\" style=\"font-size:20px\">\u00ab<em>der Vorzug des Verstandes und der Wissenschaft setzt sie \u00fcber alle \u00fcbrigen ihres Geschlechtes und auch \u00fcber einen gro\u00dfen Teil des anderen hinweg<\/em>\u00bb<br><small>Immanuel Kant<\/small><\/p>\n<\/div><\/div>\n\n\n\n<div class=\"wp-block-uagb-image uagb-block-85648b7c wp-block-uagb-image--layout-default wp-block-uagb-image--effect-static wp-block-uagb-image--align-none\"><figure class=\"wp-block-uagb-image__figure\"><img decoding=\"async\" srcset=\"https:\/\/museum-der-philosophie.de\/wp-content\/uploads\/2024\/12\/Inconnu_portrait_de_madame_Du_Chatelet_a_sa_table_de_travail_detail_chateau_de_Breteuil_-0021.jpg ,https:\/\/museum-der-philosophie.de\/wp-content\/uploads\/2024\/12\/Inconnu_portrait_de_madame_Du_Chatelet_a_sa_table_de_travail_detail_chateau_de_Breteuil_-0021.jpg 780w, https:\/\/museum-der-philosophie.de\/wp-content\/uploads\/2024\/12\/Inconnu_portrait_de_madame_Du_Chatelet_a_sa_table_de_travail_detail_chateau_de_Breteuil_-0021.jpg 360w\" sizes=\"auto, (max-width: 480px) 150px\" src=\"https:\/\/museum-der-philosophie.de\/wp-content\/uploads\/2024\/12\/Inconnu_portrait_de_madame_Du_Chatelet_a_sa_table_de_travail_detail_chateau_de_Breteuil_-0021.jpg\" alt=\"\" class=\"uag-image-13746\" width=\"500\" height=\"490\" title=\"Inconnu,_portrait_de_madame_Du_Ch\u00e2telet_\u00e0_sa_table_de_travail,_d\u00e9tail_(ch\u00e2teau_de_Breteuil)_-002[1]\" loading=\"lazy\" role=\"img\"\/><figcaption class=\"uagb-image-caption\">\u00c9milie du Ch\u00e2telet,<br>Maurice Quentin de La Tour (undat.)<\/figcaption><\/figure><\/div>\n\n\n\n<div class=\"wp-block-columns are-vertically-aligned-center is-layout-flex wp-container-core-columns-is-layout-9d6595d7 wp-block-columns-is-layout-flex\">\n<div class=\"wp-block-column is-vertically-aligned-center is-layout-flow wp-block-column-is-layout-flow\"><div class=\"wp-block-image\">\n<figure class=\"aligncenter size-full is-resized\"><img loading=\"lazy\" decoding=\"async\" width=\"441\" height=\"600\" src=\"https:\/\/museum-der-philosophie.de\/wp-content\/uploads\/2024\/12\/m-1119003-1_600Wx600H-JPEG1.webp\" alt=\"\" class=\"wp-image-13759\" style=\"width:226px;height:auto\" srcset=\"https:\/\/museum-der-philosophie.de\/wp-content\/uploads\/2024\/12\/m-1119003-1_600Wx600H-JPEG1.webp 441w, https:\/\/museum-der-philosophie.de\/wp-content\/uploads\/2024\/12\/m-1119003-1_600Wx600H-JPEG1-400x544.webp 400w, https:\/\/museum-der-philosophie.de\/wp-content\/uploads\/2024\/12\/m-1119003-1_600Wx600H-JPEG1-150x204.webp 150w\" sizes=\"auto, (max-width: 441px) 100vw, 441px\" \/><\/figure>\n<\/div>\n\n\n<p class=\"has-text-align-center\">Briefmarke Frankreich 2019<\/p>\n<\/div>\n\n\n\n<div class=\"wp-block-column is-vertically-aligned-center is-layout-flow wp-block-column-is-layout-flow\"><div class=\"wp-block-image\">\n<figure class=\"aligncenter size-large\"><a href=\"https:\/\/saariaho.org\/media\/pages\/works\/emilie\/a6ae99962e-1717275682\/karita-mattila-emilie-lyon-2010-jean-pierre-maurin-1440x.jpg\" target=\"_blank\" rel=\" noreferrer noopener\"><img decoding=\"async\" src=\"https:\/\/saariaho.org\/media\/pages\/works\/emilie\/a6ae99962e-1717275682\/karita-mattila-emilie-lyon-2010-jean-pierre-maurin-1440x.jpg\" alt=\"\"\/><\/a><\/figure>\n<\/div>\n\n\n<p>Die finnische Komponistin&nbsp;Kaija Saariaho&nbsp;schuf 2010 die Oper &#8222;\u00c9milie&#8220;, die sich dem Leben von \u00c9milie du Ch\u00e2telet widmet.<\/p>\n<\/div>\n\n\n\n<div class=\"wp-block-column is-layout-flow wp-block-column-is-layout-flow\"><div class=\"wp-block-image\">\n<figure class=\"aligncenter size-large is-resized\"><img decoding=\"async\" src=\"https:\/\/upload.wikimedia.org\/wikipedia\/commons\/1\/10\/Danilova_crater_on_Venus.jpg\" alt=\"\" style=\"width:230px\"\/><\/figure>\n<\/div>\n\n\n<p>Der Venuskrater <em>du Chatelet<\/em> wurde nach ihr benannt.<\/p>\n<\/div>\n<\/div>\n\n\n\n<div class=\"wp-block-uagb-container uagb-block-dcfc14b0 alignfull uagb-is-root-container\"><div class=\"uagb-container-inner-blocks-wrap\">\n<p class=\"has-text-align-center has-black-color has-text-color\" style=\"font-size:20px\">\u00ab<em>Sie war ein gro\u00dfer Mann, dessen einziger Fehler es war, eine Frau zu sein.<\/em>\u00bb<br><small>Voltaire<\/small><\/p>\n<\/div><\/div>\n\n\n\n<p class=\"has-small-font-size\"><strong>Zitatnachweis<\/strong><br>Immanuel Kant: zit. nach<a href=\"https:\/\/de.wikipedia.org\/wiki\/%C3%89milie_du_Ch%C3%A2telet#Als_gebildete_Frau_in_einer_M%C3%A4nnerwelt\" target=\"_blank\" rel=\"noreferrer noopener\"> Wikipedia<\/a><br>Voltaire: zugeschrieben, nicht belegt<\/p>\n<\/div><button class=\"uagb-modal-popup-close\" aria-label=\"Close Modal\"><svg xmlns=\"https:\/\/www.w3.org\/2000\/svg\" viewBox=\"0 0 320 512\"><path d=\"M310.6 361.4c12.5 12.5 12.5 32.75 0 45.25C304.4 412.9 296.2 416 288 416s-16.38-3.125-22.62-9.375L160 301.3L54.63 406.6C48.38 412.9 40.19 416 32 416S15.63 412.9 9.375 406.6c-12.5-12.5-12.5-32.75 0-45.25l105.4-105.4L9.375 150.6c-12.5-12.5-12.5-32.75 0-45.25s32.75-12.5 45.25 0L160 210.8l105.4-105.4c12.5-12.5 32.75-12.5 45.25 0s12.5 32.75 0 45.25l-105.4 105.4L310.6 361.4z\"><\/path><\/svg><\/button><\/div><\/div><\/div>\n<\/div>\n<\/div>\n<\/div>\n<\/div>\n","protected":false},"excerpt":{"rendered":"<p>\u00c9milie du Ch\u00e2telet war eine franz\u00f6sische Mathematikerin, Physikerin und Philosophin, die als eine der bemerkenswertesten Intellektuellen der Aufkl\u00e4rung gilt. <\/p>\n","protected":false},"author":1,"featured_media":13746,"comment_status":"closed","ping_status":"closed","sticky":false,"template":"template-page-builder-no-header-footer.php","format":"standard","meta":{"_uag_custom_page_level_css":"","footnotes":""},"categories":[76],"tags":[96,92,140,185],"class_list":["post-13740","post","type-post","status-publish","format-standard","has-post-thumbnail","hentry","category-portraets","tag-aufklaerung","tag-barock","tag-frauen","tag-voltaire"],"featured_image_src":"https:\/\/museum-der-philosophie.de\/wp-content\/uploads\/2024\/12\/Inconnu_portrait_de_madame_Du_Chatelet_a_sa_table_de_travail_detail_chateau_de_Breteuil_-0021.jpg","author_info":{"display_name":"Klaus F\u00fcrst","author_link":"https:\/\/museum-der-philosophie.de\/?author=1"},"uagb_featured_image_src":{"full":["https:\/\/museum-der-philosophie.de\/wp-content\/uploads\/2024\/12\/Inconnu_portrait_de_madame_Du_Chatelet_a_sa_table_de_travail_detail_chateau_de_Breteuil_-0021.jpg",500,490,false],"thumbnail":["https:\/\/museum-der-philosophie.de\/wp-content\/uploads\/2024\/12\/Inconnu_portrait_de_madame_Du_Chatelet_a_sa_table_de_travail_detail_chateau_de_Breteuil_-0021-150x147.jpg",150,147,true],"medium":["https:\/\/museum-der-philosophie.de\/wp-content\/uploads\/2024\/12\/Inconnu_portrait_de_madame_Du_Chatelet_a_sa_table_de_travail_detail_chateau_de_Breteuil_-0021-400x392.jpg",400,392,true],"medium_large":["https:\/\/museum-der-philosophie.de\/wp-content\/uploads\/2024\/12\/Inconnu_portrait_de_madame_Du_Chatelet_a_sa_table_de_travail_detail_chateau_de_Breteuil_-0021.jpg",500,490,false],"large":["https:\/\/museum-der-philosophie.de\/wp-content\/uploads\/2024\/12\/Inconnu_portrait_de_madame_Du_Chatelet_a_sa_table_de_travail_detail_chateau_de_Breteuil_-0021.jpg",500,490,false],"1536x1536":["https:\/\/museum-der-philosophie.de\/wp-content\/uploads\/2024\/12\/Inconnu_portrait_de_madame_Du_Chatelet_a_sa_table_de_travail_detail_chateau_de_Breteuil_-0021.jpg",500,490,false],"2048x2048":["https:\/\/museum-der-philosophie.de\/wp-content\/uploads\/2024\/12\/Inconnu_portrait_de_madame_Du_Chatelet_a_sa_table_de_travail_detail_chateau_de_Breteuil_-0021.jpg",500,490,false],"education-zone-banner":["https:\/\/museum-der-philosophie.de\/wp-content\/uploads\/2024\/12\/Inconnu_portrait_de_madame_Du_Chatelet_a_sa_table_de_travail_detail_chateau_de_Breteuil_-0021.jpg",500,490,false],"education-zone-image-full":["https:\/\/museum-der-philosophie.de\/wp-content\/uploads\/2024\/12\/Inconnu_portrait_de_madame_Du_Chatelet_a_sa_table_de_travail_detail_chateau_de_Breteuil_-0021-500x458.jpg",500,458,true],"education-zone-image":["https:\/\/museum-der-philosophie.de\/wp-content\/uploads\/2024\/12\/Inconnu_portrait_de_madame_Du_Chatelet_a_sa_table_de_travail_detail_chateau_de_Breteuil_-0021-500x458.jpg",500,458,true],"education-zone-recent-post":["https:\/\/museum-der-philosophie.de\/wp-content\/uploads\/2024\/12\/Inconnu_portrait_de_madame_Du_Chatelet_a_sa_table_de_travail_detail_chateau_de_Breteuil_-0021-70x70.jpg",70,70,true],"education-zone-search-result":["https:\/\/museum-der-philosophie.de\/wp-content\/uploads\/2024\/12\/Inconnu_portrait_de_madame_Du_Chatelet_a_sa_table_de_travail_detail_chateau_de_Breteuil_-0021-246x246.jpg",246,246,true],"education-zone-featured-course":["https:\/\/museum-der-philosophie.de\/wp-content\/uploads\/2024\/12\/Inconnu_portrait_de_madame_Du_Chatelet_a_sa_table_de_travail_detail_chateau_de_Breteuil_-0021-276x276.jpg",276,276,true],"education-zone-testimonial":["https:\/\/museum-der-philosophie.de\/wp-content\/uploads\/2024\/12\/Inconnu_portrait_de_madame_Du_Chatelet_a_sa_table_de_travail_detail_chateau_de_Breteuil_-0021-125x125.jpg",125,125,true],"education-zone-blog-full":["https:\/\/museum-der-philosophie.de\/wp-content\/uploads\/2024\/12\/Inconnu_portrait_de_madame_Du_Chatelet_a_sa_table_de_travail_detail_chateau_de_Breteuil_-0021-500x480.jpg",500,480,true],"wpvr_mobile":["https:\/\/museum-der-philosophie.de\/wp-content\/uploads\/2024\/12\/Inconnu_portrait_de_madame_Du_Chatelet_a_sa_table_de_travail_detail_chateau_de_Breteuil_-0021.jpg",500,490,false]},"uagb_author_info":{"display_name":"Klaus F\u00fcrst","author_link":"https:\/\/museum-der-philosophie.de\/?author=1"},"uagb_comment_info":0,"uagb_excerpt":"\u00c9milie du Ch\u00e2telet war eine franz\u00f6sische Mathematikerin, Physikerin und Philosophin, die als eine der bemerkenswertesten Intellektuellen der Aufkl\u00e4rung gilt.","_links":{"self":[{"href":"https:\/\/museum-der-philosophie.de\/index.php?rest_route=\/wp\/v2\/posts\/13740","targetHints":{"allow":["GET"]}}],"collection":[{"href":"https:\/\/museum-der-philosophie.de\/index.php?rest_route=\/wp\/v2\/posts"}],"about":[{"href":"https:\/\/museum-der-philosophie.de\/index.php?rest_route=\/wp\/v2\/types\/post"}],"author":[{"embeddable":true,"href":"https:\/\/museum-der-philosophie.de\/index.php?rest_route=\/wp\/v2\/users\/1"}],"replies":[{"embeddable":true,"href":"https:\/\/museum-der-philosophie.de\/index.php?rest_route=%2Fwp%2Fv2%2Fcomments&post=13740"}],"version-history":[{"count":30,"href":"https:\/\/museum-der-philosophie.de\/index.php?rest_route=\/wp\/v2\/posts\/13740\/revisions"}],"predecessor-version":[{"id":14023,"href":"https:\/\/museum-der-philosophie.de\/index.php?rest_route=\/wp\/v2\/posts\/13740\/revisions\/14023"}],"wp:featuredmedia":[{"embeddable":true,"href":"https:\/\/museum-der-philosophie.de\/index.php?rest_route=\/wp\/v2\/media\/13746"}],"wp:attachment":[{"href":"https:\/\/museum-der-philosophie.de\/index.php?rest_route=%2Fwp%2Fv2%2Fmedia&parent=13740"}],"wp:term":[{"taxonomy":"category","embeddable":true,"href":"https:\/\/museum-der-philosophie.de\/index.php?rest_route=%2Fwp%2Fv2%2Fcategories&post=13740"},{"taxonomy":"post_tag","embeddable":true,"href":"https:\/\/museum-der-philosophie.de\/index.php?rest_route=%2Fwp%2Fv2%2Ftags&post=13740"}],"curies":[{"name":"wp","href":"https:\/\/api.w.org\/{rel}","templated":true}]}}