{"id":15564,"date":"2025-04-25T13:39:26","date_gmt":"2025-04-25T11:39:26","guid":{"rendered":"https:\/\/museum-der-philosophie.de\/?p=15564"},"modified":"2025-04-26T12:42:14","modified_gmt":"2025-04-26T10:42:14","slug":"laura-bassi-2","status":"publish","type":"post","link":"https:\/\/museum-der-philosophie.de\/?p=15564","title":{"rendered":"Baruch de Spinoza"},"content":{"rendered":"\n<div class=\"wp-block-uagb-container uag-hide-desktop uag-hide-tab uagb-block-6afda995 alignfull uagb-is-root-container\"><div class=\"uagb-container-inner-blocks-wrap\">\n<div class=\"wp-block-uagb-modal uagb-block-40cd57cd uagb-modal-wrapper uag-hide-desktop uag-hide-tab\" data-escpress=\"enable\" data-overlayclick=\"enable\"><img decoding=\"async\" src=\"https:\/\/museum-der-philosophie.de\/wp-content\/uploads\/2024\/11\/2000px-Hamburger_icon.svg1_-150x150.png\" alt=\"\" class=\"uagb-modal-trigger\" width=\"150\" height=\"150\" loading=\"lazy\"\/><div class=\"uagb-effect-default uagb-modal-popup uagb-block-40cd57cd uagb-modal-type-undefined\"><div class=\"uagb-modal-popup-wrap\"><div class=\"uagb-modal-popup-content\"><form role=\"search\" method=\"get\" action=\"https:\/\/museum-der-philosophie.de\/\" class=\"wp-block-search__button-outside wp-block-search__text-button wp-block-search\"    ><label class=\"wp-block-search__label\" for=\"wp-block-search__input-1\"  style=\"font-size: 20px\"><strong>Suchen<\/strong><\/label><div class=\"wp-block-search__inside-wrapper\" ><input class=\"wp-block-search__input\" id=\"wp-block-search__input-1\" placeholder=\"\" value=\"\" type=\"search\" name=\"s\" required  style=\"font-size: 20px\"\/><button aria-label=\"Suchen\" class=\"wp-block-search__button wp-element-button\" type=\"submit\"  style=\"font-size: 20px\">Suchen<\/button><\/div><\/form>\n\n\n<div style=\"height:30px\" aria-hidden=\"true\" class=\"wp-block-spacer\"><\/div>\n\n\n\n<div class=\"wp-block-columns is-layout-flex wp-container-core-columns-is-layout-9d6595d7 wp-block-columns-is-layout-flex\">\n<div class=\"wp-block-column is-layout-flow wp-block-column-is-layout-flow\">\n<p class=\"has-text-align-left\"><strong>Wegweiser<\/strong><\/p>\n\n\n\n<p><a href=\"https:\/\/museum-der-philosophie.de\/\">Startseite<\/a><br><a href=\"https:\/\/museum-der-philosophie.de\/?page_id=3109\" data-type=\"page\" data-id=\"3109\">Themen und Objekte<\/a><br><a href=\"https:\/\/museum-der-philosophie.de\/?page_id=12381\" data-type=\"page\" data-id=\"12381\">Ideen und Ereignisse<\/a><br><a href=\"https:\/\/museum-der-philosophie.de\/?page_id=9393#a0\" data-type=\"page\" data-id=\"9393\">Was gibt&#8217;s Neues<\/a><br><a href=\"https:\/\/museum-der-philosophie.de\/?page_id=11208#a0\" data-type=\"page\" data-id=\"11208\">Kalenderblatt<\/a><\/p>\n\n\n\n<p>Das Museum<br>\u2022 <a href=\"https:\/\/museum-der-philosophie.de\/?page_id=1336\" data-type=\"page\" data-id=\"1336\">\u00dcber uns<\/a><br>\u2022 <a href=\"https:\/\/museum-der-philosophie.de\/?p=13711\" data-type=\"post\" data-id=\"13711\">Bildschirmdarstellung<\/a><br>\u2022 <a href=\"https:\/\/museum-der-philosophie.de\/?page_id=9363\" data-type=\"page\" data-id=\"9363\">Partner und Unterst\u00fctzer<\/a><br>\u2022 <a href=\"https:\/\/museum-der-philosophie.de\/?page_id=2054\" data-type=\"page\" data-id=\"2054\">Mitmachen<\/a><br>\u2022 <a href=\"https:\/\/museum-der-philosophie.de\/?page_id=7106\" data-type=\"page\" data-id=\"7106\">Newsletter<\/a><\/p>\n\n\n\n<p class=\"has-text-align-left\"><strong>R\u00e4ume<\/strong><\/p>\n\n\n\n<p><a href=\"https:\/\/museum-der-philosophie.de\/?page_id=561#a0\" data-type=\"page\" data-id=\"561\">Empfangshalle<\/a><br><a href=\"https:\/\/museum-der-philosophie.de\/?page_id=3140\" data-type=\"page\" data-id=\"3140\">Sonderausstellung<\/a><br><a href=\"https:\/\/museum-der-philosophie.de\/?page_id=688\" data-type=\"page\" data-id=\"688\">Ruhmeshalle<\/a><br><a href=\"https:\/\/museum-der-philosophie.de\/?page_id=1171\" data-type=\"page\" data-id=\"1171\">Bibliothek<\/a><br><a href=\"https:\/\/museum-der-philosophie.de\/?page_id=3375\" data-type=\"page\" data-id=\"3375\">Zitaten-Schatzkammer<\/a><br><a href=\"https:\/\/museum-der-philosophie.de\/?page_id=838\" data-type=\"page\" data-id=\"838\">Kids&#8216; Philosophy<\/a><br><a href=\"https:\/\/museum-der-philosophie.de\/?page_id=6128\" data-type=\"page\" data-id=\"6128\">Kinosaal<\/a><br><a href=\"https:\/\/museum-der-philosophie.de\/?page_id=1959\" data-type=\"page\" data-id=\"1959\">Debattenraum<\/a><\/p>\n\n\n\n<p><a href=\"https:\/\/museum-der-philosophie.de\/?page_id=1900\" data-type=\"page\" data-id=\"1900\">G\u00e4stebuch<\/a><\/p>\n\n\n\n<p><a href=\"https:\/\/museum-der-philosophie.de\/?page_id=1375\" data-type=\"page\" data-id=\"1375\">Rechtliches \/ Impressum<\/a><\/p>\n<\/div>\n<\/div>\n<\/div><button class=\"uagb-modal-popup-close\" aria-label=\"Close Modal\"><svg xmlns=\"https:\/\/www.w3.org\/2000\/svg\" viewBox=\"0 0 320 512\"><path d=\"M310.6 361.4c12.5 12.5 12.5 32.75 0 45.25C304.4 412.9 296.2 416 288 416s-16.38-3.125-22.62-9.375L160 301.3L54.63 406.6C48.38 412.9 40.19 416 32 416S15.63 412.9 9.375 406.6c-12.5-12.5-12.5-32.75 0-45.25l105.4-105.4L9.375 150.6c-12.5-12.5-12.5-32.75 0-45.25s32.75-12.5 45.25 0L160 210.8l105.4-105.4c12.5-12.5 32.75-12.5 45.25 0s12.5 32.75 0 45.25l-105.4 105.4L310.6 361.4z\"><\/path><\/svg><\/button><\/div><\/div><\/div>\n\n\n\n<p class=\"has-text-align-center has-white-color has-luminous-vivid-orange-background-color has-text-color has-background has-link-color uag-hide-desktop uag-hide-tab wp-elements-604b59db84068a3d44a47482301b3412\">Dies ist eine vereinfachte Darstellung f\u00fcr Mobiltelefone.<br>Die originalgetreue Wiedergabe des Exponats ist nur auf Bildschirm oder Tablet m\u00f6glich.<\/p>\n<\/div><\/div>\n\n\n\n<div data-aos= \"fade\" data-aos-duration=\"400\" data-aos-delay=\"0\" data-aos-easing=\"ease\" data-aos-once=\"true\" id=\"a0\" class=\"wp-block-uagb-container uagb-block-696f8583 default uagb-is-root-container\">\n<div class=\"wp-block-uagb-container uagb-block-15fb0590\">\n<div class=\"wp-block-uagb-container uag-hide-mob uagb-block-30ae4036\">\n<div class=\"wp-block-uagb-container uag-hide-mob uagb-block-d6948682 alignfull uagb-is-root-container\"><div class=\"uagb-container-inner-blocks-wrap\">\n<div class=\"wp-block-uagb-container uagb-block-55d7099b\">\n<div class=\"wp-block-uagb-modal uagb-block-8075ad28 uagb-modal-wrapper\" data-escpress=\"enable\" data-overlayclick=\"enable\"><img decoding=\"async\" src=\"https:\/\/museum-der-philosophie.de\/wp-content\/uploads\/2024\/11\/2000px-Hamburger_icon.svg1_-400x400.png\" alt=\"\" class=\"uagb-modal-trigger\" width=\"400\" height=\"400\" loading=\"lazy\"\/><div class=\"uagb-effect-default uagb-modal-popup uagb-block-8075ad28 uagb-modal-type-undefined\"><div class=\"uagb-modal-popup-wrap\"><div class=\"uagb-modal-popup-content\"><form role=\"search\" method=\"get\" action=\"https:\/\/museum-der-philosophie.de\/\" class=\"wp-block-search__button-outside wp-block-search__text-button wp-block-search\"    ><label class=\"wp-block-search__label\" for=\"wp-block-search__input-2\"  style=\"font-size: 20px\"><strong>Suchen<\/strong><\/label><div class=\"wp-block-search__inside-wrapper\" ><input class=\"wp-block-search__input\" id=\"wp-block-search__input-2\" placeholder=\"\" value=\"\" type=\"search\" name=\"s\" required  style=\"font-size: 20px\"\/><button aria-label=\"Suchen\" class=\"wp-block-search__button wp-element-button\" type=\"submit\"  style=\"font-size: 20px\">Suchen<\/button><\/div><\/form>\n\n\n<div style=\"height:30px\" aria-hidden=\"true\" class=\"wp-block-spacer\"><\/div>\n\n\n\n<div class=\"wp-block-columns is-layout-flex wp-container-core-columns-is-layout-9d6595d7 wp-block-columns-is-layout-flex\">\n<div class=\"wp-block-column is-layout-flow wp-block-column-is-layout-flow\" style=\"font-size:18px\">\n<p class=\"has-text-align-left\" style=\"font-size:20px\"><strong>Wegweiser<\/strong><\/p>\n\n\n\n<p style=\"font-size:20px\"><a href=\"https:\/\/museum-der-philosophie.de\/\">Startseite<\/a><\/p>\n\n\n\n<p style=\"font-size:20px\"><a href=\"https:\/\/museum-der-philosophie.de\/?page_id=561#a11\" data-type=\"page\" data-id=\"561\">Wegweiser<\/a><\/p>\n\n\n\n<p style=\"font-size:20px\"><a href=\"https:\/\/museum-der-philosophie.de\/?page_id=3109\" data-type=\"page\" data-id=\"3109\">Themen und Objekte<\/a><\/p>\n\n\n\n<p style=\"font-size:20px\"><a href=\"https:\/\/museum-der-philosophie.de\/?page_id=12381\">Ideen und Ereignisse<\/a><\/p>\n\n\n\n<p style=\"font-size:20px\"><a href=\"https:\/\/museum-der-philosophie.de\/?page_id=9393#a0\" data-type=\"page\" data-id=\"9393\">Was gibt&#8217;s Neues<\/a><\/p>\n\n\n\n<p style=\"font-size:20px\"><a href=\"https:\/\/museum-der-philosophie.de\/?page_id=11208#a0\" data-type=\"page\" data-id=\"11208\">Kalenderblatt<\/a><\/p>\n<\/div>\n\n\n\n<div class=\"wp-block-column is-layout-flow wp-block-column-is-layout-flow\">\n<p class=\"has-text-align-left\" style=\"font-size:20px\"><strong>R\u00e4ume<\/strong><\/p>\n\n\n\n<p style=\"font-size:20px\"><a href=\"https:\/\/museum-der-philosophie.de\/?page_id=561#a0\" data-type=\"page\" data-id=\"561\">Empfangshalle<\/a><\/p>\n\n\n\n<p style=\"font-size:20px\"><a href=\"https:\/\/museum-der-philosophie.de\/?page_id=3140\" data-type=\"page\" data-id=\"3140\">Sonderausstellung<\/a><\/p>\n\n\n\n<p style=\"font-size:20px\"><a href=\"https:\/\/museum-der-philosophie.de\/?page_id=688\" data-type=\"page\" data-id=\"688\">Ruhmeshalle<\/a><\/p>\n\n\n\n<p style=\"font-size:20px\"><a href=\"https:\/\/museum-der-philosophie.de\/?page_id=14612\" data-type=\"page\" data-id=\"688\">Kunstgalerie<\/a><\/p>\n\n\n\n<p style=\"font-size:20px\"><a href=\"https:\/\/museum-der-philosophie.de\/?page_id=1171\" data-type=\"page\" data-id=\"1171\">Bibliothek<\/a><\/p>\n\n\n\n<p style=\"font-size:20px\"><a href=\"https:\/\/museum-der-philosophie.de\/?page_id=3375\" data-type=\"page\" data-id=\"3375\">Zitaten-Schatzkammer<\/a><\/p>\n\n\n\n<p style=\"font-size:20px\"><a href=\"https:\/\/museum-der-philosophie.de\/?page_id=838\" data-type=\"page\" data-id=\"838\">Kids&#8216; Philosophy<\/a><\/p>\n\n\n\n<p style=\"font-size:20px\"><a href=\"https:\/\/museum-der-philosophie.de\/?page_id=6128\" data-type=\"page\" data-id=\"6128\">Kinosaal<\/a><\/p>\n\n\n\n<p style=\"font-size:20px\"><a href=\"https:\/\/museum-der-philosophie.de\/?page_id=1959\" data-type=\"page\" data-id=\"1959\">Debattenraum<\/a><\/p>\n<\/div>\n\n\n\n<div class=\"wp-block-column is-layout-flow wp-block-column-is-layout-flow\">\n<p style=\"font-size:20px\"><strong>Das Museum<\/strong><\/p>\n\n\n\n<p style=\"font-size:20px\"><a href=\"https:\/\/museum-der-philosophie.de\/?page_id=1336\" data-type=\"page\" data-id=\"1336\">\u00dcber uns<\/a><\/p>\n\n\n\n<p style=\"font-size:20px\"><a href=\"https:\/\/museum-der-philosophie.de\/?p=13711\" data-type=\"post\" data-id=\"13711\">Bildschirmdarstellung<\/a><\/p>\n\n\n\n<p style=\"font-size:20px\"><a href=\"https:\/\/museum-der-philosophie.de\/?page_id=9363\" data-type=\"page\" data-id=\"9363\">Partner und Unterst\u00fctzer<\/a><\/p>\n\n\n\n<p style=\"font-size:20px\"><a href=\"https:\/\/museum-der-philosophie.de\/?page_id=2054\" data-type=\"page\" data-id=\"2054\">Mitmachen<\/a><\/p>\n\n\n\n<p style=\"font-size:20px\"><a href=\"https:\/\/museum-der-philosophie.de\/?page_id=7106\" data-type=\"page\" data-id=\"7106\">Newsletter<\/a><\/p>\n\n\n\n<p style=\"font-size:20px\"><a href=\"https:\/\/museum-der-philosophie.de\/?page_id=1375\" data-type=\"page\" data-id=\"1375\">Rechtliches \/ Impressum<\/a><\/p>\n\n\n\n<p style=\"font-size:20px\"><strong><mark style=\"background-color:rgba(0, 0, 0, 0)\" class=\"has-inline-color has-luminous-vivid-orange-color\">Bitte trage dich in unser<br><a href=\"https:\/\/museum-der-philosophie.de\/?page_id=1900\" data-type=\"page\" data-id=\"1900\">G\u00e4stebuch<\/a> ein.<br>\u00dcber ein paar Zeilen w\u00fcrden wir uns sehr freuen.<\/mark><\/strong><\/p>\n<\/div>\n<\/div>\n<\/div><button class=\"uagb-modal-popup-close\" aria-label=\"Close Modal\"><svg xmlns=\"https:\/\/www.w3.org\/2000\/svg\" viewBox=\"0 0 320 512\"><path d=\"M310.6 361.4c12.5 12.5 12.5 32.75 0 45.25C304.4 412.9 296.2 416 288 416s-16.38-3.125-22.62-9.375L160 301.3L54.63 406.6C48.38 412.9 40.19 416 32 416S15.63 412.9 9.375 406.6c-12.5-12.5-12.5-32.75 0-45.25l105.4-105.4L9.375 150.6c-12.5-12.5-12.5-32.75 0-45.25s32.75-12.5 45.25 0L160 210.8l105.4-105.4c12.5-12.5 32.75-12.5 45.25 0s12.5 32.75 0 45.25l-105.4 105.4L310.6 361.4z\"><\/path><\/svg><\/button><\/div><\/div><\/div>\n<\/div>\n\n\n\n<div class=\"wp-block-uagb-container uag-hide-mob uagb-block-409a2407 alignfull uagb-is-root-container\"><div class=\"uagb-container-inner-blocks-wrap\">\n<div class=\"wp-block-uagb-advanced-heading uagb-block-f62181c7\"><div class=\"uagb-heading-text\">Men\u00fc<\/div><\/div>\n<\/div><\/div>\n<\/div><\/div>\n<\/div>\n\n\n\n<div class=\"wp-block-uagb-container uag-blocks-common-selector uagb-block-f876f3ec\">\n<div class=\"wp-block-uagb-advanced-heading uagb-block-b4e4c12a\"><h2 class=\"uagb-heading-text\">Baruch de Spinoza<\/h2><p class=\"uagb-desc-text\">* 24.11.1632 in Amsterdam<br>\u2020 21.02.1677 in Den Haag<br> war ein niederl\u00e4ndischer Philosoph des 17. Jahrhunderts, der zu den bedeutendsten Vertretern der rationalistischen Philosophie z\u00e4hlt. Seine Gedanken hatten einen tiefgreifenden Einfluss auf die europ\u00e4ische Aufkl\u00e4rung, die moderne Bibelkritik sowie die Entwicklung der Philosophie im Allgemeinen.<br>&nbsp;<\/p><\/div>\n\n\n\n<div class=\"wp-block-uagb-container uagb-block-25349f25\">\n<div class=\"wp-block-uagb-container uagb-block-a5587f82\">\n<div class=\"wp-block-uagb-modal uagb-block-5e6a2ee8 uagb-modal-wrapper\" data-escpress=\"enable\" data-overlayclick=\"enable\"><img decoding=\"async\" src=\"https:\/\/museum-der-philosophie.de\/wp-content\/uploads\/2024\/03\/Biografie3.png\" alt=\"\" class=\"uagb-modal-trigger\" width=\"249\" height=\"212\" loading=\"lazy\"\/><div class=\"uagb-effect-default uagb-modal-popup uagb-block-5e6a2ee8 uagb-modal-type-undefined\"><div class=\"uagb-modal-popup-wrap\"><div class=\"uagb-modal-popup-content\"><div class=\"wp-block-image\">\n<figure class=\"alignright size-full\"><img loading=\"lazy\" decoding=\"async\" width=\"348\" height=\"450\" src=\"https:\/\/museum-der-philosophie.de\/wp-content\/uploads\/2025\/04\/Baruch_Spinoza_031.jpg\" alt=\"\" class=\"wp-image-15587\" srcset=\"https:\/\/museum-der-philosophie.de\/wp-content\/uploads\/2025\/04\/Baruch_Spinoza_031.jpg 348w, https:\/\/museum-der-philosophie.de\/wp-content\/uploads\/2025\/04\/Baruch_Spinoza_031-150x194.jpg 150w\" sizes=\"auto, (max-width: 348px) 100vw, 348px\" \/><figcaption class=\"wp-element-caption\">Es gibt kein bekanntes authentisches Portr\u00e4t von Spinoza.&nbsp;Daher ist es nicht m\u00f6glich zu sagen, wie er wirklich aussah.<\/figcaption><\/figure>\n<\/div>\n\n\n<p>Spinoza wurde am 24. November 1632 in Amsterdam geboren. Sein hebr\u00e4ischer Name war Baruch, was \u201eder Gesegnete\u201c bedeutet. Nach seinem Bruch mit der j\u00fcdischen Gemeinde latinisierte er seinen Namen zu Benedictus.<br>Seine Familie stammte aus Portugal und geh\u00f6rte zur sephardischen j\u00fcdischen Gemeinde, die vor der Inquisition nach Holland gefl\u00fcchtet war. Schon fr\u00fch erhielt er eine traditionelle j\u00fcdische Erziehung, zeigte jedoch gro\u00dfes Interesse an Wissenschaft, Philosophie und der rationalistischen Denkweise seiner Zeit. Besonders beeinflusst wurde er durch Ren\u00e9 Descartes, dessen dualistisches Weltbild er jedoch sp\u00e4ter ablehnte.<\/p>\n\n\n\n<p>Spinozas kritische Haltung gegen\u00fcber der j\u00fcdischen Religion und seine neuartigen theologischen Ansichten f\u00fchrten 1656 zu seinem Ausschluss (Cherem) aus der j\u00fcdischen Gemeinde von Amsterdam. <\/p>\n\n\n\n<p>Die Cherem gegen Spinoza war besonders heftig formuliert \u2013 sie sprach von \u201eFluch am Tag und Fluch bei Nacht\u201c, was sehr ungew\u00f6hnlich war. Die genauen Gr\u00fcnde sind nicht dokumentiert, aber es wird vermutet, dass seine Thesen \u00fcber die Nicht-W\u00f6rtlichkeit der Bibel und \u00fcber Gott als unpers\u00f6nliche Substanz den Ausschlag gaben. Diese Ma\u00dfnahme bewirkte, dass Spinoza aus der Gemeinschaft versto\u00dfen und gemieden wurde. <\/p>\n\n\n\n<p>Dennoch blieb Spinoza seinem philosophischen Weg treu und lebte fortan zur\u00fcckgezogen an verschiedenen Orten, zuletzt in Den Haag. Seinen Lebensunterhalt verdiente er mit dem Schleifen optischer Linsen, ein Handwerk, das ihm zugleich Kontakt zu Wissenschaftlern seiner Zeit erm\u00f6glichte. Er pflegte einen regen Briefwechsel mit bedeutenden Gelehrten, darunter Gottfried Wilhelm Leibniz, der ihn sogar pers\u00f6nlich in Den Haag besuchte. <\/p>\n\n\n\n<p>Trotz seines Rufes als brillanter Denker lehnte Spinoza mehrere akademische Angebote ab, darunter eine Professur in Heidelberg. Er f\u00fcrchtete, seine intellektuelle Freiheit k\u00f6nnte eingeschr\u00e4nkt werden, sollte er an einer offiziellen Institution arbeiten.<\/p>\n\n\n\n<p>Spinoza starb am 21. Februar 1677 in Den Haag, wahrscheinlich an den Folgen einer Lungenerkrankung.<\/p>\n\n\n\n<p>Heute gilt Spinoza als Vordenker eines aufgekl\u00e4rten, rationalen Weltbildes, als Wegbereiter moderner Toleranzideen und als einer der tiefgr\u00fcndigsten Philosophen der westlichen Geistesgeschichte.<\/p>\n<\/div><button class=\"uagb-modal-popup-close\" aria-label=\"Close Modal\"><svg xmlns=\"https:\/\/www.w3.org\/2000\/svg\" viewBox=\"0 0 320 512\"><path d=\"M310.6 361.4c12.5 12.5 12.5 32.75 0 45.25C304.4 412.9 296.2 416 288 416s-16.38-3.125-22.62-9.375L160 301.3L54.63 406.6C48.38 412.9 40.19 416 32 416S15.63 412.9 9.375 406.6c-12.5-12.5-12.5-32.75 0-45.25l105.4-105.4L9.375 150.6c-12.5-12.5-12.5-32.75 0-45.25s32.75-12.5 45.25 0L160 210.8l105.4-105.4c12.5-12.5 32.75-12.5 45.25 0s12.5 32.75 0 45.25l-105.4 105.4L310.6 361.4z\"><\/path><\/svg><\/button><\/div><\/div><\/div>\n<\/div>\n\n\n\n<div class=\"wp-block-uagb-container uagb-block-5b569f9e\">\n<div class=\"wp-block-uagb-modal uagb-block-e88364ec uagb-modal-wrapper\" data-escpress=\"enable\" data-overlayclick=\"enable\"><img decoding=\"async\" src=\"https:\/\/museum-der-philosophie.de\/wp-content\/uploads\/2023\/11\/3-punkte.gif\" alt=\"\" class=\"uagb-modal-trigger\" width=\"300\" height=\"184\" loading=\"lazy\"\/><div class=\"uagb-effect-default uagb-modal-popup uagb-block-e88364ec uagb-modal-type-undefined\"><div class=\"uagb-modal-popup-wrap\"><div class=\"uagb-modal-popup-content\">\n<p class=\"has-text-align-center\" style=\"font-size:16px\"><strong>aus Wilhelm Weischedel &#8222;Die philosophische Hintertreppe&#8220; Verlag: dtv M\u00fcnchen 1988<\/strong><\/p>\n\n\n\n<p>Wollte man in der Geschichte der Philosophie denjenigen Denker aufsuchen, auf den am meisten Beschimpfungen geh\u00e4uft werden, so ist kein Zweifel: es ist Spinoza. Sein Schicksal, geschm\u00e4ht zu werden, beginnt schon zu seinen Lebzeiten, und es setzt sich noch lange fort. Ein Leipziger Professor der Philosophie, der bekannte Thomasius, redet von Spinoza als einem \u00bblichtscheuen Schreiber\u00ab, einem \u00bbl\u00e4sternden Erz Juden und v\u00f6lligen Atheisten\u00ab, einem \u00bbscheu\u00dflichen Ungeheuer\u00ab. Ein anderer namens Dippel, zu seiner Zeit ein hochber\u00fchmter Mann, Arzt und Chemiker, wei\u00df sich nicht genug zu tun in Schimpfworten: \u00bbder dumme Teufel\u00ab, \u00bbder blinde Gaukler\u00ab, \u00bbder verblendete Tropf\u00ab, der \u00bbNarr, der das Tollhaus billig meritiert\u00ab, \u00bbdieser wahnwitzige und gleichsam trunkene Mensch\u00ab, der \u00bbphilosophischen Lumpenkram\u00ab, \u00bbgaukelhafte Alfanzereien\u00ab betreibt, voll der \u00bblahmsten und elendsten Fratzen\u00ab \u2013 so geht es Seite um Seite in einem dickleibigen Buch. Wo aber der Mediziner und Chemiker spricht, kann der Mathematiker und Physiker nicht schweigen. So braucht denn auch der N\u00fcrnberger Professor Sturm die gleiche Sprache und redet von Spinoza als einem \u00bbelenden Wicht\u00ab, einem \u00bbausl\u00e4ndischen Tier\u00ab, einem Menschen, voll von \u00bbfluchw\u00fcrdigen Anschauungen\u00ab. F\u00fcr dergleichen Schm\u00e4hungen mu\u00df alles herhalten, die Werke Spinozas ebenso wie sein Lebenswandel. Wenn man aber an diesem nicht viel Tadelnswertes finden kann, werden selbst so harmlose Dinge, wie da\u00df Spinoza des Nachts zu arbeiten pflegt, zum Anla\u00df der Beschimpfung; wenigstens kann sich einer der Biographen diese Tatsache nicht anders erkl\u00e4ren, als da\u00df Spinoza \u00bbWerke der Finsternis\u00ab betreibe. Wo aber die Finsternis heraufbeschworen wird, ist der Teufel nicht weit, und da beginnt das Feld der Theologen. So fragt denn auch einer von diesen, Musaeus, Professor der Theologie in Jena, \u00bbob wohl unter denen, die der Teufel selbst zur Vernichtung alles g\u00f6ttlichen und menschlichen Rechts gedungen hat, irgendeiner zu finden ist, der bei diesem Zerst\u00f6rungswerk t\u00e4tiger gewesen w\u00e4re als dieser zum gr\u00f6\u00dften Unheil der Kirche und des Staates geborene Betr\u00fcger\u00ab. Noch wortgewaltiger l\u00e4\u00dft sich dar\u00fcber, seinem Berufe gem\u00e4\u00df, ein Professor der Beredsamkeit aus. Er schreibt \u00fcber ein Buch Spinozas, es sei \u00bbvoll von Frevel und Gottlosigkeit, wahrlich wert, in die Finsternis der H\u00f6lle zur\u00fcckgeworfen zu werden, woraus es zum Schaden und zur Schande des Menschengeschlechts ans Licht gekommen ist. Der Erdkreis hat nicht Verderblicheres die Jahrhunderte her gesehen\u00ab. Aber selbst diese Zeitangabe will einem Getreidemakler aus Dordrecht, der sich nun unter den Chorus der Gelehrten mischt, nicht gen\u00fcgen. Nicht erst seit Jahrhunderten, sondern \u00bbsolange die Erde bestanden hat, ist noch kein heilloseres Buch erschienen\u00ab, so sehr ist es \u00bbvollgepfropft mit gelehrten Greueln\u00ab.<br>Aber auch bedeutende Geister dr\u00fccken ihren Abscheu vor Spinoza und seiner Philosophie in unmi\u00dfverst\u00e4ndlichen Worten aus. Voltaire meint, das System Spinozas sei \u00bbauf dem ungeheuerlichsten Mi\u00dfbrauch der Metaphysik aufgebaut\u00ab. Leibniz nennt eines der B\u00fccher dieses Philosophen eine \u00bbunertr\u00e4glich freche Schrift\u00ab, ein \u00bbentsetzliches\u00ab Buch. Hamann schlie\u00dflich, Zeitgenosse und Freund Kants, bezeichnet Spinoza als einen \u00bbStra\u00dfenr\u00e4uber und M\u00f6rder der gesunden Vernunft und Wissenschaft\u00ab.<br>Doch dann geschieht das Merkw\u00fcrdige: Dieser Phalanx von Hassern und Beschimpfern tritt pl\u00f6tzlich eine gro\u00dfe Zahl gl\u00fchender Bewunderer entgegen. Lessing sagt in einem Gespr\u00e4ch mit Jacobi: da \u00bbreden die Leute doch immer von Spinoza wie von einem toten Hunde\u00ab; aber \u00bbes gibt keine andere Philosophie als die Philosophie des Spinoza\u00ab. Herder schreibt an Jacobi: \u00bbIch mu\u00df gestehen, mich macht diese Philosophie sehr gl\u00fccklich\u00ab; \u00bbmir gehet das Herz auf, wenn ich von dieser leider nur allzu erhabenen Philosophie einen Laut h\u00f6re\u00ab. Goethe \u00e4u\u00dfert, er habe zu dem Menschen Spinoza \u00bbeine wahre Wut und Leidenschaft gehabt\u00ab; als er mit Frau von Stein zusammen Spinoza liest, schreibt er: \u00bbIch f\u00fchle mich ihm sehr nahe, obgleich sein Geist viel tiefer und reiner ist als der meinige.\u00ab Schleiermacher f\u00fcgt in seine \u203aReden \u00fcber die Religion\u2039 einen begeisterten Hymnus ein: \u00bbOpfert mit mir ehrerbietig eine Locke den Manen des heiligen, versto\u00dfenen Spinoza! . . . Voller Religion war er und voll heiligen Geistes.\u00ab Wie sehr die Menschen dieses Zeitalters von dem so lange verachteten Philosophen gepackt werden, daf\u00fcr gibt es schlie\u00dflich ein h\u00fcbsches Zeugnis in einem Briefe des Berliner Philosophen Karl Solger: Spinoza \u00bbbesch\u00e4ftigt beinahe meinen ganzen Vormittag, und mein Bruder hat seinem dreij\u00e4hrigen Albrecht schon beigebracht: Spinoza sei ein kluger Kerl gewesen, und Onkel Karl sage, er h\u00e4tte alles besser gewu\u00dft als die andern\u00ab.<\/p>\n\n\n\n<p><\/p>\n<\/div><button class=\"uagb-modal-popup-close\" aria-label=\"Close Modal\"><svg xmlns=\"https:\/\/www.w3.org\/2000\/svg\" viewBox=\"0 0 320 512\"><path d=\"M310.6 361.4c12.5 12.5 12.5 32.75 0 45.25C304.4 412.9 296.2 416 288 416s-16.38-3.125-22.62-9.375L160 301.3L54.63 406.6C48.38 412.9 40.19 416 32 416S15.63 412.9 9.375 406.6c-12.5-12.5-12.5-32.75 0-45.25l105.4-105.4L9.375 150.6c-12.5-12.5-12.5-32.75 0-45.25s32.75-12.5 45.25 0L160 210.8l105.4-105.4c12.5-12.5 32.75-12.5 45.25 0s12.5 32.75 0 45.25l-105.4 105.4L310.6 361.4z\"><\/path><\/svg><\/button><\/div><\/div><\/div>\n<\/div>\n<\/div>\n\n\n\n<div class=\"wp-block-uagb-container uagb-block-2feda09d\">\n<div class=\"wp-block-uagb-container uagb-block-676e9732\">\n<div class=\"wp-block-uagb-modal uagb-block-19af1049 uagb-modal-wrapper\" data-escpress=\"enable\" data-overlayclick=\"enable\"><img decoding=\"async\" src=\"https:\/\/museum-der-philosophie.de\/wp-content\/uploads\/2024\/03\/pictwerke3.png\" alt=\"\" class=\"uagb-modal-trigger\" width=\"249\" height=\"194\" loading=\"lazy\"\/><div class=\"uagb-effect-default uagb-modal-popup uagb-block-19af1049 uagb-modal-type-undefined\"><div class=\"uagb-modal-popup-wrap\"><div class=\"uagb-modal-popup-content\">\n<div class=\"wp-block-uagb-advanced-heading uagb-block-99fc3171\"><h1 class=\"uagb-heading-text\">Hauptwerke<\/h1><\/div>\n\n\n\n<div class=\"wp-block-columns are-vertically-aligned-center is-layout-flex wp-container-core-columns-is-layout-9d6595d7 wp-block-columns-is-layout-flex\">\n<div class=\"wp-block-column is-vertically-aligned-center is-layout-flow wp-block-column-is-layout-flow\">\n<figure class=\"wp-block-image size-full\"><img loading=\"lazy\" decoding=\"async\" width=\"437\" height=\"644\" src=\"https:\/\/museum-der-philosophie.de\/wp-content\/uploads\/2025\/04\/Spinoza_Tractatus_Theologico-Politicus1.jpg\" alt=\"\" class=\"wp-image-15607\" srcset=\"https:\/\/museum-der-philosophie.de\/wp-content\/uploads\/2025\/04\/Spinoza_Tractatus_Theologico-Politicus1.jpg 437w, https:\/\/museum-der-philosophie.de\/wp-content\/uploads\/2025\/04\/Spinoza_Tractatus_Theologico-Politicus1-400x589.jpg 400w, https:\/\/museum-der-philosophie.de\/wp-content\/uploads\/2025\/04\/Spinoza_Tractatus_Theologico-Politicus1-150x221.jpg 150w\" sizes=\"auto, (max-width: 437px) 100vw, 437px\" \/><\/figure>\n<\/div>\n\n\n\n<div class=\"wp-block-column is-vertically-aligned-center is-layout-flow wp-block-column-is-layout-flow\">\n<div class=\"wp-block-uagb-advanced-heading uagb-block-37895944\"><h2 class=\"uagb-heading-text\">Tractatus theologico-politicus<\/h2><p class=\"uagb-desc-text\">Der &#8222;<em>Theologisch-politische Traktat<\/em>&#8220; wurde 1670 in Amsterdam anonym ver\u00f6ffentlicht. Es handelt sich dabei um Spinozas Verteidigung der Meinungs- und Religionsfreiheit sowie eine radikale Kritik an der w\u00f6rtlichen Bibelauslegung. Spinoza sagt, dass die Heilige Schrift nicht Quelle philosophischer Wahrheit, sondern ein Mittel zur moralischen Erziehung sei. Er fordert eine Trennung von Theologie und Philosophie und pl\u00e4diert f\u00fcr einen Staat, in dem die Vernunft frei herrschen darf.<\/p><\/div>\n<\/div>\n<\/div>\n\n\n\n<div class=\"wp-block-columns are-vertically-aligned-center is-layout-flex wp-container-core-columns-is-layout-9d6595d7 wp-block-columns-is-layout-flex\">\n<div class=\"wp-block-column is-vertically-aligned-center is-layout-flow wp-block-column-is-layout-flow\">\n<figure class=\"wp-block-image size-full\"><img loading=\"lazy\" decoding=\"async\" width=\"500\" height=\"710\" src=\"https:\/\/museum-der-philosophie.de\/wp-content\/uploads\/2025\/04\/500px-Spinoza_Ethica1.jpg\" alt=\"\" class=\"wp-image-15608\" srcset=\"https:\/\/museum-der-philosophie.de\/wp-content\/uploads\/2025\/04\/500px-Spinoza_Ethica1.jpg 500w, https:\/\/museum-der-philosophie.de\/wp-content\/uploads\/2025\/04\/500px-Spinoza_Ethica1-400x568.jpg 400w, https:\/\/museum-der-philosophie.de\/wp-content\/uploads\/2025\/04\/500px-Spinoza_Ethica1-150x213.jpg 150w\" sizes=\"auto, (max-width: 500px) 100vw, 500px\" \/><\/figure>\n<\/div>\n\n\n\n<div class=\"wp-block-column is-vertically-aligned-center is-layout-flow wp-block-column-is-layout-flow\">\n<div class=\"wp-block-uagb-advanced-heading uagb-block-08579a6b\"><h2 class=\"uagb-heading-text\">Ethica, ordine geometrico demonstrata<\/h2><p class=\"uagb-desc-text\">Spinozas Hauptwerk ist die posthum ver\u00f6ffentlichte \u201c<em>Ethik<\/em>\u201d, das seine gesamte Philosophie systematisch darlegt. Darin&nbsp;entwickelt er ein monistisches System, in dem Gott nicht als personales Wesen, sondern als die eine, unendliche Substanz verstanden wird, die sich in unendlich vielen Attributen manifestiert. F\u00fcr Spinoza sind Gott und Natur identisch (\u201eDeus sive Natura\u201c); der Mensch ist Teil dieser Natur und kann nur durch Einsicht in die Notwendigkeit der Dinge Freiheit erlangen.<\/p><\/div>\n<\/div>\n<\/div>\n\n\n\n<div class=\"wp-block-columns are-vertically-aligned-center is-layout-flex wp-container-core-columns-is-layout-9d6595d7 wp-block-columns-is-layout-flex\">\n<div class=\"wp-block-column is-vertically-aligned-center is-layout-flow wp-block-column-is-layout-flow\">\n<div class=\"wp-block-uagb-advanced-heading uagb-block-d903e734\"><div class=\"uagb-heading-text\">&#8222;<em>Glaubt man bei allen Wissenschaften, die eine Anwendung haben, dass die blo\u00dfe Theorie im Widerspruch zur Praxis steht, so glaubt man dies deshalb besonders bei der Politik und erachtet niemanden f\u00fcr weniger geeignet, einen Staat zu regieren, als Theoretiker oder Philosophen.<\/em>&#8222;<\/div><\/div>\n<\/div>\n\n\n\n<div class=\"wp-block-column is-vertically-aligned-center is-layout-flow wp-block-column-is-layout-flow\">\n<div class=\"wp-block-uagb-advanced-heading uagb-block-dc5a86c7\"><h2 class=\"uagb-heading-text\">Tractatus politicus<\/h2><p class=\"uagb-desc-text\">Der \u201e<em>Politische Traktat<\/em>&#8220; ist Spinozas unvollendetes Sp\u00e4twerk, in dem er eine rationale Staatslehre entwirft. Er analysiert verschiedene Regierungsformen \u2013 Monarchie, Aristokratie und Demokratie \u2013 und kommt zu dem Schluss, dass die Demokratie der vern\u00fcnftigsten Staatsform am n\u00e4chsten kommt, da sie die Freiheit des Einzelnen am besten sch\u00fctzt. Zentral ist dabei Spinozas Gedanke, dass politische Ordnung nicht auf Tugend, sondern auf kluger Gestaltung und Kontrolle von Machtverh\u00e4ltnissen beruhen muss.<\/p><\/div>\n<\/div>\n<\/div>\n<\/div><button class=\"uagb-modal-popup-close\" aria-label=\"Close Modal\"><svg xmlns=\"https:\/\/www.w3.org\/2000\/svg\" viewBox=\"0 0 320 512\"><path d=\"M310.6 361.4c12.5 12.5 12.5 32.75 0 45.25C304.4 412.9 296.2 416 288 416s-16.38-3.125-22.62-9.375L160 301.3L54.63 406.6C48.38 412.9 40.19 416 32 416S15.63 412.9 9.375 406.6c-12.5-12.5-12.5-32.75 0-45.25l105.4-105.4L9.375 150.6c-12.5-12.5-12.5-32.75 0-45.25s32.75-12.5 45.25 0L160 210.8l105.4-105.4c12.5-12.5 32.75-12.5 45.25 0s12.5 32.75 0 45.25l-105.4 105.4L310.6 361.4z\"><\/path><\/svg><\/button><\/div><\/div><\/div>\n<\/div>\n\n\n\n<div class=\"wp-block-uagb-container uagb-block-bbf97349\">\n<div class=\"wp-block-uagb-modal uagb-block-4b41f373 uagb-modal-wrapper\" data-escpress=\"enable\" data-overlayclick=\"enable\"><img decoding=\"async\" src=\"https:\/\/museum-der-philosophie.de\/wp-content\/uploads\/2024\/03\/pictehrung3.png\" alt=\"\" class=\"uagb-modal-trigger\" width=\"249\" height=\"194\" loading=\"lazy\"\/><div class=\"uagb-effect-default uagb-modal-popup uagb-block-4b41f373 uagb-modal-type-undefined\"><div class=\"uagb-modal-popup-wrap\"><div class=\"uagb-modal-popup-content\">\n<div class=\"wp-block-uagb-advanced-heading uagb-block-8f1d9417\"><h2 class=\"uagb-heading-text\">&nbsp;Es gibt keine andre Philosophie, als die Philosophie des Spinoza.&nbsp;<\/h2><p class=\"uagb-desc-text\">Gotthold Ephraim Lessing<\/p><\/div>\n\n\n\n<div class=\"wp-block-columns are-vertically-aligned-center is-layout-flex wp-container-core-columns-is-layout-9d6595d7 wp-block-columns-is-layout-flex\">\n<div class=\"wp-block-column is-vertically-aligned-center is-layout-flow wp-block-column-is-layout-flow\" style=\"flex-basis:25%\"><div class=\"wp-block-image\">\n<figure class=\"aligncenter size-full\"><img loading=\"lazy\" decoding=\"async\" width=\"952\" height=\"1134\" src=\"https:\/\/museum-der-philosophie.de\/wp-content\/uploads\/2025\/04\/Benedictus_de_Spinoza_-_Franz_Wulfhagen_-_16641.jpg\" alt=\"\" class=\"wp-image-15561\" srcset=\"https:\/\/museum-der-philosophie.de\/wp-content\/uploads\/2025\/04\/Benedictus_de_Spinoza_-_Franz_Wulfhagen_-_16641.jpg 952w, https:\/\/museum-der-philosophie.de\/wp-content\/uploads\/2025\/04\/Benedictus_de_Spinoza_-_Franz_Wulfhagen_-_16641-400x476.jpg 400w, https:\/\/museum-der-philosophie.de\/wp-content\/uploads\/2025\/04\/Benedictus_de_Spinoza_-_Franz_Wulfhagen_-_16641-150x179.jpg 150w, https:\/\/museum-der-philosophie.de\/wp-content\/uploads\/2025\/04\/Benedictus_de_Spinoza_-_Franz_Wulfhagen_-_16641-768x915.jpg 768w\" sizes=\"auto, (max-width: 952px) 100vw, 952px\" \/><figcaption class=\"wp-element-caption\">Benedictus Spinoza &#8211; Gem\u00e4lde von Franz Wulfhagen (1664)<\/figcaption><\/figure>\n<\/div><\/div>\n\n\n\n<div class=\"wp-block-column is-vertically-aligned-center is-layout-flow wp-block-column-is-layout-flow\" style=\"flex-basis:50%\"><div class=\"wp-block-image\">\n<figure class=\"aligncenter size-full\"><img loading=\"lazy\" decoding=\"async\" width=\"1003\" height=\"768\" src=\"https:\/\/museum-der-philosophie.de\/wp-content\/uploads\/2025\/04\/1003px-Hirszenberg_Spinoza_wyklety_Excommunicated_Spinoza_19071.jpg\" alt=\"\" class=\"wp-image-15563\" srcset=\"https:\/\/museum-der-philosophie.de\/wp-content\/uploads\/2025\/04\/1003px-Hirszenberg_Spinoza_wyklety_Excommunicated_Spinoza_19071.jpg 1003w, https:\/\/museum-der-philosophie.de\/wp-content\/uploads\/2025\/04\/1003px-Hirszenberg_Spinoza_wyklety_Excommunicated_Spinoza_19071-400x306.jpg 400w, https:\/\/museum-der-philosophie.de\/wp-content\/uploads\/2025\/04\/1003px-Hirszenberg_Spinoza_wyklety_Excommunicated_Spinoza_19071-150x115.jpg 150w, https:\/\/museum-der-philosophie.de\/wp-content\/uploads\/2025\/04\/1003px-Hirszenberg_Spinoza_wyklety_Excommunicated_Spinoza_19071-768x588.jpg 768w\" sizes=\"auto, (max-width: 1003px) 100vw, 1003px\" \/><figcaption class=\"wp-element-caption\">Der exkommunizierte Spinoza &#8211; Gem\u00e4lde von Samuel Hirszenberg (1907)<\/figcaption><\/figure>\n<\/div><\/div>\n\n\n\n<div class=\"wp-block-column is-vertically-aligned-center is-layout-flow wp-block-column-is-layout-flow\" style=\"flex-basis:25%\"><div class=\"wp-block-image\">\n<figure class=\"aligncenter size-full\"><img loading=\"lazy\" decoding=\"async\" width=\"1377\" height=\"1600\" src=\"https:\/\/museum-der-philosophie.de\/wp-content\/uploads\/2023\/08\/Spinoza2.jpg\" alt=\"\" class=\"wp-image-5172\" srcset=\"https:\/\/museum-der-philosophie.de\/wp-content\/uploads\/2023\/08\/Spinoza2.jpg 1377w, https:\/\/museum-der-philosophie.de\/wp-content\/uploads\/2023\/08\/Spinoza2-400x465.jpg 400w, https:\/\/museum-der-philosophie.de\/wp-content\/uploads\/2023\/08\/Spinoza2-1170x1359.jpg 1170w, https:\/\/museum-der-philosophie.de\/wp-content\/uploads\/2023\/08\/Spinoza2-150x174.jpg 150w, https:\/\/museum-der-philosophie.de\/wp-content\/uploads\/2023\/08\/Spinoza2-768x892.jpg 768w, https:\/\/museum-der-philosophie.de\/wp-content\/uploads\/2023\/08\/Spinoza2-1322x1536.jpg 1322w\" sizes=\"auto, (max-width: 1377px) 100vw, 1377px\" \/><figcaption class=\"wp-element-caption\">Das bekannteste Spinoza-Portr\u00e4t stammt von einem unbekannten K\u00fcnstler (um 1650).<\/figcaption><\/figure>\n<\/div><\/div>\n<\/div>\n\n\n\n<div class=\"wp-block-uagb-advanced-heading uagb-block-03fd5234\"><h3 class=\"uagb-heading-text\">Dieser Geist, der so entschieden auf mich wirkte und der auf meine ganze Denkweise so gro\u00dfen Einflu\u00df haben sollte, war Spinoza. Nachdem ich mich n\u00e4mlich in aller Welt um ein Bildungsmittel meines wunderlichen Wesens vergebens umgesehn hatte, geriet ich endlich an die \u00bbEthik\u00ab dieses Mannes.<\/h3><p class=\"uagb-desc-text\">Johann Wolfgang v. Goethe<\/p><\/div>\n\n\n\n<div class=\"wp-block-columns are-vertically-aligned-center is-layout-flex wp-container-core-columns-is-layout-9d6595d7 wp-block-columns-is-layout-flex\">\n<div class=\"wp-block-column is-vertically-aligned-center is-layout-flow wp-block-column-is-layout-flow\">\n<div class=\"wp-block-uagb-image uagb-block-acbd0da7 wp-block-uagb-image--layout-default wp-block-uagb-image--effect-static wp-block-uagb-image--align-none\"><figure class=\"wp-block-uagb-image__figure\"><img decoding=\"async\"  sizes=\"auto, (max-width: 480px) 150px\" src=\"https:\/\/museum-der-philosophie.de\/wp-content\/uploads\/2025\/04\/500px-Voorburg_kunstwerk_benedictus_de_spinoza1.jpg\" alt=\"\" width=\"500\" height=\"885\" title=\"\" loading=\"lazy\" role=\"img\"\/><figcaption class=\"uagb-image-caption\">Skulptur von Rudolf Roth (1988) in Voorburg <\/figcaption><\/figure><\/div>\n<\/div>\n\n\n\n<div class=\"wp-block-column is-vertically-aligned-center is-layout-flow wp-block-column-is-layout-flow\">\n<div class=\"wp-block-uagb-image uagb-block-a7c135cb wp-block-uagb-image--layout-default wp-block-uagb-image--effect-static wp-block-uagb-image--align-none\"><figure class=\"wp-block-uagb-image__figure\"><img decoding=\"async\"  sizes=\"auto, (max-width: 480px) 150px\" src=\"https:\/\/museum-der-philosophie.de\/wp-content\/uploads\/2025\/04\/spinoza-monument-amsterdam-a.jpg\" alt=\"\" width=\"874\" height=\"1356\" title=\"\" loading=\"lazy\" role=\"img\"\/><figcaption class=\"uagb-image-caption\">Bronzestatue von Nicolas Dings (2008) in Amsterdam<\/figcaption><\/figure><\/div>\n<\/div>\n\n\n\n<div class=\"wp-block-column is-vertically-aligned-center is-layout-flow wp-block-column-is-layout-flow\">\n<div class=\"wp-block-uagb-image uagb-block-03c19079 wp-block-uagb-image--layout-default wp-block-uagb-image--effect-static wp-block-uagb-image--align-none\"><figure class=\"wp-block-uagb-image__figure\"><img decoding=\"async\"  sizes=\"auto, (max-width: 480px) 150px\" src=\"https:\/\/museum-der-philosophie.de\/wp-content\/uploads\/2025\/04\/960px-Denhaag_kunstwerk_spinoza1.jpg\" alt=\"\" width=\"960\" height=\"1245\" title=\"\" loading=\"lazy\" role=\"img\"\/><figcaption class=\"uagb-image-caption\">Statue von Fr\u00e9d\u00e9ric Hexamer (1880) Den Haag, Paviljoensgracht<\/figcaption><\/figure><\/div>\n<\/div>\n<\/div>\n\n\n\n<div class=\"wp-block-uagb-advanced-heading uagb-block-b9ada319\"><h3 class=\"uagb-heading-text\">Einen solchen Standpunkt fand Goethe fr\u00fch in Spinoza, und er erkennet mit Freuden, wie sehr die Ansichten dieses gro\u00dfen Denkers den Bed\u00fcrfnissen seiner Jugend gem\u00e4\u00df gewesen. Er fand in ihm sich selber, und so konnte er sich auch an ihm auf das sch\u00f6nste befestigen.<\/h3><p class=\"uagb-desc-text\">Johann Peter Eckermann<\/p><\/div>\n\n\n\n<div class=\"wp-block-columns are-vertically-aligned-center is-layout-flex wp-container-core-columns-is-layout-9d6595d7 wp-block-columns-is-layout-flex\">\n<div class=\"wp-block-column is-vertically-aligned-center is-layout-flow wp-block-column-is-layout-flow\">\n<div class=\"wp-block-uagb-image uagb-block-9d82a79d wp-block-uagb-image--layout-default wp-block-uagb-image--effect-static wp-block-uagb-image--align-none\"><figure class=\"wp-block-uagb-image__figure\"><img decoding=\"async\" srcset=\"https:\/\/museum-der-philosophie.de\/wp-content\/uploads\/2025\/04\/BM-spinoza-niederlande-1977.jpg ,https:\/\/museum-der-philosophie.de\/wp-content\/uploads\/2025\/04\/BM-spinoza-niederlande-1977.jpg 780w, https:\/\/museum-der-philosophie.de\/wp-content\/uploads\/2025\/04\/BM-spinoza-niederlande-1977.jpg 360w\" sizes=\"auto, (max-width: 480px) 150px\" src=\"https:\/\/museum-der-philosophie.de\/wp-content\/uploads\/2025\/04\/BM-spinoza-niederlande-1977.jpg\" alt=\"\" class=\"uag-image-15593\" width=\"203\" height=\"291\" title=\"BM spinoza niederlande 1977\" loading=\"lazy\" role=\"img\"\/><figcaption class=\"uagb-image-caption\">Briefmarke Niederlande 1977<\/figcaption><\/figure><\/div>\n<\/div>\n\n\n\n<div class=\"wp-block-column is-vertically-aligned-center is-layout-flow wp-block-column-is-layout-flow\">\n<div class=\"wp-block-uagb-image uagb-block-e8f3d4b6 wp-block-uagb-image--layout-default wp-block-uagb-image--effect-static wp-block-uagb-image--align-none\"><figure class=\"wp-block-uagb-image__figure\"><img decoding=\"async\" srcset=\"https:\/\/museum-der-philosophie.de\/wp-content\/uploads\/2025\/04\/BM-spinoza-israel-2002.jpg ,https:\/\/museum-der-philosophie.de\/wp-content\/uploads\/2025\/04\/BM-spinoza-israel-2002.jpg 780w, https:\/\/museum-der-philosophie.de\/wp-content\/uploads\/2025\/04\/BM-spinoza-israel-2002.jpg 360w\" sizes=\"auto, (max-width: 480px) 150px\" src=\"https:\/\/museum-der-philosophie.de\/wp-content\/uploads\/2025\/04\/BM-spinoza-israel-2002.jpg\" alt=\"\" class=\"uag-image-15592\" width=\"226\" height=\"299\" title=\"BM spinoza israel 2002\" loading=\"lazy\" role=\"img\"\/><figcaption class=\"uagb-image-caption\">Briefmarke Israel 2002<\/figcaption><\/figure><\/div>\n<\/div>\n\n\n\n<div class=\"wp-block-column is-vertically-aligned-center is-layout-flow wp-block-column-is-layout-flow\" style=\"flex-basis:50%\">\n<div class=\"wp-block-uagb-image uagb-block-b1555a11 wp-block-uagb-image--layout-default wp-block-uagb-image--effect-static wp-block-uagb-image--align-none\"><figure class=\"wp-block-uagb-image__figure\"><img decoding=\"async\" srcset=\"https:\/\/museum-der-philosophie.de\/wp-content\/uploads\/2025\/04\/pg-00147a1.webp ,https:\/\/museum-der-philosophie.de\/wp-content\/uploads\/2025\/04\/pg-00147a1.webp 780w, https:\/\/museum-der-philosophie.de\/wp-content\/uploads\/2025\/04\/pg-00147a1.webp 360w\" sizes=\"auto, (max-width: 480px) 150px\" src=\"https:\/\/museum-der-philosophie.de\/wp-content\/uploads\/2025\/04\/pg-00147a1.webp\" alt=\"\" class=\"uag-image-15588\" width=\"864\" height=\"409\" title=\"pg-00147a[1]\" loading=\"lazy\" role=\"img\"\/><figcaption class=\"uagb-image-caption\">Banknote Niederlande 1972<\/figcaption><\/figure><\/div>\n<\/div>\n<\/div>\n\n\n\n<div class=\"wp-block-uagb-advanced-heading uagb-block-d2477a10\"><h3 class=\"uagb-heading-text\">Bei der Lekt\u00fcre des Spinoza ergreift uns ein Gef\u00fchl wie beim Anblick der gro\u00dfen Natur in ihrer lebendigsten Ruhe. Ein Wald von himmelhohen Gedanken, deren bl\u00fchende Wipfel in wogender Bewegung sind, w\u00e4hrend die unersch\u00fctterlichen Baumst\u00e4mme in der ewigen Erde wurzeln. Es ist ein gewisser Hauch in den Schriften des Spinoza, der unerkl\u00e4rlich. Man wird angeweht wie von den L\u00fcften der Zukunft.<\/h3><p class=\"uagb-desc-text\">Heinrich Heine<\/p><\/div>\n\n\n\n<div class=\"wp-block-columns are-vertically-aligned-center is-layout-flex wp-container-core-columns-is-layout-9d6595d7 wp-block-columns-is-layout-flex\">\n<div class=\"wp-block-column is-vertically-aligned-center is-layout-flow wp-block-column-is-layout-flow\" style=\"flex-basis:66.66%\">\n<div class=\"wp-block-uagb-image uagb-block-e0ee0516 wp-block-uagb-image--layout-default wp-block-uagb-image--effect-static wp-block-uagb-image--align-none\"><figure class=\"wp-block-uagb-image__figure\"><img decoding=\"async\" srcset=\"https:\/\/museum-der-philosophie.de\/wp-content\/uploads\/2025\/04\/960px-Graf_Benedictus_de_Spinoza_Nieuwe_Kerk_Den_Haag_Nederland_-_200809061.jpg ,https:\/\/museum-der-philosophie.de\/wp-content\/uploads\/2025\/04\/960px-Graf_Benedictus_de_Spinoza_Nieuwe_Kerk_Den_Haag_Nederland_-_200809061.jpg 780w, https:\/\/museum-der-philosophie.de\/wp-content\/uploads\/2025\/04\/960px-Graf_Benedictus_de_Spinoza_Nieuwe_Kerk_Den_Haag_Nederland_-_200809061.jpg 360w\" sizes=\"auto, (max-width: 480px) 150px\" src=\"https:\/\/museum-der-philosophie.de\/wp-content\/uploads\/2025\/04\/960px-Graf_Benedictus_de_Spinoza_Nieuwe_Kerk_Den_Haag_Nederland_-_200809061.jpg\" alt=\"\" class=\"uag-image-15601\" width=\"960\" height=\"593\" title=\"960px-Graf_Benedictus_de_Spinoza,_Nieuwe_Kerk,_Den_Haag,_Nederland_-_20080906[1]\" loading=\"lazy\" role=\"img\"\/><figcaption class=\"uagb-image-caption\">Spinozas Grabst\u00e4tte in Den Haag<\/figcaption><\/figure><\/div>\n<\/div>\n\n\n\n<div class=\"wp-block-column is-vertically-aligned-center is-layout-flow wp-block-column-is-layout-flow\" style=\"flex-basis:33.33%\">\n<div class=\"wp-block-uagb-image uagb-block-f8f3c33d wp-block-uagb-image--layout-default wp-block-uagb-image--effect-static wp-block-uagb-image--align-none\"><figure class=\"wp-block-uagb-image__figure\"><img decoding=\"async\" srcset=\"https:\/\/museum-der-philosophie.de\/wp-content\/uploads\/2025\/04\/spinoza-preis.jpg ,https:\/\/museum-der-philosophie.de\/wp-content\/uploads\/2025\/04\/spinoza-preis.jpg 780w, https:\/\/museum-der-philosophie.de\/wp-content\/uploads\/2025\/04\/spinoza-preis.jpg 360w\" sizes=\"auto, (max-width: 480px) 150px\" src=\"https:\/\/museum-der-philosophie.de\/wp-content\/uploads\/2025\/04\/spinoza-preis.jpg\" alt=\"\" class=\"uag-image-15602\" width=\"763\" height=\"767\" title=\"spinoza-preis\" loading=\"lazy\" role=\"img\"\/><figcaption class=\"uagb-image-caption\">Der Spinoza-Preis ist die h\u00f6chste wissenschaftliche Auszeichnung der Niederlande.<\/figcaption><\/figure><\/div>\n<\/div>\n<\/div>\n\n\n\n<p class=\"has-small-font-size\"><strong>Bildnachweis<\/strong><br>Denkmal Amsterdam: Shane Rounce (<a href=\"https:\/\/creativecommons.org\/licenses\/by-nc-sa\/2.0\/deed.de\" target=\"_blank\" rel=\"noreferrer noopener\">CC BY-NC-SA 2.0<\/a>)<br>Skulptur Voorburg: Wikifrits (<a href=\"https:\/\/creativecommons.org\/licenses\/by-sa\/3.0\/deed.de\" target=\"_blank\" rel=\"noreferrer noopener\">CC BY-SA 3.0<\/a>)<br>Grabst\u00e4tte: Roel Wijnants (<a href=\"https:\/\/creativecommons.org\/licenses\/by-sa\/2.0\/deed.de\" target=\"_blank\" rel=\"noreferrer noopener\">CC BY-SA 2.0<\/a>)<br>Spinoza-Preis \u00a9 NWO<br>alle anderen Bilder: public domain<br><br><strong>Zitatnachweis<\/strong><br>G. E. Lessing zit. nach Friedrich Heinrich Jacobi &#8222;\u00dcber die Lehre des Spinoza in Briefen an den Herrn Moses Mendelssohn&#8220; (1783)<br>J.W. Goethe &#8222;Dichtung und Wahrheit&#8220;<br>J.P. Eckermann &#8222;Gespr\u00e4che mit Goethe&#8220;<br>H. Heine &#8222;Zur Geschichte der Religion &amp; Philosophie in Deutschland&#8220; (1834)<br><\/p>\n<\/div><button class=\"uagb-modal-popup-close\" aria-label=\"Close Modal\"><svg xmlns=\"https:\/\/www.w3.org\/2000\/svg\" viewBox=\"0 0 320 512\"><path d=\"M310.6 361.4c12.5 12.5 12.5 32.75 0 45.25C304.4 412.9 296.2 416 288 416s-16.38-3.125-22.62-9.375L160 301.3L54.63 406.6C48.38 412.9 40.19 416 32 416S15.63 412.9 9.375 406.6c-12.5-12.5-12.5-32.75 0-45.25l105.4-105.4L9.375 150.6c-12.5-12.5-12.5-32.75 0-45.25s32.75-12.5 45.25 0L160 210.8l105.4-105.4c12.5-12.5 32.75-12.5 45.25 0s12.5 32.75 0 45.25l-105.4 105.4L310.6 361.4z\"><\/path><\/svg><\/button><\/div><\/div><\/div>\n<\/div>\n<\/div>\n<\/div>\n<\/div>\n\n\n\n<div class=\"wp-block-uagb-container uag-hide-mob uagb-block-f8090d74\">\n<div class=\"wp-block-uagb-container uagb-block-41453401\">\n<div class=\"wp-block-uagb-container uagb-block-53cca82b\">\n<div class=\"wp-block-uagb-advanced-heading uagb-block-8d8c2221\"><h1 class=\"uagb-heading-text\">Ich habe mich sorgf\u00e4ltig bem\u00fcht, menschliche T\u00e4tigkeiten nicht zu verlachen, nicht zu beklagen und auch nicht zu verdammen, sondern zu begreifen. Deswegen habe ich die menschlichen Affekte nicht als Fehler der menschlichen Natur betrachtet, sondern als deren Eigenschaften.<\/h1><p class=\"uagb-desc-text\">Politischer Traktat (1677)<\/p><\/div>\n\n\n\n<div class=\"wp-block-uagb-advanced-heading uagb-block-4fe85170\"><h3 class=\"uagb-heading-text\">Er war der Begr\u00fcnder der modernen wissenschaftlichen Psychologie <br>und einer der Entdecker der Dimension des Unbewussten.<\/h3><p class=\"uagb-desc-text\">Erich Fromm &#8222;Haben oder Sein&#8220;<\/p><\/div>\n<\/div>\n\n\n\n<div class=\"wp-block-uagb-container uagb-block-6b3696e5\"><\/div>\n\n\n\n<div class=\"wp-block-uagb-container uagb-block-513bec9a\">\n<div class=\"wp-block-uagb-container uagb-block-3b3a0146 default uagb-is-root-container\">\n<div class=\"wp-block-uagb-modal uagb-block-0412f1b6 uagb-modal-wrapper\" data-escpress=\"enable\" data-overlayclick=\"enable\"><img decoding=\"async\" src=\"https:\/\/museum-der-philosophie.de\/wp-content\/uploads\/2025\/04\/Hoersaal2-150x116.png\" alt=\"\" class=\"uagb-modal-trigger\" width=\"150\" height=\"116\" loading=\"lazy\"\/><div class=\"uagb-effect-default uagb-modal-popup uagb-block-0412f1b6 uagb-modal-type-undefined\"><div class=\"uagb-modal-popup-wrap\"><div class=\"uagb-modal-popup-content\">\n<p class=\"has-text-align-center has-large-font-size\">aus einer Vorlesung von <br>Georg Friedrich Wilhelm Hegel<\/p>\n\n\n\n<figure class=\"wp-block-audio\"><audio controls src=\"https:\/\/museum-der-philosophie.de\/wp-content\/uploads\/2025\/04\/hegel-vorlesung-spinoza.mp3\"><\/audio><\/figure>\n\n\n\n<p class=\"has-text-align-center\">G.W.F. Hegel <br>&#8222;Vorlesungen \u00fcber die Geschichte der Philosophie&#8220; <br>Teil 3<\/p>\n<\/div><button class=\"uagb-modal-popup-close\" aria-label=\"Close Modal\"><svg xmlns=\"https:\/\/www.w3.org\/2000\/svg\" viewBox=\"0 0 320 512\"><path d=\"M310.6 361.4c12.5 12.5 12.5 32.75 0 45.25C304.4 412.9 296.2 416 288 416s-16.38-3.125-22.62-9.375L160 301.3L54.63 406.6C48.38 412.9 40.19 416 32 416S15.63 412.9 9.375 406.6c-12.5-12.5-12.5-32.75 0-45.25l105.4-105.4L9.375 150.6c-12.5-12.5-12.5-32.75 0-45.25s32.75-12.5 45.25 0L160 210.8l105.4-105.4c12.5-12.5 32.75-12.5 45.25 0s12.5 32.75 0 45.25l-105.4 105.4L310.6 361.4z\"><\/path><\/svg><\/button><\/div><\/div><\/div>\n<\/div>\n\n\n\n<div class=\"wp-block-uagb-container uagb-block-9ef7c697 default uagb-is-root-container\">\n<div class=\"wp-block-uagb-modal uagb-block-bb30b211 uagb-modal-wrapper\" data-escpress=\"enable\" data-overlayclick=\"enable\"><img decoding=\"async\" src=\"https:\/\/museum-der-philosophie.de\/wp-content\/uploads\/2025\/01\/Kinosaal-e1738220399879-150x117.png\" alt=\"\" class=\"uagb-modal-trigger\" width=\"150\" height=\"117\" loading=\"lazy\"\/><div class=\"uagb-effect-default uagb-modal-popup uagb-block-bb30b211 uagb-modal-type-undefined\"><div class=\"uagb-modal-popup-wrap\"><div class=\"uagb-modal-popup-content\">\n<figure class=\"wp-block-embed aligncenter is-type-video is-provider-youtube wp-block-embed-youtube wp-embed-aspect-16-9 wp-has-aspect-ratio\"><div class=\"wp-block-embed__wrapper\">\n<div  style=\"display: block; margin: 0px auto;\"  id=\"_ytid_52134\" class=\"__youtube_prefs__  __youtube_prefs_gdpr__  epyt-is-override \" allowfullscreen data-no-lazy=\"1\" data-skipgform_ajax_framebjll=\"\"><p><strong><span style=\"vertical-align: inherit\"><span style=\"vertical-align: inherit\">In unserem Kinosaal werden YouTube-Inhalte wiedergegeben. \u00dcber Cookies werden dabei von Google Nutzerdaten erhoben.\u00a0<\/span><\/span><\/strong><\/p>\n<p><a href=\"https:\/\/policies.google.com\/privacy\" target=\"_blank\" rel=\"noopener\"><span style=\"vertical-align: inherit\"><span style=\"vertical-align: inherit\">n\u00e4here Infos siehe YouTube-Datenschutzrichtlinie<\/span><\/span><\/a><\/p>\n<p><span style=\"vertical-align: inherit\"><span style=\"vertical-align: inherit\">Wenn Sie diesen Hinweis akzeptieren, wird Ihre Auswahl gespeichert und die Seite wird aktualisiert. Wenn Sie dies nicht m\u00f6chten, k\u00f6nnen Sie unseren Kinosaal leider nicht nutzen.<\/span><\/span><\/p>\n<div id=\"9985B39C_A679_11AA_E7EF_78842F400DFB\"><\/div>\n<div id=\"9985B39C_A679_11AA_E7EF_78842F400DFB\"><\/div>\n<div id=\"9985B39C_A679_11AA_E7EF_78842F400DFB\"><\/div>\n<div id=\"9985B39C_A679_11AA_E7EF_78842F400DFB\"><\/div>\n<div id=\"9985B39C_A679_11AA_E7EF_78842F400DFB\"><\/div>\n<div id=\"9985B39C_A679_11AA_E7EF_78842F400DFB\"><\/div>\n<div id=\"9985B39C_A679_11AA_E7EF_78842F400DFB\"><\/div>\n<div id=\"9985B39C_A679_11AA_E7EF_78842F400DFB\"><\/div>\n<button type=\"button\" class=\"__youtube_prefs_gdpr__\">Ich akzeptiere YouTube Inhalt<img decoding=\"async\" src=\"https:\/\/museum-der-philosophie.de\/wp-content\/plugins\/youtube-embed-plus\/images\/icon-check.png\" alt=\"accept\" data-no-lazy=\"1\" data-skipgform_ajax_framebjll=\"\" \/><\/button><\/div>\n<\/div><figcaption class=\"wp-element-caption\">Spinoza erkl\u00e4rt: Gott, der Mensch &amp; der Weg zur Freude<\/figcaption><\/figure>\n\n\n\n<figure class=\"wp-block-embed aligncenter is-type-video is-provider-youtube wp-block-embed-youtube wp-embed-aspect-16-9 wp-has-aspect-ratio\"><div class=\"wp-block-embed__wrapper\">\n<div  style=\"display: block; margin: 0px auto;\"  id=\"_ytid_58618\" class=\"__youtube_prefs__  __youtube_prefs_gdpr__  epyt-is-override \" allowfullscreen data-no-lazy=\"1\" data-skipgform_ajax_framebjll=\"\"><p><strong><span style=\"vertical-align: inherit\"><span style=\"vertical-align: inherit\">In unserem Kinosaal werden YouTube-Inhalte wiedergegeben. \u00dcber Cookies werden dabei von Google Nutzerdaten erhoben.\u00a0<\/span><\/span><\/strong><\/p>\n<p><a href=\"https:\/\/policies.google.com\/privacy\" target=\"_blank\" rel=\"noopener\"><span style=\"vertical-align: inherit\"><span style=\"vertical-align: inherit\">n\u00e4here Infos siehe YouTube-Datenschutzrichtlinie<\/span><\/span><\/a><\/p>\n<p><span style=\"vertical-align: inherit\"><span style=\"vertical-align: inherit\">Wenn Sie diesen Hinweis akzeptieren, wird Ihre Auswahl gespeichert und die Seite wird aktualisiert. Wenn Sie dies nicht m\u00f6chten, k\u00f6nnen Sie unseren Kinosaal leider nicht nutzen.<\/span><\/span><\/p>\n<div id=\"9985B39C_A679_11AA_E7EF_78842F400DFB\"><\/div>\n<div id=\"9985B39C_A679_11AA_E7EF_78842F400DFB\"><\/div>\n<div id=\"9985B39C_A679_11AA_E7EF_78842F400DFB\"><\/div>\n<div id=\"9985B39C_A679_11AA_E7EF_78842F400DFB\"><\/div>\n<div id=\"9985B39C_A679_11AA_E7EF_78842F400DFB\"><\/div>\n<div id=\"9985B39C_A679_11AA_E7EF_78842F400DFB\"><\/div>\n<div id=\"9985B39C_A679_11AA_E7EF_78842F400DFB\"><\/div>\n<div id=\"9985B39C_A679_11AA_E7EF_78842F400DFB\"><\/div>\n<button type=\"button\" class=\"__youtube_prefs_gdpr__\">Ich akzeptiere YouTube Inhalt<img decoding=\"async\" src=\"https:\/\/museum-der-philosophie.de\/wp-content\/plugins\/youtube-embed-plus\/images\/icon-check.png\" alt=\"accept\" data-no-lazy=\"1\" data-skipgform_ajax_framebjll=\"\" \/><\/button><\/div>\n<\/div><figcaption class=\"wp-element-caption\">Denker des Abendlandes: Die ersten Systeme der Philosophie:&nbsp;Spinoza, Leibniz, Newton<\/figcaption><\/figure>\n<\/div><button class=\"uagb-modal-popup-close\" aria-label=\"Close Modal\"><svg xmlns=\"https:\/\/www.w3.org\/2000\/svg\" viewBox=\"0 0 320 512\"><path d=\"M310.6 361.4c12.5 12.5 12.5 32.75 0 45.25C304.4 412.9 296.2 416 288 416s-16.38-3.125-22.62-9.375L160 301.3L54.63 406.6C48.38 412.9 40.19 416 32 416S15.63 412.9 9.375 406.6c-12.5-12.5-12.5-32.75 0-45.25l105.4-105.4L9.375 150.6c-12.5-12.5-12.5-32.75 0-45.25s32.75-12.5 45.25 0L160 210.8l105.4-105.4c12.5-12.5 32.75-12.5 45.25 0s12.5 32.75 0 45.25l-105.4 105.4L310.6 361.4z\"><\/path><\/svg><\/button><\/div><\/div><\/div>\n<\/div>\n<\/div>\n<\/div>\n<\/div>\n<\/div>\n\n\n\n<p><\/p>\n","protected":false},"excerpt":{"rendered":"<p>Baruch de Spinoza war ein niederl\u00e4ndischer Philosoph des 17. Jahrhunderts, der zu den bedeutendsten Vertretern der rationalistischen Philosophie z\u00e4hlt. <\/p>\n","protected":false},"author":1,"featured_media":5172,"comment_status":"closed","ping_status":"closed","sticky":false,"template":"template-page-builder-no-header-footer.php","format":"standard","meta":{"_uag_custom_page_level_css":"","footnotes":""},"categories":[76],"tags":[92,188,189,154,187],"class_list":["post-15564","post","type-post","status-publish","format-standard","has-post-thumbnail","hentry","category-portraets","tag-barock","tag-ethik","tag-gott","tag-neuheit","tag-spinoza"],"featured_image_src":"https:\/\/museum-der-philosophie.de\/wp-content\/uploads\/2023\/08\/Spinoza2.jpg","author_info":{"display_name":"Klaus F\u00fcrst","author_link":"https:\/\/museum-der-philosophie.de\/?author=1"},"uagb_featured_image_src":{"full":["https:\/\/museum-der-philosophie.de\/wp-content\/uploads\/2023\/08\/Spinoza2.jpg",1377,1600,false],"thumbnail":["https:\/\/museum-der-philosophie.de\/wp-content\/uploads\/2023\/08\/Spinoza2-150x174.jpg",150,174,true],"medium":["https:\/\/museum-der-philosophie.de\/wp-content\/uploads\/2023\/08\/Spinoza2-400x465.jpg",400,465,true],"medium_large":["https:\/\/museum-der-philosophie.de\/wp-content\/uploads\/2023\/08\/Spinoza2-768x892.jpg",750,871,true],"large":["https:\/\/museum-der-philosophie.de\/wp-content\/uploads\/2023\/08\/Spinoza2-1170x1359.jpg",750,871,true],"1536x1536":["https:\/\/museum-der-philosophie.de\/wp-content\/uploads\/2023\/08\/Spinoza2-1322x1536.jpg",1322,1536,true],"2048x2048":["https:\/\/museum-der-philosophie.de\/wp-content\/uploads\/2023\/08\/Spinoza2.jpg",1377,1600,false],"education-zone-banner":["https:\/\/museum-der-philosophie.de\/wp-content\/uploads\/2023\/08\/Spinoza2-1377x692.jpg",1377,692,true],"education-zone-image-full":["https:\/\/museum-der-philosophie.de\/wp-content\/uploads\/2023\/08\/Spinoza2-1140x458.jpg",1140,458,true],"education-zone-image":["https:\/\/museum-der-philosophie.de\/wp-content\/uploads\/2023\/08\/Spinoza2-750x458.jpg",750,458,true],"education-zone-recent-post":["https:\/\/museum-der-philosophie.de\/wp-content\/uploads\/2023\/08\/Spinoza2-70x70.jpg",70,70,true],"education-zone-search-result":["https:\/\/museum-der-philosophie.de\/wp-content\/uploads\/2023\/08\/Spinoza2-246x246.jpg",246,246,true],"education-zone-featured-course":["https:\/\/museum-der-philosophie.de\/wp-content\/uploads\/2023\/08\/Spinoza2-276x276.jpg",276,276,true],"education-zone-testimonial":["https:\/\/museum-der-philosophie.de\/wp-content\/uploads\/2023\/08\/Spinoza2-125x125.jpg",125,125,true],"education-zone-blog-full":["https:\/\/museum-der-philosophie.de\/wp-content\/uploads\/2023\/08\/Spinoza2-848x480.jpg",848,480,true],"wpvr_mobile":["https:\/\/museum-der-philosophie.de\/wp-content\/uploads\/2023\/08\/Spinoza2.jpg",1377,1600,false]},"uagb_author_info":{"display_name":"Klaus F\u00fcrst","author_link":"https:\/\/museum-der-philosophie.de\/?author=1"},"uagb_comment_info":0,"uagb_excerpt":"Baruch de Spinoza war ein niederl\u00e4ndischer Philosoph des 17. Jahrhunderts, der zu den bedeutendsten Vertretern der rationalistischen Philosophie z\u00e4hlt.","_links":{"self":[{"href":"https:\/\/museum-der-philosophie.de\/index.php?rest_route=\/wp\/v2\/posts\/15564","targetHints":{"allow":["GET"]}}],"collection":[{"href":"https:\/\/museum-der-philosophie.de\/index.php?rest_route=\/wp\/v2\/posts"}],"about":[{"href":"https:\/\/museum-der-philosophie.de\/index.php?rest_route=\/wp\/v2\/types\/post"}],"author":[{"embeddable":true,"href":"https:\/\/museum-der-philosophie.de\/index.php?rest_route=\/wp\/v2\/users\/1"}],"replies":[{"embeddable":true,"href":"https:\/\/museum-der-philosophie.de\/index.php?rest_route=%2Fwp%2Fv2%2Fcomments&post=15564"}],"version-history":[{"count":45,"href":"https:\/\/museum-der-philosophie.de\/index.php?rest_route=\/wp\/v2\/posts\/15564\/revisions"}],"predecessor-version":[{"id":15700,"href":"https:\/\/museum-der-philosophie.de\/index.php?rest_route=\/wp\/v2\/posts\/15564\/revisions\/15700"}],"wp:featuredmedia":[{"embeddable":true,"href":"https:\/\/museum-der-philosophie.de\/index.php?rest_route=\/wp\/v2\/media\/5172"}],"wp:attachment":[{"href":"https:\/\/museum-der-philosophie.de\/index.php?rest_route=%2Fwp%2Fv2%2Fmedia&parent=15564"}],"wp:term":[{"taxonomy":"category","embeddable":true,"href":"https:\/\/museum-der-philosophie.de\/index.php?rest_route=%2Fwp%2Fv2%2Fcategories&post=15564"},{"taxonomy":"post_tag","embeddable":true,"href":"https:\/\/museum-der-philosophie.de\/index.php?rest_route=%2Fwp%2Fv2%2Ftags&post=15564"}],"curies":[{"name":"wp","href":"https:\/\/api.w.org\/{rel}","templated":true}]}}