{"id":15924,"date":"2025-08-04T17:43:11","date_gmt":"2025-08-04T15:43:11","guid":{"rendered":"https:\/\/museum-der-philosophie.de\/?p=15924"},"modified":"2025-10-05T19:18:53","modified_gmt":"2025-10-05T17:18:53","slug":"thomas-von-aquin-2","status":"publish","type":"post","link":"https:\/\/museum-der-philosophie.de\/?p=15924","title":{"rendered":"Johann Gottlieb Fichte"},"content":{"rendered":"\n<div class=\"wp-block-uagb-container uag-hide-desktop uag-hide-tab uagb-block-6afda995 alignfull uagb-is-root-container\"><div class=\"uagb-container-inner-blocks-wrap\">\n<p class=\"has-text-align-center has-white-color has-luminous-vivid-orange-background-color has-text-color has-background has-link-color uag-hide-desktop uag-hide-tab wp-elements-604b59db84068a3d44a47482301b3412\">Dies ist eine vereinfachte Darstellung f\u00fcr Mobiltelefone.<br>Die originalgetreue Wiedergabe des Exponats ist nur auf Bildschirm oder Tablet m\u00f6glich.<\/p>\n<\/div><\/div>\n\n\n\n<div class=\"wp-block-uagb-modal uagb-block-40cd57cd uagb-modal-wrapper uag-hide-desktop uag-hide-tab\" data-escpress=\"enable\" data-overlayclick=\"enable\"><img decoding=\"async\" src=\"https:\/\/museum-der-philosophie.de\/wp-content\/uploads\/2024\/11\/2000px-Hamburger_icon.svg1_-150x150.png\" alt=\"\" class=\"uagb-modal-trigger\" width=\"150\" height=\"150\" loading=\"lazy\"\/><div class=\"uagb-effect-default uagb-modal-popup uagb-block-40cd57cd uagb-modal-type-undefined\"><div class=\"uagb-modal-popup-wrap\"><div class=\"uagb-modal-popup-content\"><form role=\"search\" method=\"get\" action=\"https:\/\/museum-der-philosophie.de\/\" class=\"wp-block-search__button-outside wp-block-search__text-button wp-block-search\"    ><label class=\"wp-block-search__label\" for=\"wp-block-search__input-1\"  style=\"font-size: 20px\"><strong>Suchen<\/strong><\/label><div class=\"wp-block-search__inside-wrapper\" ><input class=\"wp-block-search__input\" id=\"wp-block-search__input-1\" placeholder=\"\" value=\"\" type=\"search\" name=\"s\" required  style=\"font-size: 20px\"\/><button aria-label=\"Suchen\" class=\"wp-block-search__button wp-element-button\" type=\"submit\"  style=\"font-size: 20px\">Suchen<\/button><\/div><\/form>\n\n\n<div style=\"height:30px\" aria-hidden=\"true\" class=\"wp-block-spacer\"><\/div>\n\n\n\n<div class=\"wp-block-columns is-layout-flex wp-container-core-columns-is-layout-9d6595d7 wp-block-columns-is-layout-flex\">\n<div class=\"wp-block-column is-layout-flow wp-block-column-is-layout-flow\">\n<p class=\"has-text-align-left\"><strong>Wegweiser<\/strong><\/p>\n\n\n\n<p><a href=\"https:\/\/museum-der-philosophie.de\/\">Startseite<\/a><br><a href=\"https:\/\/museum-der-philosophie.de\/?page_id=3109\" data-type=\"page\" data-id=\"3109\">Themen und Objekte<\/a><br><a href=\"https:\/\/museum-der-philosophie.de\/?page_id=12381\" data-type=\"page\" data-id=\"12381\">Ideen und Ereignisse<\/a><br><a href=\"https:\/\/museum-der-philosophie.de\/?page_id=9393#a0\" data-type=\"page\" data-id=\"9393\">Was gibt&#8217;s Neues<\/a><br><a href=\"https:\/\/museum-der-philosophie.de\/?page_id=11208#a0\" data-type=\"page\" data-id=\"11208\">Kalenderblatt<\/a><\/p>\n\n\n\n<p>Das Museum<br>\u2022 <a href=\"https:\/\/museum-der-philosophie.de\/?page_id=1336\" data-type=\"page\" data-id=\"1336\">\u00dcber uns<\/a><br>\u2022 <a href=\"https:\/\/museum-der-philosophie.de\/?p=13711\" data-type=\"post\" data-id=\"13711\">Bildschirmdarstellung<\/a><br>\u2022 <a href=\"https:\/\/museum-der-philosophie.de\/?page_id=9363\" data-type=\"page\" data-id=\"9363\">Partner und Unterst\u00fctzer<\/a><br>\u2022 <a href=\"https:\/\/museum-der-philosophie.de\/?page_id=2054\" data-type=\"page\" data-id=\"2054\">Mitmachen<\/a><br>\u2022 <a href=\"https:\/\/museum-der-philosophie.de\/?page_id=7106\" data-type=\"page\" data-id=\"7106\">Newsletter<\/a><\/p>\n\n\n\n<p class=\"has-text-align-left\"><strong>R\u00e4ume<\/strong><\/p>\n\n\n\n<p><a href=\"https:\/\/museum-der-philosophie.de\/?page_id=561#a0\" data-type=\"page\" data-id=\"561\">Empfangshalle<\/a><br><a href=\"https:\/\/museum-der-philosophie.de\/?page_id=3140\" data-type=\"page\" data-id=\"3140\">Sonderausstellung<\/a><br><a href=\"https:\/\/museum-der-philosophie.de\/?page_id=688\" data-type=\"page\" data-id=\"688\">Ruhmeshalle<\/a><br><a href=\"https:\/\/museum-der-philosophie.de\/?page_id=1171\" data-type=\"page\" data-id=\"1171\">Bibliothek<\/a><br><a href=\"https:\/\/museum-der-philosophie.de\/?page_id=3375\" data-type=\"page\" data-id=\"3375\">Zitaten-Schatzkammer<\/a><br><a href=\"https:\/\/museum-der-philosophie.de\/?page_id=838\" data-type=\"page\" data-id=\"838\">Kids&#8216; Philosophy<\/a><br><a href=\"https:\/\/museum-der-philosophie.de\/?page_id=6128\" data-type=\"page\" data-id=\"6128\">Kinosaal<\/a><br><a href=\"https:\/\/museum-der-philosophie.de\/?page_id=1959\" data-type=\"page\" data-id=\"1959\">Debattenraum<\/a><\/p>\n\n\n\n<p><a href=\"https:\/\/museum-der-philosophie.de\/?page_id=1900\" data-type=\"page\" data-id=\"1900\">G\u00e4stebuch<\/a><\/p>\n\n\n\n<p><a href=\"https:\/\/museum-der-philosophie.de\/?page_id=1375\" data-type=\"page\" data-id=\"1375\">Rechtliches \/ Impressum<\/a><\/p>\n<\/div>\n<\/div>\n<\/div><button class=\"uagb-modal-popup-close\" aria-label=\"Close Modal\"><svg xmlns=\"https:\/\/www.w3.org\/2000\/svg\" viewBox=\"0 0 320 512\"><path d=\"M310.6 361.4c12.5 12.5 12.5 32.75 0 45.25C304.4 412.9 296.2 416 288 416s-16.38-3.125-22.62-9.375L160 301.3L54.63 406.6C48.38 412.9 40.19 416 32 416S15.63 412.9 9.375 406.6c-12.5-12.5-12.5-32.75 0-45.25l105.4-105.4L9.375 150.6c-12.5-12.5-12.5-32.75 0-45.25s32.75-12.5 45.25 0L160 210.8l105.4-105.4c12.5-12.5 32.75-12.5 45.25 0s12.5 32.75 0 45.25l-105.4 105.4L310.6 361.4z\"><\/path><\/svg><\/button><\/div><\/div><\/div>\n\n\n\n<div id=\"a0\" class=\"wp-block-uagb-container uagb-block-ae6d3886 default uagb-is-root-container\">\n<div class=\"wp-block-uagb-container uagb-block-309d4a35\">\n<div class=\"wp-block-uagb-container uag-hide-mob uagb-block-55d7099b\">\n<div class=\"wp-block-uagb-modal uagb-block-8075ad28 uagb-modal-wrapper\" data-escpress=\"enable\" data-overlayclick=\"enable\"><img decoding=\"async\" src=\"https:\/\/museum-der-philosophie.de\/wp-content\/uploads\/2024\/11\/2000px-Hamburger_icon.svg1_-400x400.png\" alt=\"\" class=\"uagb-modal-trigger\" width=\"400\" height=\"400\" loading=\"lazy\"\/><div class=\"uagb-effect-default uagb-modal-popup uagb-block-8075ad28 uagb-modal-type-undefined\"><div class=\"uagb-modal-popup-wrap\"><div class=\"uagb-modal-popup-content\"><form role=\"search\" method=\"get\" action=\"https:\/\/museum-der-philosophie.de\/\" class=\"wp-block-search__button-outside wp-block-search__text-button wp-block-search\"    ><label class=\"wp-block-search__label\" for=\"wp-block-search__input-2\"  style=\"font-size: 20px\"><strong>Suchen<\/strong><\/label><div class=\"wp-block-search__inside-wrapper\" ><input class=\"wp-block-search__input\" id=\"wp-block-search__input-2\" placeholder=\"\" value=\"\" type=\"search\" name=\"s\" required  style=\"font-size: 20px\"\/><button aria-label=\"Suchen\" class=\"wp-block-search__button wp-element-button\" type=\"submit\"  style=\"font-size: 20px\">Suchen<\/button><\/div><\/form>\n\n\n<div style=\"height:30px\" aria-hidden=\"true\" class=\"wp-block-spacer\"><\/div>\n\n\n\n<div class=\"wp-block-columns is-layout-flex wp-container-core-columns-is-layout-9d6595d7 wp-block-columns-is-layout-flex\">\n<div class=\"wp-block-column is-layout-flow wp-block-column-is-layout-flow\" style=\"font-size:18px\">\n<p class=\"has-text-align-left\" style=\"font-size:20px\"><strong>Wegweiser<\/strong><\/p>\n\n\n\n<p style=\"font-size:20px\"><a href=\"https:\/\/museum-der-philosophie.de\/\">Startseite<\/a><\/p>\n\n\n\n<p style=\"font-size:20px\"><a href=\"https:\/\/museum-der-philosophie.de\/?page_id=561#a11\" data-type=\"page\" data-id=\"561\">Wegweiser<\/a><\/p>\n\n\n\n<p style=\"font-size:20px\"><a href=\"https:\/\/museum-der-philosophie.de\/?page_id=3109\" data-type=\"page\" data-id=\"3109\">Themen und Objekte<\/a><\/p>\n\n\n\n<p style=\"font-size:20px\"><a href=\"https:\/\/museum-der-philosophie.de\/?page_id=12381\">Ideen und Ereignisse<\/a><\/p>\n\n\n\n<p style=\"font-size:20px\"><a href=\"https:\/\/museum-der-philosophie.de\/?page_id=9393#a0\" data-type=\"page\" data-id=\"9393\">Was gibt&#8217;s Neues<\/a><\/p>\n\n\n\n<p style=\"font-size:20px\"><a href=\"https:\/\/museum-der-philosophie.de\/?page_id=11208#a0\" data-type=\"page\" data-id=\"11208\">Kalenderblatt<\/a><\/p>\n<\/div>\n\n\n\n<div class=\"wp-block-column is-layout-flow wp-block-column-is-layout-flow\">\n<p class=\"has-text-align-left\" style=\"font-size:20px\"><strong>R\u00e4ume<\/strong><\/p>\n\n\n\n<p style=\"font-size:20px\"><a href=\"https:\/\/museum-der-philosophie.de\/?page_id=561#a0\" data-type=\"page\" data-id=\"561\">Empfangshalle<\/a><\/p>\n\n\n\n<p style=\"font-size:20px\"><a href=\"https:\/\/museum-der-philosophie.de\/?page_id=3140\" data-type=\"page\" data-id=\"3140\">Sonderausstellung<\/a><\/p>\n\n\n\n<p style=\"font-size:20px\"><a href=\"https:\/\/museum-der-philosophie.de\/?page_id=688\" data-type=\"page\" data-id=\"688\">Ruhmeshalle<\/a><\/p>\n\n\n\n<p style=\"font-size:20px\"><a href=\"https:\/\/museum-der-philosophie.de\/?page_id=14612\" data-type=\"page\" data-id=\"688\">Kunstgalerie<\/a><\/p>\n\n\n\n<p style=\"font-size:20px\"><a href=\"https:\/\/museum-der-philosophie.de\/?page_id=1171\" data-type=\"page\" data-id=\"1171\">Bibliothek<\/a><\/p>\n\n\n\n<p style=\"font-size:20px\"><a href=\"https:\/\/museum-der-philosophie.de\/?page_id=3375\" data-type=\"page\" data-id=\"3375\">Zitaten-Schatzkammer<\/a><\/p>\n\n\n\n<p style=\"font-size:20px\"><a href=\"https:\/\/museum-der-philosophie.de\/?page_id=838\" data-type=\"page\" data-id=\"838\">Kids&#8216; Philosophy<\/a><\/p>\n\n\n\n<p style=\"font-size:20px\"><a href=\"https:\/\/museum-der-philosophie.de\/?page_id=6128\" data-type=\"page\" data-id=\"6128\">Kinosaal<\/a><\/p>\n\n\n\n<p style=\"font-size:20px\"><a href=\"https:\/\/museum-der-philosophie.de\/?page_id=1959\" data-type=\"page\" data-id=\"1959\">Debattenraum<\/a><\/p>\n<\/div>\n\n\n\n<div class=\"wp-block-column is-layout-flow wp-block-column-is-layout-flow\">\n<p style=\"font-size:20px\"><strong>Das Museum<\/strong><\/p>\n\n\n\n<p style=\"font-size:20px\"><a href=\"https:\/\/museum-der-philosophie.de\/?page_id=1336\" data-type=\"page\" data-id=\"1336\">\u00dcber uns<\/a><\/p>\n\n\n\n<p style=\"font-size:20px\"><a href=\"https:\/\/museum-der-philosophie.de\/?p=13711\" data-type=\"post\" data-id=\"13711\">Bildschirmdarstellung<\/a><\/p>\n\n\n\n<p style=\"font-size:20px\"><a href=\"https:\/\/museum-der-philosophie.de\/?page_id=9363\" data-type=\"page\" data-id=\"9363\">Partner und Unterst\u00fctzer<\/a><\/p>\n\n\n\n<p style=\"font-size:20px\"><a href=\"https:\/\/museum-der-philosophie.de\/?page_id=2054\" data-type=\"page\" data-id=\"2054\">Mitmachen<\/a><\/p>\n\n\n\n<p style=\"font-size:20px\"><a href=\"https:\/\/museum-der-philosophie.de\/?page_id=7106\" data-type=\"page\" data-id=\"7106\">Newsletter<\/a><\/p>\n\n\n\n<p style=\"font-size:20px\"><a href=\"https:\/\/museum-der-philosophie.de\/?page_id=1375\" data-type=\"page\" data-id=\"1375\">Rechtliches \/ Impressum<\/a><\/p>\n\n\n\n<p style=\"font-size:20px\"><strong><mark style=\"background-color:rgba(0, 0, 0, 0)\" class=\"has-inline-color has-luminous-vivid-orange-color\">Bitte trage dich in unser<br><a href=\"https:\/\/museum-der-philosophie.de\/?page_id=1900\" data-type=\"page\" data-id=\"1900\">G\u00e4stebuch<\/a> ein.<br>\u00dcber ein paar Zeilen w\u00fcrden wir uns sehr freuen.<\/mark><\/strong><\/p>\n<\/div>\n<\/div>\n<\/div><button class=\"uagb-modal-popup-close\" aria-label=\"Close Modal\"><svg xmlns=\"https:\/\/www.w3.org\/2000\/svg\" viewBox=\"0 0 320 512\"><path d=\"M310.6 361.4c12.5 12.5 12.5 32.75 0 45.25C304.4 412.9 296.2 416 288 416s-16.38-3.125-22.62-9.375L160 301.3L54.63 406.6C48.38 412.9 40.19 416 32 416S15.63 412.9 9.375 406.6c-12.5-12.5-12.5-32.75 0-45.25l105.4-105.4L9.375 150.6c-12.5-12.5-12.5-32.75 0-45.25s32.75-12.5 45.25 0L160 210.8l105.4-105.4c12.5-12.5 32.75-12.5 45.25 0s12.5 32.75 0 45.25l-105.4 105.4L310.6 361.4z\"><\/path><\/svg><\/button><\/div><\/div><\/div>\n\n\n\n<div class=\"wp-block-uagb-advanced-heading uagb-block-3c927f7b\"><div class=\"uagb-heading-text\">Men\u00fc<\/div><\/div>\n<\/div>\n\n\n\n<div class=\"wp-block-uagb-container uagb-block-27f57c07\">\n<div class=\"wp-block-uagb-container uagb-block-54910ede\">\n<div class=\"wp-block-uagb-advanced-heading uagb-block-383f54a2\"><h2 class=\"uagb-heading-text\"><strong><strong>Johann Gottlieb Fichte<\/strong><\/strong><br><a href=\"#a1\"><\/a><\/h2><p class=\"uagb-desc-text\"><strong>* <\/strong>19. Mai 1762 in Rammenau<br>\u2020 29. Januar 1814 in Berlin<br><strong><br><\/strong>war ein deutscher Philosoph und einer der bedeutendsten Vertreter des Deutschen Idealismus.<\/p><\/div>\n\n\n\n<p class=\"has-white-color has-text-color has-link-color has-small-font-size wp-elements-8891647a27eb703f6d9d5238e1335391\">Bild: <br>Arthur Kampf \u201eFichte als Redner an die deutsche Nation\u201c (siehe <em>Ehrungen<\/em>)<br><\/p>\n<\/div>\n<\/div>\n<\/div>\n\n\n\n<div class=\"wp-block-uagb-container uag-blocks-common-selector uagb-block-fd294d21\">\n<div class=\"wp-block-uagb-container uag-hide-mob uagb-block-69d13041\">\n<div class=\"wp-block-uagb-advanced-heading uagb-block-f6a71a0d\"><h1 class=\"uagb-heading-text\"><em>Alle Kraft des Menschen <\/em><\/h1><\/div>\n\n\n\n<div class=\"wp-block-uagb-advanced-heading uagb-block-55054841\"><h2 class=\"uagb-heading-text\"><em>wird erworben <\/em><em>durch Kampf mit sich selbst<\/em><\/h2><\/div>\n\n\n\n<div class=\"wp-block-uagb-advanced-heading uagb-block-5b7beb96\"><h1 class=\"uagb-heading-text\"><em>und \u00dcberwindung seiner selbst<\/em><\/h1><\/div>\n<\/div>\n\n\n\n<div class=\"wp-block-uagb-container uagb-block-71bc696b\">\n<div class=\"wp-block-uagb-container uagb-block-27e976ec\">\n<div class=\"wp-block-uagb-modal uagb-block-cb18c021 uagb-modal-wrapper\" data-escpress=\"enable\" data-overlayclick=\"enable\"><img decoding=\"async\" src=\"https:\/\/museum-der-philosophie.de\/wp-content\/uploads\/2024\/03\/Biografie3.png\" alt=\"\" class=\"uagb-modal-trigger\" width=\"249\" height=\"212\" loading=\"lazy\"\/><div class=\"uagb-effect-default uagb-modal-popup uagb-block-cb18c021 uagb-modal-type-undefined\"><div class=\"uagb-modal-popup-wrap\"><div class=\"uagb-modal-popup-content\"><div class=\"wp-block-image\">\n<figure class=\"alignleft size-full is-resized\"><img loading=\"lazy\" decoding=\"async\" width=\"470\" height=\"640\" src=\"https:\/\/museum-der-philosophie.de\/wp-content\/uploads\/2024\/12\/Johann_gottlieb_fichte1.jpg\" alt=\"\" class=\"wp-image-13553\" style=\"width:339px;height:auto\" srcset=\"https:\/\/museum-der-philosophie.de\/wp-content\/uploads\/2024\/12\/Johann_gottlieb_fichte1.jpg 470w, https:\/\/museum-der-philosophie.de\/wp-content\/uploads\/2024\/12\/Johann_gottlieb_fichte1-400x545.jpg 400w, https:\/\/museum-der-philosophie.de\/wp-content\/uploads\/2024\/12\/Johann_gottlieb_fichte1-150x204.jpg 150w\" sizes=\"auto, (max-width: 470px) 100vw, 470px\" \/><figcaption class=\"wp-element-caption\">Grafik von Albrecht F\u00fcrchtegott Schulthei\u00df<\/figcaption><\/figure>\n<\/div>\n\n\n<p>Johann Gottlieb Fichte  wurde am 19. Mai 1762 in Rammenau in der Oberlausitz geboren. Er entstammte einfachen Verh\u00e4ltnissen, sein Vater war Weber. Dank der Unterst\u00fctzung eines wohlhabenden G\u00f6nners konnte er jedoch eine gute Schulbildung erhalten und sp\u00e4ter Theologie an der Universit\u00e4t Jena sowie Philosophie in Leipzig und Wittenberg studieren.<\/p>\n\n\n\n<p>Fichte begann seine Karriere als Hauslehrer. Sein intellektueller Durchbruch kam, als er 1792 anonym eine Schrift mit dem Titel <em>Versuch einer Kritik aller Offenbarung<\/em> ver\u00f6ffentlichte, die zun\u00e4chst f\u00e4lschlich Immanuel Kant zugeschrieben wurde. Kant selbst war von Fichtes Werk beeindruckt und unterst\u00fctzte seine weitere philosophische Laufbahn. Die Ver\u00f6ffentlichung machte Fichte \u00fcber Nacht bekannt und brachte ihm 1794 eine Professur an der Universit\u00e4t Jena ein.<\/p>\n\n\n\n<p>In Jena entwickelte Fichte seine <em>Wissenschaftslehre<\/em>, sein zentrales philosophisches Werk. Er versuchte darin, auf der Grundlage des \u201eIch\u201c ein umfassendes System des Wissens aufzubauen. Anders als Kant betonte er nicht nur die Grenzen der Vernunft, sondern hob die aktive, sch\u00f6pferische Kraft des Subjekts hervor. Damit wurde Fichte zu einem Wegbereiter des Deutschen Idealismus.<\/p>\n\n\n\n<p>Fichte war nicht nur Philosoph, sondern auch politischer Denker. W\u00e4hrend der napoleonischen Besatzung engagierte er sich f\u00fcr die nationale Erneuerung Deutschlands. Besonders bekannt wurden seine <em>Reden an die deutsche Nation<\/em>, die er 1807\/08 in Berlin hielt. Darin rief er zur geistigen und moralischen Erneuerung des Volkes auf, verbunden mit Appellen an Bildung, Tugend und Selbstbestimmung. Fichte gilt deshalb auch als einer der geistigen V\u00e4ter des deutschen Nationalismus, wobei seine Ideen stark idealistisch und ethisch gepr\u00e4gt waren.<\/p>\n\n\n\n<p>Nach seinem Weggang aus Jena \u2013 unter anderem wegen eines Atheismusstreits \u2013 lebte und lehrte Fichte in Berlin. Er war ma\u00dfgeblich an der Gr\u00fcndung der Berliner Universit\u00e4t (heute Humboldt-Universit\u00e4t) beteiligt und wurde dort 1811 der erste Rektor. In dieser Funktion setzte er sich f\u00fcr eine Reform der h\u00f6heren Bildung und f\u00fcr die Einheit von Forschung und Lehre ein.<\/p>\n\n\n\n<p>Johann Gottlieb Fichte starb am 29. Januar 1814 in Berlin. Sein philosophisches Erbe ist bis heute Gegenstand intensiver Diskussionen. <\/p>\n<\/div><button class=\"uagb-modal-popup-close\" aria-label=\"Close Modal\"><svg xmlns=\"https:\/\/www.w3.org\/2000\/svg\" viewBox=\"0 0 320 512\"><path d=\"M310.6 361.4c12.5 12.5 12.5 32.75 0 45.25C304.4 412.9 296.2 416 288 416s-16.38-3.125-22.62-9.375L160 301.3L54.63 406.6C48.38 412.9 40.19 416 32 416S15.63 412.9 9.375 406.6c-12.5-12.5-12.5-32.75 0-45.25l105.4-105.4L9.375 150.6c-12.5-12.5-12.5-32.75 0-45.25s32.75-12.5 45.25 0L160 210.8l105.4-105.4c12.5-12.5 32.75-12.5 45.25 0s12.5 32.75 0 45.25l-105.4 105.4L310.6 361.4z\"><\/path><\/svg><\/button><\/div><\/div><\/div>\n<\/div>\n\n\n\n<div class=\"wp-block-uagb-container uagb-block-1e448d3b\">\n<div class=\"wp-block-uagb-modal uagb-block-76e3cf96 uagb-modal-wrapper\" data-escpress=\"enable\" data-overlayclick=\"enable\"><img decoding=\"async\" src=\"https:\/\/museum-der-philosophie.de\/wp-content\/uploads\/2024\/01\/pictwerke.png\" alt=\"\" class=\"uagb-modal-trigger\" width=\"249\" height=\"193\" loading=\"lazy\"\/><div class=\"uagb-effect-default uagb-modal-popup uagb-block-76e3cf96 uagb-modal-type-undefined\"><div class=\"uagb-modal-popup-wrap\"><div class=\"uagb-modal-popup-content\">\n<div class=\"wp-block-columns are-vertically-aligned-center is-layout-flex wp-container-core-columns-is-layout-9d6595d7 wp-block-columns-is-layout-flex\">\n<div class=\"wp-block-column is-vertically-aligned-center is-layout-flow wp-block-column-is-layout-flow\">\n<div class=\"wp-block-uagb-image uagb-block-d0d6040e wp-block-uagb-image--layout-default wp-block-uagb-image--effect-static wp-block-uagb-image--align-none\"><figure class=\"wp-block-uagb-image__figure\"><img decoding=\"async\" srcset=\"https:\/\/museum-der-philosophie.de\/wp-content\/uploads\/2025\/08\/4110006411.jpg ,https:\/\/museum-der-philosophie.de\/wp-content\/uploads\/2025\/08\/4110006411.jpg 780w, https:\/\/museum-der-philosophie.de\/wp-content\/uploads\/2025\/08\/4110006411.jpg 360w\" sizes=\"auto, (max-width: 480px) 150px\" src=\"https:\/\/museum-der-philosophie.de\/wp-content\/uploads\/2025\/08\/4110006411.jpg\" alt=\"\" class=\"uag-image-16112\" width=\"527\" height=\"800\" title=\"411000641[1]\" loading=\"lazy\" role=\"img\"\/><\/figure><\/div>\n<\/div>\n\n\n\n<div class=\"wp-block-column is-vertically-aligned-center is-layout-flow wp-block-column-is-layout-flow\">\n<div class=\"wp-block-uagb-advanced-heading uagb-block-5d392918\"><h2 class=\"uagb-heading-text\"><strong><strong>Versuch einer Kritik aller Offenbarung <\/strong><\/strong><\/h2><p class=\"uagb-desc-text\">Dieses 1792 erschienene Werk war Fichtes Durchbruch, weil es zun\u00e4chst f\u00e4lschlich Immanuel Kant zugeschrieben wurde. Darin untersucht Fichte die M\u00f6glichkeit g\u00f6ttlicher Offenbarung im Rahmen der kritischen Philosophie. Er kommt zu dem Schluss, dass Offenbarung mit Vernunft vereinbar ist, wenn sie moralischen Gesetzen nicht widerspricht.<\/p><\/div>\n\n\n\n<p>lesen bei <a href=\"http:\/\/www.zeno.org\/Lesesaal\/N\/9781484031056?page=0\" target=\"_blank\" rel=\"noreferrer noopener\">Zeno<\/a><\/p>\n<\/div>\n<\/div>\n\n\n\n<div class=\"wp-block-columns are-vertically-aligned-center is-layout-flex wp-container-core-columns-is-layout-9d6595d7 wp-block-columns-is-layout-flex\">\n<div class=\"wp-block-column is-vertically-aligned-center is-layout-flow wp-block-column-is-layout-flow\">\n<div class=\"wp-block-uagb-image uagb-block-0c645e3a wp-block-uagb-image--layout-default wp-block-uagb-image--effect-static wp-block-uagb-image--align-none\"><figure class=\"wp-block-uagb-image__figure\"><img decoding=\"async\"  sizes=\"auto, (max-width: 480px) 150px\" src=\"https:\/\/museum-der-philosophie.de\/wp-content\/uploads\/2025\/08\/Fichte_Wissenschaftslehre11.png\" alt=\"\" width=\"640\" height=\"1100\" title=\"\" loading=\"lazy\" role=\"img\"\/><\/figure><\/div>\n<\/div>\n\n\n\n<div class=\"wp-block-column is-vertically-aligned-center is-layout-flow wp-block-column-is-layout-flow\">\n<div class=\"wp-block-uagb-advanced-heading uagb-block-85b30644\"><h2 class=\"uagb-heading-text\"><strong><strong>Grundlage der gesamten Wissenschaftslehre<\/strong><\/strong><\/h2><p class=\"uagb-desc-text\">&nbsp;In seinem Hauptwerk entwickelt Fichte sein ber\u00fchmtes Konzept des \u201eIch\u201c, das sich selbst und das \u201eNicht-Ich\u201c setzt. Damit begr\u00fcndet er ein idealistisches System, das alle Erkenntnis auf die T\u00e4tigkeit des Subjekts zur\u00fcckf\u00fchrt. Die Schrift gilt als Grundstein seiner Wissenschaftslehre und erschien im Laufe seines Lebens in mehreren Fassungen. <br><br><a href=\"http:\/\/www.zeno.org\/Lesesaal\/N\/9781484031100?page=0\" target=\"_blank\" rel=\"noreferrer noopener\">lesen bei Zeno<\/a><\/p><\/div>\n<\/div>\n<\/div>\n\n\n\n<div class=\"wp-block-columns are-vertically-aligned-center is-layout-flex wp-container-core-columns-is-layout-9d6595d7 wp-block-columns-is-layout-flex\">\n<div class=\"wp-block-column is-vertically-aligned-center is-layout-flow wp-block-column-is-layout-flow\">\n<div class=\"wp-block-uagb-advanced-heading uagb-block-686045a5\"><h3 class=\"uagb-heading-text\"><em>Der Zweck des Erdenlebens der Menschheit sei der, dass sie in demselben alle ihre Verh\u00e4ltnisse mit Freiheit nach der Vernunft einrichte; wodurch dieses Leben in f\u00fcnf Hauptepochen zerfalle.<\/em><\/h3><\/div>\n<\/div>\n\n\n\n<div class=\"wp-block-column is-vertically-aligned-center is-layout-flow wp-block-column-is-layout-flow\">\n<div class=\"wp-block-uagb-advanced-heading uagb-block-f2d74ac2\"><h2 class=\"uagb-heading-text\"><strong><strong>Die Grundz\u00fcge des gegenw\u00e4rtigen Zeitalters<\/strong><\/strong><\/h2><p class=\"uagb-desc-text\">In dieser geschichtsphilosophischen Vorlesungsreihe, gliedert Fichte die Entwicklung der Menschheit in f\u00fcnf Epochen. Die Schrift verbindet Fichtes Idealismus mit einem starken Fortschrittsglauben und zeigt seine \u00dcberzeugung, dass Freiheit und Vernunft sich geschichtlich durchsetzen werden.<br><br><a href=\"http:\/\/www.zeno.org\/Lesesaal\/N\/9781484031230?page=0\" target=\"_blank\" rel=\"noreferrer noopener\">lesen bei Zeno<\/a><\/p><\/div>\n<\/div>\n<\/div>\n\n\n\n<div class=\"wp-block-columns are-vertically-aligned-center is-layout-flex wp-container-core-columns-is-layout-9d6595d7 wp-block-columns-is-layout-flex\">\n<div class=\"wp-block-column is-vertically-aligned-center is-layout-flow wp-block-column-is-layout-flow\">\n<div class=\"wp-block-uagb-image uagb-block-6502b017 wp-block-uagb-image--layout-default wp-block-uagb-image--effect-static wp-block-uagb-image--align-none\"><figure class=\"wp-block-uagb-image__figure\"><img decoding=\"async\" srcset=\"https:\/\/museum-der-philosophie.de\/wp-content\/uploads\/2025\/08\/fichte_reden_1808_0007_400px1-e1754316356258.jpg ,https:\/\/museum-der-philosophie.de\/wp-content\/uploads\/2025\/08\/fichte_reden_1808_0007_400px1-e1754316356258.jpg 780w, https:\/\/museum-der-philosophie.de\/wp-content\/uploads\/2025\/08\/fichte_reden_1808_0007_400px1-e1754316356258.jpg 360w\" sizes=\"auto, (max-width: 480px) 150px\" src=\"https:\/\/museum-der-philosophie.de\/wp-content\/uploads\/2025\/08\/fichte_reden_1808_0007_400px1-e1754316356258.jpg\" alt=\"\" class=\"uag-image-16120\" width=\"527\" height=\"800\" title=\"fichte_reden_1808_0007_400px[1]\" loading=\"lazy\" role=\"img\"\/><\/figure><\/div>\n<\/div>\n\n\n\n<div class=\"wp-block-column is-vertically-aligned-center is-layout-flow wp-block-column-is-layout-flow\">\n<div class=\"wp-block-uagb-advanced-heading uagb-block-947a91d3\"><h2 class=\"uagb-heading-text\"><strong><strong>Reden an die deutsche Nation <\/strong><\/strong><\/h2><p class=\"uagb-desc-text\">Diese ber\u00fchmten Reden hielt Fichte w\u00e4hrend der napoleonischen Besatzung Berlins (1808). Sie rufen zur nationalen Erneuerung und zur Bildung eines freien, moralischen Volkes auf. Fichte verbindet patriotischen Geist mit idealistischer Bildungsphilosophie und pl\u00e4diert f\u00fcr ein neues Selbstbewusstsein der deutschen Nation.<br><br><a href=\"http:\/\/www.zeno.org\/Lesesaal\/N\/9781484031254?page=0\" target=\"_blank\" rel=\"noreferrer noopener\">lesen bei Zeno<\/a><\/p><\/div>\n<\/div>\n<\/div>\n<\/div><button class=\"uagb-modal-popup-close\" aria-label=\"Close Modal\"><svg xmlns=\"https:\/\/www.w3.org\/2000\/svg\" viewBox=\"0 0 320 512\"><path d=\"M310.6 361.4c12.5 12.5 12.5 32.75 0 45.25C304.4 412.9 296.2 416 288 416s-16.38-3.125-22.62-9.375L160 301.3L54.63 406.6C48.38 412.9 40.19 416 32 416S15.63 412.9 9.375 406.6c-12.5-12.5-12.5-32.75 0-45.25l105.4-105.4L9.375 150.6c-12.5-12.5-12.5-32.75 0-45.25s32.75-12.5 45.25 0L160 210.8l105.4-105.4c12.5-12.5 32.75-12.5 45.25 0s12.5 32.75 0 45.25l-105.4 105.4L310.6 361.4z\"><\/path><\/svg><\/button><\/div><\/div><\/div>\n<\/div>\n\n\n\n<div class=\"wp-block-uagb-container uagb-block-a62f5405\">\n<div class=\"wp-block-uagb-modal uagb-block-e7e34aa0 uagb-modal-wrapper\" data-escpress=\"enable\" data-overlayclick=\"enable\"><img decoding=\"async\" src=\"https:\/\/museum-der-philosophie.de\/wp-content\/uploads\/2024\/03\/pictehrung3.png\" alt=\"\" class=\"uagb-modal-trigger\" width=\"249\" height=\"194\" loading=\"lazy\"\/><div class=\"uagb-effect-default uagb-modal-popup uagb-block-e7e34aa0 uagb-modal-type-undefined\"><div class=\"uagb-modal-popup-wrap\"><div class=\"uagb-modal-popup-content\">\n<div class=\"wp-block-uagb-container uagb-block-bdcdb581 default uagb-is-root-container\">\n<div class=\"wp-block-uagb-container uagb-block-7831addc alignfull uagb-is-root-container\"><div class=\"uagb-container-inner-blocks-wrap\">\n<div class=\"wp-block-uagb-advanced-heading uagb-block-625c70e0\"><h1 class=\"uagb-heading-text\"><strong>Ehrungen<\/strong><\/h1><\/div>\n<\/div><\/div>\n<\/div>\n\n\n\n<figure class=\"wp-block-image size-large\"><img loading=\"lazy\" decoding=\"async\" width=\"1170\" height=\"585\" src=\"https:\/\/museum-der-philosophie.de\/wp-content\/uploads\/2025\/06\/Arthur_Kampf_1915_Fichte_als_Redner_Berlin_Universitaet-1170x585.jpg\" alt=\"\" class=\"wp-image-15925\" srcset=\"https:\/\/museum-der-philosophie.de\/wp-content\/uploads\/2025\/06\/Arthur_Kampf_1915_Fichte_als_Redner_Berlin_Universitaet-1170x585.jpg 1170w, https:\/\/museum-der-philosophie.de\/wp-content\/uploads\/2025\/06\/Arthur_Kampf_1915_Fichte_als_Redner_Berlin_Universitaet-400x200.jpg 400w, https:\/\/museum-der-philosophie.de\/wp-content\/uploads\/2025\/06\/Arthur_Kampf_1915_Fichte_als_Redner_Berlin_Universitaet-150x75.jpg 150w, https:\/\/museum-der-philosophie.de\/wp-content\/uploads\/2025\/06\/Arthur_Kampf_1915_Fichte_als_Redner_Berlin_Universitaet-768x384.jpg 768w, https:\/\/museum-der-philosophie.de\/wp-content\/uploads\/2025\/06\/Arthur_Kampf_1915_Fichte_als_Redner_Berlin_Universitaet.jpg 1219w\" sizes=\"auto, (max-width: 1170px) 100vw, 1170px\" \/><figcaption class=\"wp-element-caption\"><strong>Arthur Kampf \u201eFichte als Redner an die deutsche Nation\u201c (1915)<\/strong><br>Dieses Wandgem\u00e4lde war 12 Meter breit und 6 Meter hoch. Es hing in der Neuen Aula der Berliner Friedrich-Wilhelms-Universit\u00e4t. Das Gem\u00e4lde wurde im Zweiten Weltkrieg vernichtet.&nbsp;<br><\/figcaption><\/figure>\n\n\n\n<div class=\"wp-block-uagb-advanced-heading uagb-block-a9bbde9e\"><h2 class=\"uagb-heading-text\"><em>Einen Mann von solcher Tiefe des Geistes kenn ich sonst nicht.<\/em><\/h2><p class=\"uagb-desc-text\">Friedrich H\u00f6lderlin<\/p><\/div>\n\n\n\n<div class=\"wp-block-columns are-vertically-aligned-center is-layout-flex wp-container-core-columns-is-layout-9d6595d7 wp-block-columns-is-layout-flex\">\n<div class=\"wp-block-column is-vertically-aligned-center is-layout-flow wp-block-column-is-layout-flow\">\n<div class=\"wp-block-uagb-image uagb-block-db4ac215 wp-block-uagb-image--layout-default wp-block-uagb-image--effect-static wp-block-uagb-image--align-none\"><figure class=\"wp-block-uagb-image__figure\"><img decoding=\"async\"  sizes=\"auto, (max-width: 480px) 150px\" src=\"https:\/\/museum-der-philosophie.de\/wp-content\/uploads\/2025\/08\/fichte-bueste-kampf.png\" alt=\"\" width=\"620\" height=\"950\" title=\"\" loading=\"lazy\" role=\"img\"\/><figcaption class=\"uagb-image-caption\">Skulptur von Arthur Kampf (1919)<\/figcaption><\/figure><\/div>\n<\/div>\n\n\n\n<div class=\"wp-block-column is-vertically-aligned-center is-layout-flow wp-block-column-is-layout-flow\" style=\"flex-basis:45%\">\n<div class=\"wp-block-uagb-image uagb-block-43eb43f7 wp-block-uagb-image--layout-default wp-block-uagb-image--effect-static wp-block-uagb-image--align-none\"><figure class=\"wp-block-uagb-image__figure\"><img decoding=\"async\"  sizes=\"auto, (max-width: 480px) 150px\" src=\"https:\/\/museum-der-philosophie.de\/wp-content\/uploads\/2025\/08\/fichte-denkmal-Rammenau-e1754320184823.png\" alt=\"\" width=\"640\" height=\"425\" title=\"\" loading=\"lazy\" role=\"img\"\/><figcaption class=\"uagb-image-caption\">Denkmal in Rammenau<\/figcaption><\/figure><\/div>\n<\/div>\n\n\n\n<div class=\"wp-block-column is-vertically-aligned-center is-layout-flow wp-block-column-is-layout-flow\">\n<div class=\"wp-block-uagb-image uagb-block-154f4d47 wp-block-uagb-image--layout-default wp-block-uagb-image--effect-static wp-block-uagb-image--align-none\"><figure class=\"wp-block-uagb-image__figure\"><img decoding=\"async\" srcset=\"https:\/\/museum-der-philosophie.de\/wp-content\/uploads\/2025\/08\/fichte-bueste-tieck-1802.png ,https:\/\/museum-der-philosophie.de\/wp-content\/uploads\/2025\/08\/fichte-bueste-tieck-1802.png 780w, https:\/\/museum-der-philosophie.de\/wp-content\/uploads\/2025\/08\/fichte-bueste-tieck-1802.png 360w\" sizes=\"auto, (max-width: 480px) 150px\" src=\"https:\/\/museum-der-philosophie.de\/wp-content\/uploads\/2025\/08\/fichte-bueste-tieck-1802.png\" alt=\"\" class=\"uag-image-16134\" width=\"484\" height=\"892\" title=\"fichte b\u00fcste tieck 1802\" loading=\"lazy\" role=\"img\"\/><figcaption class=\"uagb-image-caption\">Skulptur von Christian Friedrich Tieck (1802)<\/figcaption><\/figure><\/div>\n<\/div>\n<\/div>\n\n\n\n<div class=\"wp-block-uagb-advanced-heading uagb-block-d7a31111\"><h2 class=\"uagb-heading-text\">&#8230; <em>der scharfsinnige Erdenker der \u203aWissenschaftslehre\u2039, einer der gro\u00dfartigsten Sch\u00f6pfungen des philosophischen Geistes<\/em><\/h2><p class=\"uagb-desc-text\">Wilhelm Weischedel<\/p><\/div>\n\n\n\n<div class=\"wp-block-columns has-white-background-color has-background is-layout-flex wp-container-core-columns-is-layout-9d6595d7 wp-block-columns-is-layout-flex\">\n<div class=\"wp-block-column is-vertically-aligned-center is-layout-flow wp-block-column-is-layout-flow\">\n<div class=\"wp-block-uagb-image uagb-block-160e50a7 wp-block-uagb-image--layout-default wp-block-uagb-image--effect-static wp-block-uagb-image--align-none\"><figure class=\"wp-block-uagb-image__figure\"><img decoding=\"async\"  sizes=\"auto, (max-width: 480px) 150px\" src=\"https:\/\/museum-der-philosophie.de\/wp-content\/uploads\/2025\/08\/BM-Fichte-DDR1962.jpg\" alt=\"\" width=\"684\" height=\"1132\" title=\"\" loading=\"lazy\" role=\"img\"\/><figcaption class=\"uagb-image-caption\">Briefmarken DDR 1962<\/figcaption><\/figure><\/div>\n<\/div>\n\n\n\n<div class=\"wp-block-column is-vertically-aligned-center is-layout-flow wp-block-column-is-layout-flow\">\n<div class=\"wp-block-uagb-image uagb-block-3751fb51 wp-block-uagb-image--layout-default wp-block-uagb-image--effect-static wp-block-uagb-image--align-none\"><figure class=\"wp-block-uagb-image__figure\"><img decoding=\"async\"  sizes=\"auto, (max-width: 480px) 150px\" src=\"https:\/\/museum-der-philosophie.de\/wp-content\/uploads\/2025\/08\/BM-Fichte-2012.jpg\" alt=\"\" width=\"446\" height=\"446\" title=\"\" loading=\"lazy\" role=\"img\"\/><figcaption class=\"uagb-image-caption\">Briefmarke Deutschland 2012<\/figcaption><\/figure><\/div>\n<\/div>\n\n\n\n<div class=\"wp-block-column is-vertically-aligned-center is-layout-flow wp-block-column-is-layout-flow\" style=\"flex-basis:40%\">\n<div class=\"wp-block-uagb-image uagb-block-f8b9190e wp-block-uagb-image--layout-default wp-block-uagb-image--effect-static wp-block-uagb-image--align-none\"><figure class=\"wp-block-uagb-image__figure\"><img decoding=\"async\"  sizes=\"auto, (max-width: 480px) 150px\" src=\"https:\/\/museum-der-philosophie.de\/wp-content\/uploads\/2025\/08\/57460241.jpg\" alt=\"\" width=\"500\" height=\"249\" title=\"\" loading=\"lazy\" role=\"img\"\/><figcaption class=\"uagb-image-caption\">5 DM M\u00fcnze, BRD 1964<\/figcaption><\/figure><\/div>\n\n\n\n<div class=\"wp-block-uagb-image uagb-block-59810126 wp-block-uagb-image--layout-default wp-block-uagb-image--effect-static wp-block-uagb-image--align-none\"><figure class=\"wp-block-uagb-image__figure\"><img decoding=\"async\"  sizes=\"auto, (max-width: 480px) 150px\" src=\"https:\/\/museum-der-philosophie.de\/wp-content\/uploads\/2025\/08\/muenze-DDR-Fichte.jpg\" alt=\"\" width=\"1316\" height=\"662\" title=\"\" loading=\"lazy\" role=\"img\"\/><figcaption class=\"uagb-image-caption\">10 Mark M\u00fcnze, DDR 1990<\/figcaption><\/figure><\/div>\n<\/div>\n<\/div>\n\n\n\n<p class=\"has-small-font-size\"><strong>Zitatnachweis:<\/strong><br>Friedrich H\u00f6lderlin, Brief an einen Freund, &#8222;S\u00e4mtliche Werke&#8220; Bd. 18<br>Wilhelm Weischedel &#8222;Die philosophische Hintertreppe&#8220; (1966)<\/p>\n<\/div><button class=\"uagb-modal-popup-close\" aria-label=\"Close Modal\"><svg xmlns=\"https:\/\/www.w3.org\/2000\/svg\" viewBox=\"0 0 320 512\"><path d=\"M310.6 361.4c12.5 12.5 12.5 32.75 0 45.25C304.4 412.9 296.2 416 288 416s-16.38-3.125-22.62-9.375L160 301.3L54.63 406.6C48.38 412.9 40.19 416 32 416S15.63 412.9 9.375 406.6c-12.5-12.5-12.5-32.75 0-45.25l105.4-105.4L9.375 150.6c-12.5-12.5-12.5-32.75 0-45.25s32.75-12.5 45.25 0L160 210.8l105.4-105.4c12.5-12.5 32.75-12.5 45.25 0s12.5 32.75 0 45.25l-105.4 105.4L310.6 361.4z\"><\/path><\/svg><\/button><\/div><\/div><\/div>\n<\/div>\n<\/div>\n<\/div>\n\n\n\n<div class=\"wp-block-uagb-container uag-blocks-common-selector uagb-block-55348c87\">\n<div class=\"wp-block-uagb-container uagb-block-425ef6a5\">\n<div class=\"wp-block-uagb-container uagb-block-b91ab20c\">\n<div class=\"wp-block-uagb-modal uagb-block-391cd88e uagb-modal-wrapper wp-embed-aspect-16-9 wp-has-aspect-ratio\" data-escpress=\"enable\" data-overlayclick=\"enable\"><img decoding=\"async\" src=\"https:\/\/museum-der-philosophie.de\/wp-content\/uploads\/2025\/01\/Kinosaal-e1738220399879.png\" alt=\"\" class=\"uagb-modal-trigger\" width=\"238\" height=\"186\" loading=\"lazy\"\/><div class=\"uagb-effect-default uagb-modal-popup uagb-block-391cd88e uagb-modal-type-undefined\"><div class=\"uagb-modal-popup-wrap\"><div class=\"uagb-modal-popup-content\">\n<div class=\"wp-block-uagb-container uagb-block-77085dca alignfull uagb-is-root-container\"><div class=\"uagb-container-inner-blocks-wrap\">\n<p class=\"has-text-align-center\"><strong>Videos zu Johann Gottlieb Fichte<\/strong> <strong>findest du in unserem <a href=\"https:\/\/museum-der-philosophie.de\/?page_id=6128\" data-type=\"page\" data-id=\"6128\" target=\"_blank\" rel=\"noreferrer noopener\">Kinosaal<\/a>, zum Beispiel:<\/strong><\/p>\n\n\n\n<div class=\"wp-block-uagb-container uagb-block-93b8e00e\">\n<figure class=\"wp-block-embed aligncenter is-type-video is-provider-youtube wp-block-embed-youtube wp-embed-aspect-16-9 wp-has-aspect-ratio\"><div class=\"wp-block-embed__wrapper\">\n<div  style=\"display: block; margin: 0px auto;\"  id=\"_ytid_31856\" class=\"__youtube_prefs__  __youtube_prefs_gdpr__  epyt-is-override \" allowfullscreen data-no-lazy=\"1\" data-skipgform_ajax_framebjll=\"\"><p><strong><span style=\"vertical-align: inherit\"><span style=\"vertical-align: inherit\">In unserem Kinosaal werden YouTube-Inhalte wiedergegeben. \u00dcber Cookies werden dabei von Google Nutzerdaten erhoben.\u00a0<\/span><\/span><\/strong><\/p>\n<p><a href=\"https:\/\/policies.google.com\/privacy\" target=\"_blank\" rel=\"noopener\"><span style=\"vertical-align: inherit\"><span style=\"vertical-align: inherit\">n\u00e4here Infos siehe YouTube-Datenschutzrichtlinie<\/span><\/span><\/a><\/p>\n<p><span style=\"vertical-align: inherit\"><span style=\"vertical-align: inherit\">Wenn Sie diesen Hinweis akzeptieren, wird Ihre Auswahl gespeichert und die Seite wird aktualisiert. Wenn Sie dies nicht m\u00f6chten, k\u00f6nnen Sie unseren Kinosaal leider nicht nutzen.<\/span><\/span><\/p>\n<div id=\"9985B39C_A679_11AA_E7EF_78842F400DFB\"><\/div>\n<div id=\"9985B39C_A679_11AA_E7EF_78842F400DFB\"><\/div>\n<div id=\"9985B39C_A679_11AA_E7EF_78842F400DFB\"><\/div>\n<div id=\"9985B39C_A679_11AA_E7EF_78842F400DFB\"><\/div>\n<div id=\"9985B39C_A679_11AA_E7EF_78842F400DFB\"><\/div>\n<div id=\"9985B39C_A679_11AA_E7EF_78842F400DFB\"><\/div>\n<div id=\"9985B39C_A679_11AA_E7EF_78842F400DFB\"><\/div>\n<div id=\"9985B39C_A679_11AA_E7EF_78842F400DFB\"><\/div>\n<button type=\"button\" class=\"__youtube_prefs_gdpr__\">Ich akzeptiere YouTube Inhalt<img decoding=\"async\" src=\"https:\/\/museum-der-philosophie.de\/wp-content\/plugins\/youtube-embed-plus\/images\/icon-check.png\" alt=\"accept\" data-no-lazy=\"1\" data-skipgform_ajax_framebjll=\"\" \/><\/button><\/div>\n<\/div><figcaption class=\"wp-element-caption\">von Sophia Lernwerkstatt f\u00fcr Philosophie und Ethik<\/figcaption><\/figure>\n<\/div>\n<\/div><\/div>\n<\/div><button class=\"uagb-modal-popup-close\" aria-label=\"Close Modal\"><svg xmlns=\"https:\/\/www.w3.org\/2000\/svg\" viewBox=\"0 0 320 512\"><path d=\"M310.6 361.4c12.5 12.5 12.5 32.75 0 45.25C304.4 412.9 296.2 416 288 416s-16.38-3.125-22.62-9.375L160 301.3L54.63 406.6C48.38 412.9 40.19 416 32 416S15.63 412.9 9.375 406.6c-12.5-12.5-12.5-32.75 0-45.25l105.4-105.4L9.375 150.6c-12.5-12.5-12.5-32.75 0-45.25s32.75-12.5 45.25 0L160 210.8l105.4-105.4c12.5-12.5 32.75-12.5 45.25 0s12.5 32.75 0 45.25l-105.4 105.4L310.6 361.4z\"><\/path><\/svg><\/button><\/div><\/div><\/div>\n<\/div>\n<\/div>\n<\/div>\n<\/div>\n","protected":false},"excerpt":{"rendered":"<p>Johann Gottlieb Fichte war ein deutscher Philosoph und einer der bedeutendsten Vertreter des Deutschen Idealismus.<\/p>\n","protected":false},"author":1,"featured_media":13553,"comment_status":"closed","ping_status":"closed","sticky":false,"template":"template-page-builder-no-header-footer.php","format":"standard","meta":{"_uag_custom_page_level_css":"","footnotes":""},"categories":[76],"tags":[191,95,154],"class_list":["post-15924","post","type-post","status-publish","format-standard","has-post-thumbnail","hentry","category-portraets","tag-fichte","tag-idealismus","tag-neuheit"],"featured_image_src":"https:\/\/museum-der-philosophie.de\/wp-content\/uploads\/2024\/12\/Johann_gottlieb_fichte1.jpg","author_info":{"display_name":"Klaus F\u00fcrst","author_link":"https:\/\/museum-der-philosophie.de\/?author=1"},"uagb_featured_image_src":{"full":["https:\/\/museum-der-philosophie.de\/wp-content\/uploads\/2024\/12\/Johann_gottlieb_fichte1.jpg",470,640,false],"thumbnail":["https:\/\/museum-der-philosophie.de\/wp-content\/uploads\/2024\/12\/Johann_gottlieb_fichte1-150x204.jpg",150,204,true],"medium":["https:\/\/museum-der-philosophie.de\/wp-content\/uploads\/2024\/12\/Johann_gottlieb_fichte1-400x545.jpg",400,545,true],"medium_large":["https:\/\/museum-der-philosophie.de\/wp-content\/uploads\/2024\/12\/Johann_gottlieb_fichte1.jpg",470,640,false],"large":["https:\/\/museum-der-philosophie.de\/wp-content\/uploads\/2024\/12\/Johann_gottlieb_fichte1.jpg",470,640,false],"1536x1536":["https:\/\/museum-der-philosophie.de\/wp-content\/uploads\/2024\/12\/Johann_gottlieb_fichte1.jpg",470,640,false],"2048x2048":["https:\/\/museum-der-philosophie.de\/wp-content\/uploads\/2024\/12\/Johann_gottlieb_fichte1.jpg",470,640,false],"education-zone-banner":["https:\/\/museum-der-philosophie.de\/wp-content\/uploads\/2024\/12\/Johann_gottlieb_fichte1.jpg",470,640,false],"education-zone-image-full":["https:\/\/museum-der-philosophie.de\/wp-content\/uploads\/2024\/12\/Johann_gottlieb_fichte1-470x458.jpg",470,458,true],"education-zone-image":["https:\/\/museum-der-philosophie.de\/wp-content\/uploads\/2024\/12\/Johann_gottlieb_fichte1-470x458.jpg",470,458,true],"education-zone-recent-post":["https:\/\/museum-der-philosophie.de\/wp-content\/uploads\/2024\/12\/Johann_gottlieb_fichte1-70x70.jpg",70,70,true],"education-zone-search-result":["https:\/\/museum-der-philosophie.de\/wp-content\/uploads\/2024\/12\/Johann_gottlieb_fichte1-246x246.jpg",246,246,true],"education-zone-featured-course":["https:\/\/museum-der-philosophie.de\/wp-content\/uploads\/2024\/12\/Johann_gottlieb_fichte1-276x276.jpg",276,276,true],"education-zone-testimonial":["https:\/\/museum-der-philosophie.de\/wp-content\/uploads\/2024\/12\/Johann_gottlieb_fichte1-125x125.jpg",125,125,true],"education-zone-blog-full":["https:\/\/museum-der-philosophie.de\/wp-content\/uploads\/2024\/12\/Johann_gottlieb_fichte1-470x480.jpg",470,480,true],"wpvr_mobile":["https:\/\/museum-der-philosophie.de\/wp-content\/uploads\/2024\/12\/Johann_gottlieb_fichte1.jpg",470,640,false]},"uagb_author_info":{"display_name":"Klaus F\u00fcrst","author_link":"https:\/\/museum-der-philosophie.de\/?author=1"},"uagb_comment_info":0,"uagb_excerpt":"Johann Gottlieb Fichte war ein deutscher Philosoph und einer der bedeutendsten Vertreter des Deutschen Idealismus.","_links":{"self":[{"href":"https:\/\/museum-der-philosophie.de\/index.php?rest_route=\/wp\/v2\/posts\/15924","targetHints":{"allow":["GET"]}}],"collection":[{"href":"https:\/\/museum-der-philosophie.de\/index.php?rest_route=\/wp\/v2\/posts"}],"about":[{"href":"https:\/\/museum-der-philosophie.de\/index.php?rest_route=\/wp\/v2\/types\/post"}],"author":[{"embeddable":true,"href":"https:\/\/museum-der-philosophie.de\/index.php?rest_route=\/wp\/v2\/users\/1"}],"replies":[{"embeddable":true,"href":"https:\/\/museum-der-philosophie.de\/index.php?rest_route=%2Fwp%2Fv2%2Fcomments&post=15924"}],"version-history":[{"count":23,"href":"https:\/\/museum-der-philosophie.de\/index.php?rest_route=\/wp\/v2\/posts\/15924\/revisions"}],"predecessor-version":[{"id":16892,"href":"https:\/\/museum-der-philosophie.de\/index.php?rest_route=\/wp\/v2\/posts\/15924\/revisions\/16892"}],"wp:featuredmedia":[{"embeddable":true,"href":"https:\/\/museum-der-philosophie.de\/index.php?rest_route=\/wp\/v2\/media\/13553"}],"wp:attachment":[{"href":"https:\/\/museum-der-philosophie.de\/index.php?rest_route=%2Fwp%2Fv2%2Fmedia&parent=15924"}],"wp:term":[{"taxonomy":"category","embeddable":true,"href":"https:\/\/museum-der-philosophie.de\/index.php?rest_route=%2Fwp%2Fv2%2Fcategories&post=15924"},{"taxonomy":"post_tag","embeddable":true,"href":"https:\/\/museum-der-philosophie.de\/index.php?rest_route=%2Fwp%2Fv2%2Ftags&post=15924"}],"curies":[{"name":"wp","href":"https:\/\/api.w.org\/{rel}","templated":true}]}}