{"id":16273,"date":"2025-08-28T17:24:56","date_gmt":"2025-08-28T15:24:56","guid":{"rendered":"https:\/\/museum-der-philosophie.de\/?p=16273"},"modified":"2025-08-28T19:35:06","modified_gmt":"2025-08-28T17:35:06","slug":"thomas-von-aquin-3","status":"publish","type":"post","link":"https:\/\/museum-der-philosophie.de\/?p=16273","title":{"rendered":"Aristoteles"},"content":{"rendered":"\n<div class=\"wp-block-uagb-modal uagb-block-40cd57cd uagb-modal-wrapper uag-hide-desktop uag-hide-tab\" data-escpress=\"enable\" data-overlayclick=\"enable\"><img decoding=\"async\" src=\"https:\/\/museum-der-philosophie.de\/wp-content\/uploads\/2024\/11\/2000px-Hamburger_icon.svg1_-150x150.png\" alt=\"\" class=\"uagb-modal-trigger\" width=\"150\" height=\"150\" loading=\"lazy\"\/><div class=\"uagb-effect-default uagb-modal-popup uagb-block-40cd57cd uagb-modal-type-undefined\"><div class=\"uagb-modal-popup-wrap\"><div class=\"uagb-modal-popup-content\"><form role=\"search\" method=\"get\" action=\"https:\/\/museum-der-philosophie.de\/\" class=\"wp-block-search__button-outside wp-block-search__text-button wp-block-search\"    ><label class=\"wp-block-search__label\" for=\"wp-block-search__input-1\"  style=\"font-size: 20px\"><strong>Suchen<\/strong><\/label><div class=\"wp-block-search__inside-wrapper\" ><input class=\"wp-block-search__input\" id=\"wp-block-search__input-1\" placeholder=\"\" value=\"\" type=\"search\" name=\"s\" required  style=\"font-size: 20px\"\/><button aria-label=\"Suchen\" class=\"wp-block-search__button wp-element-button\" type=\"submit\"  style=\"font-size: 20px\">Suchen<\/button><\/div><\/form>\n\n\n<div style=\"height:30px\" aria-hidden=\"true\" class=\"wp-block-spacer\"><\/div>\n\n\n\n<div class=\"wp-block-columns is-layout-flex wp-container-core-columns-is-layout-9d6595d7 wp-block-columns-is-layout-flex\">\n<div class=\"wp-block-column is-layout-flow wp-block-column-is-layout-flow\">\n<p class=\"has-text-align-left\"><strong>Wegweiser<\/strong><\/p>\n\n\n\n<p><a href=\"https:\/\/museum-der-philosophie.de\/\">Startseite<\/a><br><a href=\"https:\/\/museum-der-philosophie.de\/?page_id=3109\" data-type=\"page\" data-id=\"3109\">Themen und Objekte<\/a><br><a href=\"https:\/\/museum-der-philosophie.de\/?page_id=12381\" data-type=\"page\" data-id=\"12381\">Ideen und Ereignisse<\/a><br><a href=\"https:\/\/museum-der-philosophie.de\/?page_id=9393#a0\" data-type=\"page\" data-id=\"9393\">Was gibt&#8217;s Neues<\/a><br><a href=\"https:\/\/museum-der-philosophie.de\/?page_id=11208#a0\" data-type=\"page\" data-id=\"11208\">Kalenderblatt<\/a><\/p>\n\n\n\n<p>Das Museum<br>\u2022 <a href=\"https:\/\/museum-der-philosophie.de\/?page_id=1336\" data-type=\"page\" data-id=\"1336\">\u00dcber uns<\/a><br>\u2022 <a href=\"https:\/\/museum-der-philosophie.de\/?p=13711\" data-type=\"post\" data-id=\"13711\">Bildschirmdarstellung<\/a><br>\u2022 <a href=\"https:\/\/museum-der-philosophie.de\/?page_id=9363\" data-type=\"page\" data-id=\"9363\">Partner und Unterst\u00fctzer<\/a><br>\u2022 <a href=\"https:\/\/museum-der-philosophie.de\/?page_id=2054\" data-type=\"page\" data-id=\"2054\">Mitmachen<\/a><br>\u2022 <a href=\"https:\/\/museum-der-philosophie.de\/?page_id=7106\" data-type=\"page\" data-id=\"7106\">Newsletter<\/a><\/p>\n\n\n\n<p class=\"has-text-align-left\"><strong>R\u00e4ume<\/strong><\/p>\n\n\n\n<p><a href=\"https:\/\/museum-der-philosophie.de\/?page_id=561#a0\" data-type=\"page\" data-id=\"561\">Empfangshalle<\/a><br><a href=\"https:\/\/museum-der-philosophie.de\/?page_id=3140\" data-type=\"page\" data-id=\"3140\">Sonderausstellung<\/a><br><a href=\"https:\/\/museum-der-philosophie.de\/?page_id=688\" data-type=\"page\" data-id=\"688\">Ruhmeshalle<\/a><br><a href=\"https:\/\/museum-der-philosophie.de\/?page_id=1171\" data-type=\"page\" data-id=\"1171\">Bibliothek<\/a><br><a href=\"https:\/\/museum-der-philosophie.de\/?page_id=3375\" data-type=\"page\" data-id=\"3375\">Zitaten-Schatzkammer<\/a><br><a href=\"https:\/\/museum-der-philosophie.de\/?page_id=838\" data-type=\"page\" data-id=\"838\">Kids&#8216; Philosophy<\/a><br><a href=\"https:\/\/museum-der-philosophie.de\/?page_id=6128\" data-type=\"page\" data-id=\"6128\">Kinosaal<\/a><br><a href=\"https:\/\/museum-der-philosophie.de\/?page_id=1959\" data-type=\"page\" data-id=\"1959\">Debattenraum<\/a><\/p>\n\n\n\n<p><a href=\"https:\/\/museum-der-philosophie.de\/?page_id=1900\" data-type=\"page\" data-id=\"1900\">G\u00e4stebuch<\/a><\/p>\n\n\n\n<p><a href=\"https:\/\/museum-der-philosophie.de\/?page_id=1375\" data-type=\"page\" data-id=\"1375\">Rechtliches \/ Impressum<\/a><\/p>\n<\/div>\n<\/div>\n<\/div><button class=\"uagb-modal-popup-close\" aria-label=\"Close Modal\"><svg xmlns=\"https:\/\/www.w3.org\/2000\/svg\" viewBox=\"0 0 320 512\"><path d=\"M310.6 361.4c12.5 12.5 12.5 32.75 0 45.25C304.4 412.9 296.2 416 288 416s-16.38-3.125-22.62-9.375L160 301.3L54.63 406.6C48.38 412.9 40.19 416 32 416S15.63 412.9 9.375 406.6c-12.5-12.5-12.5-32.75 0-45.25l105.4-105.4L9.375 150.6c-12.5-12.5-12.5-32.75 0-45.25s32.75-12.5 45.25 0L160 210.8l105.4-105.4c12.5-12.5 32.75-12.5 45.25 0s12.5 32.75 0 45.25l-105.4 105.4L310.6 361.4z\"><\/path><\/svg><\/button><\/div><\/div><\/div>\n\n\n\n<div class=\"wp-block-uagb-container uag-hide-desktop uag-hide-tab uagb-block-6afda995 alignfull uagb-is-root-container\"><div class=\"uagb-container-inner-blocks-wrap\">\n<p class=\"has-text-align-center has-white-color has-luminous-vivid-orange-background-color has-text-color has-background has-link-color uag-hide-desktop uag-hide-tab wp-elements-604b59db84068a3d44a47482301b3412\">Dies ist eine vereinfachte Darstellung f\u00fcr Mobiltelefone.<br>Die originalgetreue Wiedergabe des Exponats ist nur auf Bildschirm oder Tablet m\u00f6glich.<\/p>\n<\/div><\/div>\n\n\n\n<div class=\"wp-block-uagb-modal uagb-block-40cd57cd uagb-modal-wrapper uag-hide-desktop uag-hide-tab\" data-escpress=\"enable\" data-overlayclick=\"enable\"><img decoding=\"async\" src=\"https:\/\/museum-der-philosophie.de\/wp-content\/uploads\/2024\/11\/2000px-Hamburger_icon.svg1_-150x150.png\" alt=\"\" class=\"uagb-modal-trigger\" width=\"150\" height=\"150\" loading=\"lazy\"\/><div class=\"uagb-effect-default uagb-modal-popup uagb-block-40cd57cd uagb-modal-type-undefined\"><div class=\"uagb-modal-popup-wrap\"><div class=\"uagb-modal-popup-content\"><form role=\"search\" method=\"get\" action=\"https:\/\/museum-der-philosophie.de\/\" class=\"wp-block-search__button-outside wp-block-search__text-button wp-block-search\"    ><label class=\"wp-block-search__label\" for=\"wp-block-search__input-2\"  style=\"font-size: 20px\"><strong>Suchen<\/strong><\/label><div class=\"wp-block-search__inside-wrapper\" ><input class=\"wp-block-search__input\" id=\"wp-block-search__input-2\" placeholder=\"\" value=\"\" type=\"search\" name=\"s\" required  style=\"font-size: 20px\"\/><button aria-label=\"Suchen\" class=\"wp-block-search__button wp-element-button\" type=\"submit\"  style=\"font-size: 20px\">Suchen<\/button><\/div><\/form>\n\n\n<div style=\"height:30px\" aria-hidden=\"true\" class=\"wp-block-spacer\"><\/div>\n\n\n\n<div class=\"wp-block-columns is-layout-flex wp-container-core-columns-is-layout-9d6595d7 wp-block-columns-is-layout-flex\">\n<div class=\"wp-block-column is-layout-flow wp-block-column-is-layout-flow\">\n<p class=\"has-text-align-left\"><strong>Wegweiser<\/strong><\/p>\n\n\n\n<p><a href=\"https:\/\/museum-der-philosophie.de\/\">Startseite<\/a><br><a href=\"https:\/\/museum-der-philosophie.de\/?page_id=3109\" data-type=\"page\" data-id=\"3109\">Themen und Objekte<\/a><br><a href=\"https:\/\/museum-der-philosophie.de\/?page_id=12381\" data-type=\"page\" data-id=\"12381\">Ideen und Ereignisse<\/a><br><a href=\"https:\/\/museum-der-philosophie.de\/?page_id=9393#a0\" data-type=\"page\" data-id=\"9393\">Was gibt&#8217;s Neues<\/a><br><a href=\"https:\/\/museum-der-philosophie.de\/?page_id=11208#a0\" data-type=\"page\" data-id=\"11208\">Kalenderblatt<\/a><\/p>\n\n\n\n<p>Das Museum<br>\u2022 <a href=\"https:\/\/museum-der-philosophie.de\/?page_id=1336\" data-type=\"page\" data-id=\"1336\">\u00dcber uns<\/a><br>\u2022 <a href=\"https:\/\/museum-der-philosophie.de\/?p=13711\" data-type=\"post\" data-id=\"13711\">Bildschirmdarstellung<\/a><br>\u2022 <a href=\"https:\/\/museum-der-philosophie.de\/?page_id=9363\" data-type=\"page\" data-id=\"9363\">Partner und Unterst\u00fctzer<\/a><br>\u2022 <a href=\"https:\/\/museum-der-philosophie.de\/?page_id=2054\" data-type=\"page\" data-id=\"2054\">Mitmachen<\/a><br>\u2022 <a href=\"https:\/\/museum-der-philosophie.de\/?page_id=7106\" data-type=\"page\" data-id=\"7106\">Newsletter<\/a><\/p>\n\n\n\n<p class=\"has-text-align-left\"><strong>R\u00e4ume<\/strong><\/p>\n\n\n\n<p><a href=\"https:\/\/museum-der-philosophie.de\/?page_id=561#a0\" data-type=\"page\" data-id=\"561\">Empfangshalle<\/a><br><a href=\"https:\/\/museum-der-philosophie.de\/?page_id=3140\" data-type=\"page\" data-id=\"3140\">Sonderausstellung<\/a><br><a href=\"https:\/\/museum-der-philosophie.de\/?page_id=688\" data-type=\"page\" data-id=\"688\">Ruhmeshalle<\/a><br><a href=\"https:\/\/museum-der-philosophie.de\/?page_id=1171\" data-type=\"page\" data-id=\"1171\">Bibliothek<\/a><br><a href=\"https:\/\/museum-der-philosophie.de\/?page_id=3375\" data-type=\"page\" data-id=\"3375\">Zitaten-Schatzkammer<\/a><br><a href=\"https:\/\/museum-der-philosophie.de\/?page_id=838\" data-type=\"page\" data-id=\"838\">Kids&#8216; Philosophy<\/a><br><a href=\"https:\/\/museum-der-philosophie.de\/?page_id=6128\" data-type=\"page\" data-id=\"6128\">Kinosaal<\/a><br><a href=\"https:\/\/museum-der-philosophie.de\/?page_id=1959\" data-type=\"page\" data-id=\"1959\">Debattenraum<\/a><\/p>\n\n\n\n<p><a href=\"https:\/\/museum-der-philosophie.de\/?page_id=1900\" data-type=\"page\" data-id=\"1900\">G\u00e4stebuch<\/a><\/p>\n\n\n\n<p><a href=\"https:\/\/museum-der-philosophie.de\/?page_id=1375\" data-type=\"page\" data-id=\"1375\">Rechtliches \/ Impressum<\/a><\/p>\n<\/div>\n<\/div>\n<\/div><button class=\"uagb-modal-popup-close\" aria-label=\"Close Modal\"><svg xmlns=\"https:\/\/www.w3.org\/2000\/svg\" viewBox=\"0 0 320 512\"><path d=\"M310.6 361.4c12.5 12.5 12.5 32.75 0 45.25C304.4 412.9 296.2 416 288 416s-16.38-3.125-22.62-9.375L160 301.3L54.63 406.6C48.38 412.9 40.19 416 32 416S15.63 412.9 9.375 406.6c-12.5-12.5-12.5-32.75 0-45.25l105.4-105.4L9.375 150.6c-12.5-12.5-12.5-32.75 0-45.25s32.75-12.5 45.25 0L160 210.8l105.4-105.4c12.5-12.5 32.75-12.5 45.25 0s12.5 32.75 0 45.25l-105.4 105.4L310.6 361.4z\"><\/path><\/svg><\/button><\/div><\/div><\/div>\n\n\n\n<div id=\"a0\" class=\"wp-block-uagb-container uagb-block-ae6d3886 default uagb-is-root-container\">\n<div class=\"wp-block-uagb-container uagb-block-309d4a35\">\n<div class=\"wp-block-uagb-container uag-hide-mob uagb-block-55d7099b\">\n<div class=\"wp-block-uagb-modal uagb-block-8075ad28 uagb-modal-wrapper\" data-escpress=\"enable\" data-overlayclick=\"enable\"><img decoding=\"async\" src=\"https:\/\/museum-der-philosophie.de\/wp-content\/uploads\/2024\/11\/2000px-Hamburger_icon.svg1_-400x400.png\" alt=\"\" class=\"uagb-modal-trigger\" width=\"400\" height=\"400\" loading=\"lazy\"\/><div class=\"uagb-effect-default uagb-modal-popup uagb-block-8075ad28 uagb-modal-type-undefined\"><div class=\"uagb-modal-popup-wrap\"><div class=\"uagb-modal-popup-content\"><form role=\"search\" method=\"get\" action=\"https:\/\/museum-der-philosophie.de\/\" class=\"wp-block-search__button-outside wp-block-search__text-button wp-block-search\"    ><label class=\"wp-block-search__label\" for=\"wp-block-search__input-3\"  style=\"font-size: 20px\"><strong>Suchen<\/strong><\/label><div class=\"wp-block-search__inside-wrapper\" ><input class=\"wp-block-search__input\" id=\"wp-block-search__input-3\" placeholder=\"\" value=\"\" type=\"search\" name=\"s\" required  style=\"font-size: 20px\"\/><button aria-label=\"Suchen\" class=\"wp-block-search__button wp-element-button\" type=\"submit\"  style=\"font-size: 20px\">Suchen<\/button><\/div><\/form>\n\n\n<div style=\"height:30px\" aria-hidden=\"true\" class=\"wp-block-spacer\"><\/div>\n\n\n\n<div class=\"wp-block-columns is-layout-flex wp-container-core-columns-is-layout-9d6595d7 wp-block-columns-is-layout-flex\">\n<div class=\"wp-block-column is-layout-flow wp-block-column-is-layout-flow\" style=\"font-size:18px\">\n<p class=\"has-text-align-left\" style=\"font-size:20px\"><strong>Wegweiser<\/strong><\/p>\n\n\n\n<p style=\"font-size:20px\"><a href=\"https:\/\/museum-der-philosophie.de\/\">Startseite<\/a><\/p>\n\n\n\n<p style=\"font-size:20px\"><a href=\"https:\/\/museum-der-philosophie.de\/?page_id=561#a11\" data-type=\"page\" data-id=\"561\">Wegweiser<\/a><\/p>\n\n\n\n<p style=\"font-size:20px\"><a href=\"https:\/\/museum-der-philosophie.de\/?page_id=3109\" data-type=\"page\" data-id=\"3109\">Themen und Objekte<\/a><\/p>\n\n\n\n<p style=\"font-size:20px\"><a href=\"https:\/\/museum-der-philosophie.de\/?page_id=12381\">Ideen und Ereignisse<\/a><\/p>\n\n\n\n<p style=\"font-size:20px\"><a href=\"https:\/\/museum-der-philosophie.de\/?page_id=9393#a0\" data-type=\"page\" data-id=\"9393\">Was gibt&#8217;s Neues<\/a><\/p>\n\n\n\n<p style=\"font-size:20px\"><a href=\"https:\/\/museum-der-philosophie.de\/?page_id=11208#a0\" data-type=\"page\" data-id=\"11208\">Kalenderblatt<\/a><\/p>\n<\/div>\n\n\n\n<div class=\"wp-block-column is-layout-flow wp-block-column-is-layout-flow\">\n<p class=\"has-text-align-left\" style=\"font-size:20px\"><strong>R\u00e4ume<\/strong><\/p>\n\n\n\n<p style=\"font-size:20px\"><a href=\"https:\/\/museum-der-philosophie.de\/?page_id=561#a0\" data-type=\"page\" data-id=\"561\">Empfangshalle<\/a><\/p>\n\n\n\n<p style=\"font-size:20px\"><a href=\"https:\/\/museum-der-philosophie.de\/?page_id=3140\" data-type=\"page\" data-id=\"3140\">Sonderausstellung<\/a><\/p>\n\n\n\n<p style=\"font-size:20px\"><a href=\"https:\/\/museum-der-philosophie.de\/?page_id=688\" data-type=\"page\" data-id=\"688\">Ruhmeshalle<\/a><\/p>\n\n\n\n<p style=\"font-size:20px\"><a href=\"https:\/\/museum-der-philosophie.de\/?page_id=14612\" data-type=\"page\" data-id=\"688\">Kunstgalerie<\/a><\/p>\n\n\n\n<p style=\"font-size:20px\"><a href=\"https:\/\/museum-der-philosophie.de\/?page_id=1171\" data-type=\"page\" data-id=\"1171\">Bibliothek<\/a><\/p>\n\n\n\n<p style=\"font-size:20px\"><a href=\"https:\/\/museum-der-philosophie.de\/?page_id=3375\" data-type=\"page\" data-id=\"3375\">Zitaten-Schatzkammer<\/a><\/p>\n\n\n\n<p style=\"font-size:20px\"><a href=\"https:\/\/museum-der-philosophie.de\/?page_id=838\" data-type=\"page\" data-id=\"838\">Kids&#8216; Philosophy<\/a><\/p>\n\n\n\n<p style=\"font-size:20px\"><a href=\"https:\/\/museum-der-philosophie.de\/?page_id=6128\" data-type=\"page\" data-id=\"6128\">Kinosaal<\/a><\/p>\n\n\n\n<p style=\"font-size:20px\"><a href=\"https:\/\/museum-der-philosophie.de\/?page_id=1959\" data-type=\"page\" data-id=\"1959\">Debattenraum<\/a><\/p>\n<\/div>\n\n\n\n<div class=\"wp-block-column is-layout-flow wp-block-column-is-layout-flow\">\n<p style=\"font-size:20px\"><strong>Das Museum<\/strong><\/p>\n\n\n\n<p style=\"font-size:20px\"><a href=\"https:\/\/museum-der-philosophie.de\/?page_id=1336\" data-type=\"page\" data-id=\"1336\">\u00dcber uns<\/a><\/p>\n\n\n\n<p style=\"font-size:20px\"><a href=\"https:\/\/museum-der-philosophie.de\/?p=13711\" data-type=\"post\" data-id=\"13711\">Bildschirmdarstellung<\/a><\/p>\n\n\n\n<p style=\"font-size:20px\"><a href=\"https:\/\/museum-der-philosophie.de\/?page_id=9363\" data-type=\"page\" data-id=\"9363\">Partner und Unterst\u00fctzer<\/a><\/p>\n\n\n\n<p style=\"font-size:20px\"><a href=\"https:\/\/museum-der-philosophie.de\/?page_id=2054\" data-type=\"page\" data-id=\"2054\">Mitmachen<\/a><\/p>\n\n\n\n<p style=\"font-size:20px\"><a href=\"https:\/\/museum-der-philosophie.de\/?page_id=7106\" data-type=\"page\" data-id=\"7106\">Newsletter<\/a><\/p>\n\n\n\n<p style=\"font-size:20px\"><a href=\"https:\/\/museum-der-philosophie.de\/?page_id=1375\" data-type=\"page\" data-id=\"1375\">Rechtliches \/ Impressum<\/a><\/p>\n\n\n\n<p style=\"font-size:20px\"><strong><mark style=\"background-color:rgba(0, 0, 0, 0)\" class=\"has-inline-color has-luminous-vivid-orange-color\">Bitte trage dich in unser<br><a href=\"https:\/\/museum-der-philosophie.de\/?page_id=1900\" data-type=\"page\" data-id=\"1900\">G\u00e4stebuch<\/a> ein.<br>\u00dcber ein paar Zeilen w\u00fcrden wir uns sehr freuen.<\/mark><\/strong><\/p>\n<\/div>\n<\/div>\n<\/div><button class=\"uagb-modal-popup-close\" aria-label=\"Close Modal\"><svg xmlns=\"https:\/\/www.w3.org\/2000\/svg\" viewBox=\"0 0 320 512\"><path d=\"M310.6 361.4c12.5 12.5 12.5 32.75 0 45.25C304.4 412.9 296.2 416 288 416s-16.38-3.125-22.62-9.375L160 301.3L54.63 406.6C48.38 412.9 40.19 416 32 416S15.63 412.9 9.375 406.6c-12.5-12.5-12.5-32.75 0-45.25l105.4-105.4L9.375 150.6c-12.5-12.5-12.5-32.75 0-45.25s32.75-12.5 45.25 0L160 210.8l105.4-105.4c12.5-12.5 32.75-12.5 45.25 0s12.5 32.75 0 45.25l-105.4 105.4L310.6 361.4z\"><\/path><\/svg><\/button><\/div><\/div><\/div>\n\n\n\n<div class=\"wp-block-uagb-advanced-heading uagb-block-3c927f7b\"><div class=\"uagb-heading-text\">Men\u00fc<\/div><\/div>\n<\/div>\n\n\n\n<div class=\"wp-block-uagb-container uagb-block-27f57c07\">\n<div class=\"wp-block-uagb-container uagb-block-54910ede\">\n<div class=\"wp-block-uagb-advanced-heading uagb-block-383f54a2\"><h2 class=\"uagb-heading-text\"><strong><strong>Aristoteles<\/strong><\/strong><br><a href=\"#a1\"><\/a><\/h2><p class=\"uagb-desc-text\"><strong>* <\/strong>384 v. Chr. in Stageira<br>\u2020 322 v. Chr. in Chalkis auf Eub\u00f6a<strong><br><\/strong>war ein griechischer Philosoph und Universalgelehrter. Er gilt als einer der einflussreichsten Denker der Geschichte.<\/p><\/div>\n\n\n\n<p class=\"has-white-color has-text-color has-link-color has-small-font-size wp-elements-d56167ebb757af050bb496520a4be899\">Bild: <br>&#8222;Die Schule des Aristoteles&#8220;<br>von Gustav Adolph Spangenberg <br>(siehe Ehrungen)<\/p>\n<\/div>\n<\/div>\n<\/div>\n\n\n\n<div class=\"wp-block-uagb-container uag-blocks-common-selector uagb-block-fd294d21\">\n<div class=\"wp-block-uagb-container uagb-block-c107189d\">\n<div class=\"wp-block-uagb-testimonial uagb-slick-carousel uagb-tm__arrow-outside uagb-block-3f3ce948\"><div class=\"is-carousel uagb-tm__columns-1 uagb-tm__items\"><div class=\"uagb-testimonial__wrap  uagb-tm__imgicon-style-circle uagb-tm__image-position-bottom uagb-tm__bg-type-color \"><div class=\"uagb-tm__content\"><div class=\"uagb-tm__overlay\"><\/div><div class=\"uagb-tm__text-wrap\"><div class=\"uagb-tm__desc\"><em><em><strong>Tapferkeit in Verbindung mit Macht f\u00fchrt zu Tollk\u00fchnheit.<\/strong><\/em><\/em><\/div><div class=\"uagb-tm__meta-inner\"><div class=\"uagb-testimonial-details\"><span class=\"uagb-tm__author-name\"><\/span><span class=\"uagb-tm__company\">Company Name<\/span><\/div><\/div><\/div><\/div><\/div><div class=\"uagb-testimonial__wrap  uagb-tm__imgicon-style-circle uagb-tm__image-position-bottom uagb-tm__bg-type-color \"><div class=\"uagb-tm__content\"><div class=\"uagb-tm__overlay\"><\/div><div class=\"uagb-tm__text-wrap\"><div class=\"uagb-tm__desc\"><strong><em>Das\u00a0Ganze\u00a0ist mehr als die Summe seiner Teile.<\/em><\/strong><\/div><div class=\"uagb-tm__meta-inner\"><div class=\"uagb-testimonial-details\"><span class=\"uagb-tm__author-name\"> <\/span><span class=\"uagb-tm__company\">Company Name<\/span><\/div><\/div><\/div><\/div><\/div><div class=\"uagb-testimonial__wrap  uagb-tm__imgicon-style-circle uagb-tm__image-position-bottom uagb-tm__bg-type-color \"><div class=\"uagb-tm__content\"><div class=\"uagb-tm__overlay\"><\/div><div class=\"uagb-tm__text-wrap\"><div class=\"uagb-tm__desc\"><strong><em>\u00dcberall in der Natur ist etwas vom Wunderbaren.<\/em><\/strong><\/div><div class=\"uagb-tm__meta-inner\"><div class=\"uagb-testimonial-details\"><span class=\"uagb-tm__author-name\"><\/span><span class=\"uagb-tm__company\">Company Name<\/span><\/div><\/div><\/div><\/div><\/div><div class=\"uagb-testimonial__wrap  uagb-tm__imgicon-style-circle uagb-tm__image-position-bottom uagb-tm__bg-type-color \"><div class=\"uagb-tm__content\"><div class=\"uagb-tm__overlay\"><\/div><div class=\"uagb-tm__text-wrap\"><div class=\"uagb-tm__desc\"><em><strong>Denn eine Schwalbe macht noch keinen Fr\u00fchling<\/strong><\/em><\/div><div class=\"uagb-tm__meta-inner\"><div class=\"uagb-testimonial-details\"><span class=\"uagb-tm__author-name\"><\/span><span class=\"uagb-tm__company\">Company Name<\/span><\/div><\/div><\/div><\/div><\/div><div class=\"uagb-testimonial__wrap  uagb-tm__imgicon-style-circle uagb-tm__image-position-bottom uagb-tm__bg-type-color \"><div class=\"uagb-tm__content\"><div class=\"uagb-tm__overlay\"><\/div><div class=\"uagb-tm__text-wrap\"><div class=\"uagb-tm__desc\"><strong><em>Alle Menschen streben von Natur aus nach Wissen.<\/em><\/strong><\/div><div class=\"uagb-tm__meta-inner\"><div class=\"uagb-testimonial-details\"><span class=\"uagb-tm__author-name\">John Doe<\/span><span class=\"uagb-tm__company\">Company Name<\/span><\/div><\/div><\/div><\/div><\/div><div class=\"uagb-testimonial__wrap  uagb-tm__imgicon-style-circle uagb-tm__image-position-bottom uagb-tm__bg-type-color \"><div class=\"uagb-tm__content\"><div class=\"uagb-tm__overlay\"><\/div><div class=\"uagb-tm__text-wrap\"><div class=\"uagb-tm__desc\"><strong><em>Die Ehrgeizigen haben mehr Neigung zum Neid als die, welche vom Ehrgeiz frei sind.<\/em><\/strong><br><\/div><div class=\"uagb-tm__meta-inner\"><div class=\"uagb-testimonial-details\"><span class=\"uagb-tm__author-name\">John Doe<\/span><span class=\"uagb-tm__company\">Company Name<\/span><\/div><\/div><\/div><\/div><\/div><div class=\"uagb-testimonial__wrap  uagb-tm__imgicon-style-circle uagb-tm__image-position-bottom uagb-tm__bg-type-color \"><div class=\"uagb-tm__content\"><div class=\"uagb-tm__overlay\"><\/div><div class=\"uagb-tm__text-wrap\"><div class=\"uagb-tm__desc\"><strong><em>\u00dcberall in der Natur ist etwas vom Wunderbaren.<\/em><\/strong><\/div><div class=\"uagb-tm__meta-inner\"><div class=\"uagb-testimonial-details\"><span class=\"uagb-tm__author-name\">John Doe<\/span><span class=\"uagb-tm__company\">Company Name<\/span><\/div><\/div><\/div><\/div><\/div><\/div><\/div>\n<\/div>\n\n\n\n<div class=\"wp-block-uagb-container uag-hide-mob uagb-block-69d13041\"><\/div>\n\n\n\n<div class=\"wp-block-uagb-container uagb-block-71bc696b\">\n<div class=\"wp-block-uagb-container uagb-block-27e976ec\">\n<div class=\"wp-block-uagb-modal uagb-block-cb18c021 uagb-modal-wrapper\" data-escpress=\"enable\" data-overlayclick=\"enable\"><img decoding=\"async\" src=\"https:\/\/museum-der-philosophie.de\/wp-content\/uploads\/2024\/03\/Biografie3.png\" alt=\"\" class=\"uagb-modal-trigger\" width=\"249\" height=\"212\" loading=\"lazy\"\/><div class=\"uagb-effect-default uagb-modal-popup uagb-block-cb18c021 uagb-modal-type-undefined\"><div class=\"uagb-modal-popup-wrap\"><div class=\"uagb-modal-popup-content\">\n<p>Unter den fr\u00fchen Wissenschaftlern verdient der altgriechische Philosoph Aristoteles mehr als jeder andere die Bezeichnung &#8222;Universalgelehrter&#8220;. Seine Werke belegen ein gr\u00f6\u00dferes Ausma\u00df geistigen Strebens als die der anderen Naturforscher. Es gibt kaum eine andere Gestalt in der Geschichte, die die F\u00fclle seines Erkennens und noch wichtiger &#8211; seines Forschens \u00fcbertroffen h\u00e4tte. Ob Ethik, Literatur, Zoologie, Logik, Psychologie, Meteorologie, Astronomie, Metaphysik oder Politik &#8211; alles besch\u00e4ftigte seinen Geist. Als ebenso fruchtbarer wie wegweisender Autor schrieb er \u00fcber diese und andere Wissensgebiete. Die drei\u00dfig erhalten gebliebenen B\u00fccher sind wohl nur ein Bruchteil seines Schaffens.<\/p>\n\n\n\n<p>Aristoteles wurde 384 v. Chr. in der makedonischen Stadt Stageira auf der thrakischen Halbinsel Chalkidike, nicht weit vom heutigen Thessaloniki im Norden Griechenlands, geboren. Nikomachos, sein Vater, war k\u00f6niglicher Arzt in Makedonien, starb aber fr\u00fch. Mit 17 wurde er von seinem Vormund nach Athen auf die Akademie des gro\u00dfen Philosophen Platon geschickt, wo er zwanzig Jahre lang bis zu Platons Tod studierte. Aristoteles&#8216; Weltbild d\u00fcrfte in dieser Zeit gepr\u00e4gt worden sein. Sp\u00e4ter entwickelte er Platons Vorstellungen weiter, stellte sie aber auch in Frage und lehnte einige davon entschieden ab. Der Einfluss des bedeutenden Lehrers auf sein Werk blieb jedoch nachhaltig bestehen.<\/p>\n\n\n\n<p>Danach bereiste Aristoteles einige Jahre Kleinasien. Seine lebendigen Beschreibungen der Meerestiere entstanden gewiss aus eigenen Beobachtungen. 343 v. Chr. berief ihn der makedonische K\u00f6nig Philipp II. zum Erzieher seines 13-j\u00e4hrigen Sohnes &#8211; es war der k\u00fcnftige Alexander der Gro\u00dfe. Etliche Jahre darauf kehrte er nach Athen zur\u00fcck und begr\u00fcndete seine eigene Schule im Peripatos des geheiligten Haines Lykeion, die bald wegen ihrer Bibliothek und ihres naturwissenschaftlichen Museums Ber\u00fchmtheit erlangte. Hier studierte und lehrte Aristoteles 13 Jahre lang eine Reihe von Themen, die zum ersten Mal die Naturkunde mit den angesehenen traditionellen Wissenschaften wie Mathematik, Medizin oder Astronomie gleichstellten. Einer seiner Sch\u00fcler war Theophrast, dessen Achtung vor Aristoteles&#8216; Methodik seine eigenen bahnbrechenden Beschreibungen der Pflanzenwelt beeinflusste. Theophrast wurde Arsitoteles&#8216; Nachfolger im Lykeion, als dieser sich 322 v. Chr. nach Chalkis auf Eub\u00f6a zur\u00fcckzog. Dort starb er wenig sp\u00e4ter mit 63 Jahren.<\/p>\n\n\n\n<p class=\"has-small-font-size\">Text aus: Julia Brittain &#8222;Aristoteles&#8220; in Robert Huxley (Hrsg.) &#8222;Die gro\u00dfen Naturforscher&#8220; M\u00fcnchen: Frederking &amp; Thaler 2007<\/p>\n\n\n\n<p>Weitere interessante biographische Details bietet unser Exponat <a href=\"https:\/\/museum-der-philosophie.de\/?p=5491\">Vergiftet, versklavt, vertrieben \u2013 die Schicksale der Gro\u00dfen Drei in Athen<\/a>.<\/p>\n<\/div><button class=\"uagb-modal-popup-close\" aria-label=\"Close Modal\"><svg xmlns=\"https:\/\/www.w3.org\/2000\/svg\" viewBox=\"0 0 320 512\"><path d=\"M310.6 361.4c12.5 12.5 12.5 32.75 0 45.25C304.4 412.9 296.2 416 288 416s-16.38-3.125-22.62-9.375L160 301.3L54.63 406.6C48.38 412.9 40.19 416 32 416S15.63 412.9 9.375 406.6c-12.5-12.5-12.5-32.75 0-45.25l105.4-105.4L9.375 150.6c-12.5-12.5-12.5-32.75 0-45.25s32.75-12.5 45.25 0L160 210.8l105.4-105.4c12.5-12.5 32.75-12.5 45.25 0s12.5 32.75 0 45.25l-105.4 105.4L310.6 361.4z\"><\/path><\/svg><\/button><\/div><\/div><\/div>\n<\/div>\n\n\n\n<div class=\"wp-block-uagb-container uagb-block-1e448d3b\">\n<div class=\"wp-block-uagb-modal uagb-block-76e3cf96 uagb-modal-wrapper\" data-escpress=\"enable\" data-overlayclick=\"enable\"><img decoding=\"async\" src=\"https:\/\/museum-der-philosophie.de\/wp-content\/uploads\/2024\/01\/pictwerke.png\" alt=\"\" class=\"uagb-modal-trigger\" width=\"249\" height=\"193\" loading=\"lazy\"\/><div class=\"uagb-effect-default uagb-modal-popup uagb-block-76e3cf96 uagb-modal-type-undefined\"><div class=\"uagb-modal-popup-wrap\"><div class=\"uagb-modal-popup-content\">\n<p>Laut antiker Verzeichnisse umfasst das Werk des Aristoteles um die 200 Schriften. \u00dcberliefert ist nur ein Teil.<\/p>\n\n\n\n<div class=\"wp-block-columns are-vertically-aligned-center is-layout-flex wp-container-core-columns-is-layout-9d6595d7 wp-block-columns-is-layout-flex\">\n<div class=\"wp-block-column is-vertically-aligned-center is-layout-flow wp-block-column-is-layout-flow\">\n<div class=\"wp-block-uagb-image uagb-block-9eae1de4 wp-block-uagb-image--layout-default wp-block-uagb-image--effect-static wp-block-uagb-image--align-none\"><figure class=\"wp-block-uagb-image__figure\"><img decoding=\"async\"  sizes=\"auto, (max-width: 480px) 150px\" src=\"https:\/\/museum-der-philosophie.de\/wp-content\/uploads\/2025\/08\/641c31d465f4919ce40f33b9_00DSC012601.webp\" alt=\"\" width=\"1049\" height=\"1500\" title=\"\" loading=\"lazy\" role=\"img\"\/><\/figure><\/div>\n<\/div>\n\n\n\n<div class=\"wp-block-column is-vertically-aligned-center is-layout-flow wp-block-column-is-layout-flow\">\n<div class=\"wp-block-uagb-advanced-heading uagb-block-85b30644\"><h2 class=\"uagb-heading-text\"><strong><strong>Organon<\/strong><\/strong><\/h2><p class=\"uagb-desc-text\">Das <em>Organon<\/em> umfasst sechs Schriften, die die aristotelische Logik systematisieren \u2013 etwa <em>Kategorien<\/em>, <em>Analytica priora<\/em> und <em>Topik<\/em>. Dieses Werk bildete die Grundlage der abendl\u00e4ndischen Logik bis ins 19. Jahrhundert und beeinflusste die gesamte Wissenschaftstheorie.<\/p><\/div>\n\n\n\n<p>lesen bei&nbsp;<a href=\"http:\/\/www.zeno.org\/Lesesaal\/N\/9781484030530?page=0\" target=\"_blank\" rel=\"noreferrer noopener\">Zeno<\/a><\/p>\n<\/div>\n<\/div>\n\n\n\n<div class=\"wp-block-columns are-vertically-aligned-center is-layout-flex wp-container-core-columns-is-layout-9d6595d7 wp-block-columns-is-layout-flex\">\n<div class=\"wp-block-column is-vertically-aligned-center is-layout-flow wp-block-column-is-layout-flow\">\n<p class=\"has-text-align-center has-large-font-size\"><strong><em>Das Ganze ist mehr als die Summe seiner Teile.<\/em><\/strong><\/p>\n<\/div>\n\n\n\n<div class=\"wp-block-column is-vertically-aligned-center is-layout-flow wp-block-column-is-layout-flow\">\n<div class=\"wp-block-uagb-advanced-heading uagb-block-f2d74ac2\"><h2 class=\"uagb-heading-text\"><strong><strong>Metaphysik<\/strong><\/strong><\/h2><p class=\"uagb-desc-text\">Die <em>Metaphysik<\/em> behandelt \u201edas Seiende als Seiendes\u201c und die Grundprinzipien der Wirklichkeit. Aristoteles entwickelt hier die Substanzlehre, die Vier-Ursachen-Lehre und die Vorstellung des unbewegten Bewegers. Das Werk pr\u00e4gte die mittelalterliche und neuzeitliche Ontologie und wurde zur Basis f\u00fcr die Metaphysik in der Philosophiegeschichte.<\/p><\/div>\n\n\n\n<p>lesen bei&nbsp;<a href=\"http:\/\/www.zeno.org\/Lesesaal\/N\/9781484030561?page=0\" target=\"_blank\" rel=\"noreferrer noopener\">Zeno<\/a><\/p>\n<\/div>\n<\/div>\n\n\n\n<div class=\"wp-block-columns are-vertically-aligned-center is-layout-flex wp-container-core-columns-is-layout-9d6595d7 wp-block-columns-is-layout-flex\">\n<div class=\"wp-block-column is-vertically-aligned-center is-layout-flow wp-block-column-is-layout-flow\">\n<p class=\"has-text-align-center has-large-font-size\"><strong><em>Lobenswerte Eigenschaften nennen wir Tugenden.<\/em><\/strong><\/p>\n<\/div>\n\n\n\n<div class=\"wp-block-column is-vertically-aligned-center is-layout-flow wp-block-column-is-layout-flow\">\n<div class=\"wp-block-uagb-advanced-heading uagb-block-5d392918\"><h2 class=\"uagb-heading-text\"><strong><strong>Nikomachische Ethik <\/strong><\/strong><\/h2><p class=\"uagb-desc-text\">Dieses Werk widmet sich der Frage nach dem guten Leben und der Gl\u00fcckseligkeit (<em>Eudaimonia<\/em>). Es z\u00e4hlt zu den einflussreichsten ethischen Schriften der Weltgeschichte und wirkt bis in heutige Debatten der Moralphilosophie und praktischen Ethik hinein.<\/p><\/div>\n\n\n\n<p><a href=\"https:\/\/www.textlog.de\/33430.html\" target=\"_blank\" rel=\"noreferrer noopener\">lesen bei&nbsp;<em>textlog<\/em><\/a><\/p>\n<\/div>\n<\/div>\n\n\n\n<div class=\"wp-block-columns are-vertically-aligned-center is-layout-flex wp-container-core-columns-is-layout-9d6595d7 wp-block-columns-is-layout-flex\">\n<div class=\"wp-block-column is-vertically-aligned-center is-layout-flow wp-block-column-is-layout-flow\">\n<p class=\"has-text-align-center\" style=\"font-size:30px\"><strong><em>Es ist offensichtlich, dass der Staat ein Werk der Natur ist und der Mensch von Natur aus ein staatenbildendes Lebewesen<\/em><\/strong><\/p>\n<\/div>\n\n\n\n<div class=\"wp-block-column is-vertically-aligned-center is-layout-flow wp-block-column-is-layout-flow\">\n<div class=\"wp-block-uagb-advanced-heading uagb-block-947a91d3\"><h2 class=\"uagb-heading-text\"><strong><strong>Politik<\/strong><\/strong><\/h2><p class=\"uagb-desc-text\">In der <em>Politik<\/em> untersucht Aristoteles den Menschen als \u201ezoon politikon\u201c, also als Gemeinschaftswesen. Er analysiert verschiedene Verfassungen und entwickelt die Idee des \u201eguten Staates\u201c, in dem das Wohl aller B\u00fcrger im Vordergrund steht. Das Werk wurde f\u00fcr die politische Theorie der Antike und sp\u00e4ter f\u00fcr das Naturrecht und die moderne Demokratietheorie wegweisend.<\/p><\/div>\n\n\n\n<p><a href=\"https:\/\/www.projekt-gutenberg.org\/aristote\/politik\/titlepage.html\" target=\"_blank\" rel=\"noreferrer noopener\"><sub>lesen bei&nbsp;Projekt Gutenberg<\/sub><\/a><\/p>\n<\/div>\n<\/div>\n<\/div><button class=\"uagb-modal-popup-close\" aria-label=\"Close Modal\"><svg xmlns=\"https:\/\/www.w3.org\/2000\/svg\" viewBox=\"0 0 320 512\"><path d=\"M310.6 361.4c12.5 12.5 12.5 32.75 0 45.25C304.4 412.9 296.2 416 288 416s-16.38-3.125-22.62-9.375L160 301.3L54.63 406.6C48.38 412.9 40.19 416 32 416S15.63 412.9 9.375 406.6c-12.5-12.5-12.5-32.75 0-45.25l105.4-105.4L9.375 150.6c-12.5-12.5-12.5-32.75 0-45.25s32.75-12.5 45.25 0L160 210.8l105.4-105.4c12.5-12.5 32.75-12.5 45.25 0s12.5 32.75 0 45.25l-105.4 105.4L310.6 361.4z\"><\/path><\/svg><\/button><\/div><\/div><\/div>\n<\/div>\n\n\n\n<div class=\"wp-block-uagb-container uagb-block-a62f5405\">\n<div class=\"wp-block-uagb-modal uagb-block-e7e34aa0 uagb-modal-wrapper\" data-escpress=\"enable\" data-overlayclick=\"enable\"><img decoding=\"async\" src=\"https:\/\/museum-der-philosophie.de\/wp-content\/uploads\/2024\/03\/pictehrung3.png\" alt=\"\" class=\"uagb-modal-trigger\" width=\"249\" height=\"194\" loading=\"lazy\"\/><div class=\"uagb-effect-default uagb-modal-popup uagb-block-e7e34aa0 uagb-modal-type-undefined\"><div class=\"uagb-modal-popup-wrap\"><div class=\"uagb-modal-popup-content\">\n<div class=\"wp-block-uagb-container uagb-block-bdcdb581 default uagb-is-root-container\">\n<div class=\"wp-block-uagb-container uagb-block-7831addc alignfull uagb-is-root-container\"><div class=\"uagb-container-inner-blocks-wrap\">\n<div class=\"wp-block-uagb-advanced-heading uagb-block-625c70e0\"><h1 class=\"uagb-heading-text\"><strong>Ehrungen<\/strong><\/h1><\/div>\n<\/div><\/div>\n<\/div>\n\n\n<div class=\"wp-block-image\">\n<figure class=\"aligncenter size-full\"><img loading=\"lazy\" decoding=\"async\" width=\"900\" height=\"506\" src=\"https:\/\/museum-der-philosophie.de\/wp-content\/uploads\/2023\/11\/scuola-Mitte.jpeg\" alt=\"\" class=\"wp-image-6500\" srcset=\"https:\/\/museum-der-philosophie.de\/wp-content\/uploads\/2023\/11\/scuola-Mitte.jpeg 900w, https:\/\/museum-der-philosophie.de\/wp-content\/uploads\/2023\/11\/scuola-Mitte-400x225.jpeg 400w, https:\/\/museum-der-philosophie.de\/wp-content\/uploads\/2023\/11\/scuola-Mitte-150x84.jpeg 150w, https:\/\/museum-der-philosophie.de\/wp-content\/uploads\/2023\/11\/scuola-Mitte-768x432.jpeg 768w\" sizes=\"auto, (max-width: 900px) 100vw, 900px\" \/><figcaption class=\"wp-element-caption\">Platon und Aristoteles &#8211; aus &#8222;Die Schule von Athen&#8220;, Fresco von Raffael im Vatikan (um 1510)<\/figcaption><\/figure>\n<\/div>\n\n\n<div class=\"wp-block-columns are-vertically-aligned-center is-layout-flex wp-container-core-columns-is-layout-9d6595d7 wp-block-columns-is-layout-flex\">\n<div class=\"wp-block-column is-vertically-aligned-center is-layout-flow wp-block-column-is-layout-flow\">\n<div class=\"wp-block-uagb-image uagb-block-914fd637 wp-block-uagb-image--layout-default wp-block-uagb-image--effect-static wp-block-uagb-image--align-none\"><figure class=\"wp-block-uagb-image__figure\"><img decoding=\"async\"  sizes=\"auto, (max-width: 480px) 150px\" src=\"https:\/\/museum-der-philosophie.de\/wp-content\/uploads\/2024\/11\/734px-Rembrandt_-_Aristotle_with_a_Bust_of_Homer_-_Google_Art_Project1-e1732301408830.jpg\" alt=\"\" width=\"707\" height=\"742\" title=\"\" loading=\"lazy\" role=\"img\"\/><figcaption class=\"uagb-image-caption\">Aristoteles mit der B\u00fcste Homers &#8211; Rembrandt van Rijn (1653)<\/figcaption><\/figure><\/div>\n<\/div>\n\n\n\n<div class=\"wp-block-column is-vertically-aligned-center is-layout-flow wp-block-column-is-layout-flow\">\n<div class=\"wp-block-uagb-image uagb-block-89a522fe wp-block-uagb-image--layout-default wp-block-uagb-image--effect-static wp-block-uagb-image--align-none\"><figure class=\"wp-block-uagb-image__figure\"><img decoding=\"async\"  sizes=\"auto, (max-width: 480px) 150px\" src=\"https:\/\/museum-der-philosophie.de\/wp-content\/uploads\/2025\/01\/Pedro_Berruguete_-_Aristotle.jpg\" alt=\"\" width=\"856\" height=\"1260\" title=\"\" loading=\"lazy\" role=\"img\"\/><figcaption class=\"uagb-image-caption\">Gem\u00e4lde von Joos van Wassenhove + Pedro Berruguete (undat.)<\/figcaption><\/figure><\/div>\n<\/div>\n\n\n\n<div class=\"wp-block-column is-vertically-aligned-center is-layout-flow wp-block-column-is-layout-flow\">\n<div class=\"wp-block-uagb-image uagb-block-a754f852 wp-block-uagb-image--layout-default wp-block-uagb-image--effect-static wp-block-uagb-image--align-none\"><figure class=\"wp-block-uagb-image__figure\"><img decoding=\"async\"  sizes=\"auto, (max-width: 480px) 150px\" src=\"https:\/\/museum-der-philosophie.de\/wp-content\/uploads\/2024\/11\/812px-Ribera_Jusepe_de_-_Aristotle_-_Google_Art_Project1.jpg\" alt=\"\" width=\"812\" height=\"1024\" title=\"\" loading=\"lazy\" role=\"img\"\/><figcaption class=\"uagb-image-caption\">Gem\u00e4lde von Jusepe de Ribera (1637)<\/figcaption><\/figure><\/div>\n<\/div>\n<\/div>\n\n\n\n<figure class=\"wp-block-image size-large\"><img loading=\"lazy\" decoding=\"async\" width=\"1170\" height=\"615\" src=\"https:\/\/museum-der-philosophie.de\/wp-content\/uploads\/2025\/08\/Spangenberg-Schule-des-Aristoteles-e1756308917875-1170x615.jpg\" alt=\"\" class=\"wp-image-16269\" srcset=\"https:\/\/museum-der-philosophie.de\/wp-content\/uploads\/2025\/08\/Spangenberg-Schule-des-Aristoteles-e1756308917875-1170x615.jpg 1170w, https:\/\/museum-der-philosophie.de\/wp-content\/uploads\/2025\/08\/Spangenberg-Schule-des-Aristoteles-e1756308917875-400x210.jpg 400w, https:\/\/museum-der-philosophie.de\/wp-content\/uploads\/2025\/08\/Spangenberg-Schule-des-Aristoteles-e1756308917875-150x79.jpg 150w, https:\/\/museum-der-philosophie.de\/wp-content\/uploads\/2025\/08\/Spangenberg-Schule-des-Aristoteles-e1756308917875-768x403.jpg 768w, https:\/\/museum-der-philosophie.de\/wp-content\/uploads\/2025\/08\/Spangenberg-Schule-des-Aristoteles-e1756308917875.jpg 1325w\" sizes=\"auto, (max-width: 1170px) 100vw, 1170px\" \/><figcaption class=\"wp-element-caption\">Philosophie. Die Schule des Aristoteles &#8211; Gem\u00e4lde von Gustav Adolph Spangenberg (aus dem Fresko Die vier Fakult\u00e4ten, Uni Halle um 1885)<\/figcaption><\/figure>\n\n\n\n<div class=\"wp-block-uagb-advanced-heading uagb-block-3b038a12\"><h3 class=\"uagb-heading-text\"><em>Aristoteles ist die reichhaltigste Quelle.<br>Er ist so philosophisch wie gelehrt; wir k\u00f6nnen uns auf ihn verlassen.<\/em><\/h3><p class=\"uagb-desc-text\">G.W.F. Hegel <\/p><\/div>\n\n\n\n<div class=\"wp-block-columns are-vertically-aligned-center is-layout-flex wp-container-core-columns-is-layout-9d6595d7 wp-block-columns-is-layout-flex\">\n<div class=\"wp-block-column is-vertically-aligned-center is-layout-flow wp-block-column-is-layout-flow\">\n<div class=\"wp-block-uagb-image uagb-block-879a67e7 wp-block-uagb-image--layout-default wp-block-uagb-image--effect-static wp-block-uagb-image--align-none\"><figure class=\"wp-block-uagb-image__figure\"><img decoding=\"async\"  sizes=\"auto, (max-width: 480px) 150px\" src=\"https:\/\/museum-der-philosophie.de\/wp-content\/uploads\/2025\/08\/5ff2da698b3b76e8cdb9d0576e73d737_XL1-e1756378209615.jpg\" alt=\"\" width=\"822\" height=\"896\" title=\"\" loading=\"lazy\" role=\"img\"\/><figcaption class=\"uagb-image-caption\">Statue in Thessaloniki<\/figcaption><\/figure><\/div>\n<\/div>\n\n\n\n<div class=\"wp-block-column is-vertically-aligned-center is-layout-flow wp-block-column-is-layout-flow\">\n<div class=\"wp-block-uagb-image uagb-block-3e5e987f wp-block-uagb-image--layout-default wp-block-uagb-image--effect-static wp-block-uagb-image--align-none\"><figure class=\"wp-block-uagb-image__figure\"><img decoding=\"async\"  sizes=\"auto, (max-width: 480px) 150px\" src=\"https:\/\/museum-der-philosophie.de\/wp-content\/uploads\/2025\/08\/960px-Statue_des_Aristoteles1-e1756377119679.jpg\" alt=\"\" width=\"518\" height=\"794\" title=\"\" loading=\"lazy\" role=\"img\"\/><figcaption class=\"uagb-image-caption\">Statue im Aristoteles Park von Stagira Chalkidiki<\/figcaption><\/figure><\/div>\n<\/div>\n\n\n\n<div class=\"wp-block-column is-vertically-aligned-center is-layout-flow wp-block-column-is-layout-flow\">\n<div class=\"wp-block-uagb-image uagb-block-58b94b96 wp-block-uagb-image--layout-default wp-block-uagb-image--effect-static wp-block-uagb-image--align-none\"><figure class=\"wp-block-uagb-image__figure\"><img decoding=\"async\"  sizes=\"auto, (max-width: 480px) 150px\" src=\"https:\/\/museum-der-philosophie.de\/wp-content\/uploads\/2025\/08\/aristoteles-freiburg-e1756385481928.jpg\" alt=\"\" width=\"499\" height=\"588\" title=\"\" loading=\"lazy\" role=\"img\"\/><figcaption class=\"uagb-image-caption\">Statue in Freiburg<\/figcaption><\/figure><\/div>\n<\/div>\n<\/div>\n\n\n\n<div class=\"wp-block-columns are-vertically-aligned-center is-layout-flex wp-container-core-columns-is-layout-9d6595d7 wp-block-columns-is-layout-flex\">\n<div class=\"wp-block-column is-vertically-aligned-center is-layout-flow wp-block-column-is-layout-flow\">\n<div class=\"wp-block-uagb-image uagb-block-e7050601 wp-block-uagb-image--layout-default wp-block-uagb-image--effect-static wp-block-uagb-image--align-none\"><figure class=\"wp-block-uagb-image__figure\"><img decoding=\"async\"  sizes=\"auto, (max-width: 480px) 150px\" src=\"https:\/\/museum-der-philosophie.de\/wp-content\/uploads\/2025\/08\/960px-Busto_de_Aristoteles1-e1756324358654.jpg\" alt=\"\" width=\"627\" height=\"860\" title=\"\" loading=\"lazy\" role=\"img\"\/><figcaption class=\"uagb-image-caption\">Denkmal in Ceuta (Spanien)<\/figcaption><\/figure><\/div>\n<\/div>\n\n\n\n<div class=\"wp-block-column is-vertically-aligned-center is-layout-flow wp-block-column-is-layout-flow\">\n<div class=\"wp-block-uagb-image uagb-block-06a4ad10 wp-block-uagb-image--layout-default wp-block-uagb-image--effect-static wp-block-uagb-image--align-none\"><figure class=\"wp-block-uagb-image__figure\"><img decoding=\"async\"  sizes=\"auto, (max-width: 480px) 150px\" src=\"https:\/\/museum-der-philosophie.de\/wp-content\/uploads\/2023\/06\/640px-Aristotle_Altemps_Inv8575_1_-removebg-preview1-e1741850492162.png\" alt=\"\" width=\"432\" height=\"537\" title=\"\" loading=\"lazy\" role=\"img\"\/><figcaption class=\"uagb-image-caption\">Marmorb\u00fcste im Museo nazionale Rom<\/figcaption><\/figure><\/div>\n<\/div>\n\n\n\n<div class=\"wp-block-column is-vertically-aligned-center is-layout-flow wp-block-column-is-layout-flow\">\n<div class=\"wp-block-uagb-image uagb-block-37b14298 wp-block-uagb-image--layout-default wp-block-uagb-image--effect-static wp-block-uagb-image--align-none\"><figure class=\"wp-block-uagb-image__figure\"><img decoding=\"async\"  sizes=\"auto, (max-width: 480px) 150px\" src=\"https:\/\/museum-der-philosophie.de\/wp-content\/uploads\/2025\/08\/960px-Aristoteles_Louvre1.jpg\" alt=\"\" width=\"960\" height=\"1281\" title=\"\" loading=\"lazy\" role=\"img\"\/><figcaption class=\"uagb-image-caption\">Marmorb\u00fcste im Louvre Paris <\/figcaption><\/figure><\/div>\n<\/div>\n<\/div>\n\n\n\n<div class=\"wp-block-uagb-advanced-heading uagb-block-1eebb09a\"><h3 class=\"uagb-heading-text\"><em>Linn\u00e9 und Cuvier waren &#8211; auf sehr unterschiedliche Weise &#8211; meine beiden G\u00f6tter, <\/em><br><em>aber im Vergleich zum alten Aristoteles waren sie doch blo\u00df Schuljungen.<\/em><\/h3><p class=\"uagb-desc-text\">Charles Darwin<\/p><\/div>\n\n\n\n<div class=\"wp-block-columns is-layout-flex wp-container-core-columns-is-layout-9d6595d7 wp-block-columns-is-layout-flex\">\n<div class=\"wp-block-column is-vertically-aligned-center is-layout-flow wp-block-column-is-layout-flow\">\n<div class=\"wp-block-uagb-image uagb-block-ecda6bf8 wp-block-uagb-image--layout-default wp-block-uagb-image--effect-static wp-block-uagb-image--align-none\"><figure class=\"wp-block-uagb-image__figure\"><img decoding=\"async\"  sizes=\"auto, (max-width: 480px) 150px\" src=\"https:\/\/museum-der-philosophie.de\/wp-content\/uploads\/2025\/08\/bm-aristoteles-griechenland-1978.jpg\" alt=\"\" width=\"184\" height=\"300\" title=\"\" loading=\"lazy\" role=\"img\"\/><figcaption class=\"uagb-image-caption\">Briefmarke Griechenland 1978<\/figcaption><\/figure><\/div>\n<\/div>\n\n\n\n<div class=\"wp-block-column is-vertically-aligned-center is-layout-flow wp-block-column-is-layout-flow\">\n<div class=\"wp-block-uagb-image uagb-block-ce0e741d wp-block-uagb-image--layout-default wp-block-uagb-image--effect-static wp-block-uagb-image--align-none\"><figure class=\"wp-block-uagb-image__figure\"><img decoding=\"async\"  sizes=\"auto, (max-width: 480px) 150px\" src=\"https:\/\/museum-der-philosophie.de\/wp-content\/uploads\/2025\/08\/bm-aristoteles-griechenland-1992.jpg\" alt=\"\" width=\"299\" height=\"228\" title=\"\" loading=\"lazy\" role=\"img\"\/><figcaption class=\"uagb-image-caption\">Briefmarke Griechenland 1992<\/figcaption><\/figure><\/div>\n<\/div>\n\n\n\n<div class=\"wp-block-column is-vertically-aligned-center is-layout-flow wp-block-column-is-layout-flow\">\n<div class=\"wp-block-uagb-image uagb-block-b74bf7dc wp-block-uagb-image--layout-default wp-block-uagb-image--effect-static wp-block-uagb-image--align-none\"><figure class=\"wp-block-uagb-image__figure\"><img decoding=\"async\"  sizes=\"auto, (max-width: 480px) 150px\" src=\"https:\/\/museum-der-philosophie.de\/wp-content\/uploads\/2025\/08\/bm-aristoteles-griechenland-2016.jpg\" alt=\"\" width=\"228\" height=\"298\" title=\"\" loading=\"lazy\" role=\"img\"\/><figcaption class=\"uagb-image-caption\">Briefmarke Griechenland 2016<\/figcaption><\/figure><\/div>\n<\/div>\n\n\n\n<div class=\"wp-block-column is-vertically-aligned-center is-layout-flow wp-block-column-is-layout-flow\">\n<div class=\"wp-block-uagb-image uagb-block-27743039 wp-block-uagb-image--layout-default wp-block-uagb-image--effect-static wp-block-uagb-image--align-none\"><figure class=\"wp-block-uagb-image__figure\"><img decoding=\"async\"  sizes=\"auto, (max-width: 480px) 150px\" src=\"https:\/\/museum-der-philosophie.de\/wp-content\/uploads\/2025\/08\/bm-aristoteles-vatikan-1997.jpg\" alt=\"\" width=\"299\" height=\"251\" title=\"\" loading=\"lazy\" role=\"img\"\/><figcaption class=\"uagb-image-caption\">Briefmarke Vatikan 1997<\/figcaption><\/figure><\/div>\n<\/div>\n<\/div>\n\n\n\n<div class=\"wp-block-columns is-layout-flex wp-container-core-columns-is-layout-9d6595d7 wp-block-columns-is-layout-flex\">\n<div class=\"wp-block-column is-vertically-aligned-center is-layout-flow wp-block-column-is-layout-flow\">\n<div class=\"wp-block-uagb-image uagb-block-b97de599 wp-block-uagb-image--layout-default wp-block-uagb-image--effect-static wp-block-uagb-image--align-none\"><figure class=\"wp-block-uagb-image__figure\"><img decoding=\"async\" srcset=\"https:\/\/museum-der-philosophie.de\/wp-content\/uploads\/2025\/08\/bm-aristoteles-Mexiko-1978.jpg ,https:\/\/museum-der-philosophie.de\/wp-content\/uploads\/2025\/08\/bm-aristoteles-Mexiko-1978.jpg 780w, https:\/\/museum-der-philosophie.de\/wp-content\/uploads\/2025\/08\/bm-aristoteles-Mexiko-1978.jpg 360w\" sizes=\"auto, (max-width: 480px) 150px\" src=\"https:\/\/museum-der-philosophie.de\/wp-content\/uploads\/2025\/08\/bm-aristoteles-Mexiko-1978.jpg\" alt=\"\" class=\"uag-image-16346\" width=\"184\" height=\"300\" title=\"bm aristoteles Mexiko 1978\" loading=\"lazy\" role=\"img\"\/><figcaption class=\"uagb-image-caption\">Briefmarke Mexiko 1978<\/figcaption><\/figure><\/div>\n<\/div>\n\n\n\n<div class=\"wp-block-column is-vertically-aligned-center is-layout-flow wp-block-column-is-layout-flow\">\n<div class=\"wp-block-uagb-image uagb-block-3ef17f2c wp-block-uagb-image--layout-default wp-block-uagb-image--effect-static wp-block-uagb-image--align-none\"><figure class=\"wp-block-uagb-image__figure\"><img decoding=\"async\" srcset=\"https:\/\/museum-der-philosophie.de\/wp-content\/uploads\/2025\/08\/bm-aristoteles-uruguay-1996.jpg ,https:\/\/museum-der-philosophie.de\/wp-content\/uploads\/2025\/08\/bm-aristoteles-uruguay-1996.jpg 780w, https:\/\/museum-der-philosophie.de\/wp-content\/uploads\/2025\/08\/bm-aristoteles-uruguay-1996.jpg 360w\" sizes=\"auto, (max-width: 480px) 150px\" src=\"https:\/\/museum-der-philosophie.de\/wp-content\/uploads\/2025\/08\/bm-aristoteles-uruguay-1996.jpg\" alt=\"\" class=\"uag-image-16345\" width=\"299\" height=\"228\" title=\"bm aristoteles uruguay 1996\" loading=\"lazy\" role=\"img\"\/><figcaption class=\"uagb-image-caption\">Briefmarke Uruguay 1996<\/figcaption><\/figure><\/div>\n<\/div>\n\n\n\n<div class=\"wp-block-column is-vertically-aligned-center is-layout-flow wp-block-column-is-layout-flow\">\n<div class=\"wp-block-uagb-image uagb-block-03a0fedf wp-block-uagb-image--layout-default wp-block-uagb-image--effect-static wp-block-uagb-image--align-none\"><figure class=\"wp-block-uagb-image__figure\"><img decoding=\"async\"  sizes=\"auto, (max-width: 480px) 150px\" src=\"https:\/\/museum-der-philosophie.de\/wp-content\/uploads\/2025\/08\/bm-aristoteles-Sao-Tome-und-Principe-2008.jpg\" alt=\"\" width=\"245\" height=\"177\" title=\"\" loading=\"lazy\" role=\"img\"\/><figcaption class=\"uagb-image-caption\">Briefmarke S\u00e3o Tom\u00e9 und Pr\u00edncipe 2008<\/figcaption><\/figure><\/div>\n<\/div>\n\n\n\n<div class=\"wp-block-column is-vertically-aligned-center is-layout-flow wp-block-column-is-layout-flow\">\n<div class=\"wp-block-uagb-image uagb-block-9cfb616c wp-block-uagb-image--layout-default wp-block-uagb-image--effect-static wp-block-uagb-image--align-none\"><figure class=\"wp-block-uagb-image__figure\"><img decoding=\"async\"  sizes=\"auto, (max-width: 480px) 150px\" src=\"https:\/\/museum-der-philosophie.de\/wp-content\/uploads\/2025\/08\/bm-aristoteles-grenadinen-1993.jpg\" alt=\"\" width=\"226\" height=\"300\" title=\"\" loading=\"lazy\" role=\"img\"\/><figcaption class=\"uagb-image-caption\">Briefmarke Grenadinen 1993<\/figcaption><\/figure><\/div>\n<\/div>\n\n\n\n<div class=\"wp-block-column is-vertically-aligned-center is-layout-flow wp-block-column-is-layout-flow\">\n<div class=\"wp-block-uagb-image uagb-block-67b0bbe0 wp-block-uagb-image--layout-default wp-block-uagb-image--effect-static wp-block-uagb-image--align-none\"><figure class=\"wp-block-uagb-image__figure\"><img decoding=\"async\"  sizes=\"auto, (max-width: 480px) 150px\" src=\"https:\/\/museum-der-philosophie.de\/wp-content\/uploads\/2025\/08\/bm-aristoteles-zypern-1978.jpg\" alt=\"\" width=\"200\" height=\"302\" title=\"\" loading=\"lazy\" role=\"img\"\/><figcaption class=\"uagb-image-caption\">Briefmarke Zypern 1978<\/figcaption><\/figure><\/div>\n<\/div>\n<\/div>\n\n\n\n<div class=\"wp-block-columns are-vertically-aligned-center is-layout-flex wp-container-core-columns-is-layout-9d6595d7 wp-block-columns-is-layout-flex\">\n<div class=\"wp-block-column is-vertically-aligned-center is-layout-flow wp-block-column-is-layout-flow\">\n<div class=\"wp-block-uagb-image uagb-block-70851f79 wp-block-uagb-image--layout-default wp-block-uagb-image--effect-static wp-block-uagb-image--align-none\"><figure class=\"wp-block-uagb-image__figure\"><img decoding=\"async\" srcset=\"https:\/\/museum-der-philosophie.de\/wp-content\/uploads\/2025\/08\/banknote-aristoteles-griechenland-1941-1170x514.jpg ,https:\/\/museum-der-philosophie.de\/wp-content\/uploads\/2025\/08\/banknote-aristoteles-griechenland-1941.jpg 780w, https:\/\/museum-der-philosophie.de\/wp-content\/uploads\/2025\/08\/banknote-aristoteles-griechenland-1941.jpg 360w\" sizes=\"auto, (max-width: 480px) 150px\" src=\"https:\/\/museum-der-philosophie.de\/wp-content\/uploads\/2025\/08\/banknote-aristoteles-griechenland-1941-1170x514.jpg\" alt=\"\" class=\"uag-image-16341\" width=\"1170\" height=\"514\" title=\"banknote aristoteles griechenland 1941\" loading=\"lazy\" role=\"img\"\/><figcaption class=\"uagb-image-caption\">Banknote Griechenland 1941<\/figcaption><\/figure><\/div>\n<\/div>\n\n\n\n<div class=\"wp-block-column is-vertically-aligned-center is-layout-flow wp-block-column-is-layout-flow\">\n<div class=\"wp-block-uagb-image uagb-block-1f51dab0 wp-block-uagb-image--layout-default wp-block-uagb-image--effect-static wp-block-uagb-image--align-none\"><figure class=\"wp-block-uagb-image__figure\"><img decoding=\"async\" srcset=\"https:\/\/museum-der-philosophie.de\/wp-content\/uploads\/2025\/08\/banknote-aristoteles-griechenland-1947.jpg ,https:\/\/museum-der-philosophie.de\/wp-content\/uploads\/2025\/08\/banknote-aristoteles-griechenland-1947.jpg 780w, https:\/\/museum-der-philosophie.de\/wp-content\/uploads\/2025\/08\/banknote-aristoteles-griechenland-1947.jpg 360w\" sizes=\"auto, (max-width: 480px) 150px\" src=\"https:\/\/museum-der-philosophie.de\/wp-content\/uploads\/2025\/08\/banknote-aristoteles-griechenland-1947.jpg\" alt=\"\" class=\"uag-image-16340\" width=\"504\" height=\"256\" title=\"banknote aristoteles griechenland 1947\" loading=\"lazy\" role=\"img\"\/><figcaption class=\"uagb-image-caption\">Banknote Griechenland 1947<\/figcaption><\/figure><\/div>\n<\/div>\n\n\n\n<div class=\"wp-block-column is-vertically-aligned-center is-layout-flow wp-block-column-is-layout-flow\" style=\"flex-basis:24%\">\n<div class=\"wp-block-uagb-image uagb-block-4b25b344 wp-block-uagb-image--layout-default wp-block-uagb-image--effect-static wp-block-uagb-image--align-none\"><figure class=\"wp-block-uagb-image__figure\"><img decoding=\"async\" srcset=\"https:\/\/museum-der-philosophie.de\/wp-content\/uploads\/2025\/08\/aristoteles-muenze-griechenland-1982.png ,https:\/\/museum-der-philosophie.de\/wp-content\/uploads\/2025\/08\/aristoteles-muenze-griechenland-1982.png 780w, https:\/\/museum-der-philosophie.de\/wp-content\/uploads\/2025\/08\/aristoteles-muenze-griechenland-1982.png 360w\" sizes=\"auto, (max-width: 480px) 150px\" src=\"https:\/\/museum-der-philosophie.de\/wp-content\/uploads\/2025\/08\/aristoteles-muenze-griechenland-1982.png\" alt=\"\" class=\"uag-image-16343\" width=\"504\" height=\"256\" title=\"aristoteles m\u00fcnze griechenland 1982\" loading=\"lazy\" role=\"img\"\/><figcaption class=\"uagb-image-caption\">M\u00fcnze Griechenland 1982<\/figcaption><\/figure><\/div>\n\n\n\n<div class=\"wp-block-uagb-image uagb-block-e4633157 wp-block-uagb-image--layout-default wp-block-uagb-image--effect-static wp-block-uagb-image--align-none\"><figure class=\"wp-block-uagb-image__figure\"><img decoding=\"async\" srcset=\"https:\/\/museum-der-philosophie.de\/wp-content\/uploads\/2025\/08\/aristoteles-gedenkmuenze-griechenland-2014.jpg ,https:\/\/museum-der-philosophie.de\/wp-content\/uploads\/2025\/08\/aristoteles-gedenkmuenze-griechenland-2014.jpg 780w, https:\/\/museum-der-philosophie.de\/wp-content\/uploads\/2025\/08\/aristoteles-gedenkmuenze-griechenland-2014.jpg 360w\" sizes=\"auto, (max-width: 480px) 150px\" src=\"https:\/\/museum-der-philosophie.de\/wp-content\/uploads\/2025\/08\/aristoteles-gedenkmuenze-griechenland-2014.jpg\" alt=\"\" class=\"uag-image-16342\" width=\"504\" height=\"256\" title=\"aristoteles gedenkm\u00fcnze griechenland 2014\" loading=\"lazy\" role=\"img\"\/><figcaption class=\"uagb-image-caption\">Gedenkm\u00fcnze Griechenland 2014<\/figcaption><\/figure><\/div>\n<\/div>\n<\/div>\n\n\n\n<div style=\"height:12px\" aria-hidden=\"true\" class=\"wp-block-spacer\"><\/div>\n\n\n\n<p class=\"has-text-align-center\"><strong>Nach Aristoteles sind ein&nbsp;Mondkrater und der&nbsp;Asteroid&nbsp;(6123)&nbsp;benannt.<\/strong><\/p>\n\n\n\n<p class=\"has-small-font-size\"><strong>Bildnachweis<\/strong><br>Statue Chalkidiki: Wilhelmy (<a href=\"https:\/\/creativecommons.org\/licenses\/by-sa\/4.0\/deed.en\" target=\"_blank\" rel=\"noreferrer noopener\">CC BY-SA 4.0<\/a>)<br>Statue Freiburg: Martin aka Maha (<a href=\"https:\/\/creativecommons.org\/licenses\/by-sa\/2.0\/de\/deed.de\" target=\"_blank\" rel=\"noreferrer noopener\">CC BY-SA 2.0<\/a>)<br>Denkmal in Ceuta: CarlosVdeHabsburgo (<a href=\"https:\/\/creativecommons.org\/licenses\/by-sa\/4.0\/deed.en\" target=\"_blank\" rel=\"noreferrer noopener\">CC BY-SA 4.0<\/a>)<br>B\u00fcste im Louvre: Eric Gaba (<a href=\"https:\/\/creativecommons.org\/licenses\/by-sa\/2.5\/deed.de\" target=\"_blank\" rel=\"noreferrer noopener\">CC BY-SA 2.5<\/a>)<br><br><strong>Zitatnachweis<\/strong><br>G.W.F. Hegel &#8222;Vorlesungen zur Geschichte der Philosophie&#8220;<br>Charles Darwin, zit. nach Julia Brittain &#8222;Aristoteles&#8220; in Robert Huxley (Hrsg.) &#8222;Die gro\u00dfen Naturforscher&#8220; M\u00fcnchen: Frederking &amp; Thaler 2007<\/p>\n<\/div><button class=\"uagb-modal-popup-close\" aria-label=\"Close Modal\"><svg xmlns=\"https:\/\/www.w3.org\/2000\/svg\" viewBox=\"0 0 320 512\"><path d=\"M310.6 361.4c12.5 12.5 12.5 32.75 0 45.25C304.4 412.9 296.2 416 288 416s-16.38-3.125-22.62-9.375L160 301.3L54.63 406.6C48.38 412.9 40.19 416 32 416S15.63 412.9 9.375 406.6c-12.5-12.5-12.5-32.75 0-45.25l105.4-105.4L9.375 150.6c-12.5-12.5-12.5-32.75 0-45.25s32.75-12.5 45.25 0L160 210.8l105.4-105.4c12.5-12.5 32.75-12.5 45.25 0s12.5 32.75 0 45.25l-105.4 105.4L310.6 361.4z\"><\/path><\/svg><\/button><\/div><\/div><\/div>\n<\/div>\n<\/div>\n<\/div>\n\n\n\n<div class=\"wp-block-uagb-container uag-blocks-common-selector uagb-block-55348c87\">\n<div class=\"wp-block-uagb-container uagb-block-425ef6a5\">\n<div class=\"wp-block-uagb-container uagb-block-b91ab20c\">\n<div class=\"wp-block-uagb-modal uagb-block-49e99895 uagb-modal-wrapper wp-embed-aspect-16-9 wp-has-aspect-ratio\" data-escpress=\"enable\" data-overlayclick=\"enable\"><img decoding=\"async\" src=\"https:\/\/museum-der-philosophie.de\/wp-content\/uploads\/2025\/01\/Kinosaal-e1738220399879.png\" alt=\"\" class=\"uagb-modal-trigger\" width=\"238\" height=\"186\" loading=\"lazy\"\/><div class=\"uagb-effect-default uagb-modal-popup uagb-block-49e99895 uagb-modal-type-undefined\"><div class=\"uagb-modal-popup-wrap\"><div class=\"uagb-modal-popup-content\">\n<div class=\"wp-block-uagb-container uagb-block-64cf9854 alignfull uagb-is-root-container\"><div class=\"uagb-container-inner-blocks-wrap\">\n<p class=\"has-text-align-center\"><strong>Videos zu Aristoteles findest du in unserem <a href=\"https:\/\/museum-der-philosophie.de\/?page_id=6128\" data-type=\"page\" data-id=\"6128\" target=\"_blank\" rel=\"noreferrer noopener\">Kinosaal<\/a>, zum Beispiel:<\/strong><\/p>\n\n\n\n<div class=\"wp-block-uagb-container uagb-block-aa9151ff\">\n<figure class=\"wp-block-embed aligncenter is-type-video is-provider-youtube wp-block-embed-youtube wp-embed-aspect-16-9 wp-has-aspect-ratio\"><div class=\"wp-block-embed__wrapper\">\n<div  style=\"display: block; margin: 0px auto;\"  id=\"_ytid_24391\" class=\"__youtube_prefs__  __youtube_prefs_gdpr__  epyt-is-override \" allowfullscreen data-no-lazy=\"1\" data-skipgform_ajax_framebjll=\"\"><p><strong><span style=\"vertical-align: inherit\"><span style=\"vertical-align: inherit\">In unserem Kinosaal werden YouTube-Inhalte wiedergegeben. \u00dcber Cookies werden dabei von Google Nutzerdaten erhoben.\u00a0<\/span><\/span><\/strong><\/p>\n<p><a href=\"https:\/\/policies.google.com\/privacy\" target=\"_blank\" rel=\"noopener\"><span style=\"vertical-align: inherit\"><span style=\"vertical-align: inherit\">n\u00e4here Infos siehe YouTube-Datenschutzrichtlinie<\/span><\/span><\/a><\/p>\n<p><span style=\"vertical-align: inherit\"><span style=\"vertical-align: inherit\">Wenn Sie diesen Hinweis akzeptieren, wird Ihre Auswahl gespeichert und die Seite wird aktualisiert. Wenn Sie dies nicht m\u00f6chten, k\u00f6nnen Sie unseren Kinosaal leider nicht nutzen.<\/span><\/span><\/p>\n<div id=\"9985B39C_A679_11AA_E7EF_78842F400DFB\"><\/div>\n<div id=\"9985B39C_A679_11AA_E7EF_78842F400DFB\"><\/div>\n<div id=\"9985B39C_A679_11AA_E7EF_78842F400DFB\"><\/div>\n<div id=\"9985B39C_A679_11AA_E7EF_78842F400DFB\"><\/div>\n<div id=\"9985B39C_A679_11AA_E7EF_78842F400DFB\"><\/div>\n<div id=\"9985B39C_A679_11AA_E7EF_78842F400DFB\"><\/div>\n<div id=\"9985B39C_A679_11AA_E7EF_78842F400DFB\"><\/div>\n<div id=\"9985B39C_A679_11AA_E7EF_78842F400DFB\"><\/div>\n<button type=\"button\" class=\"__youtube_prefs_gdpr__\">Ich akzeptiere YouTube Inhalt<img decoding=\"async\" src=\"https:\/\/museum-der-philosophie.de\/wp-content\/plugins\/youtube-embed-plus\/images\/icon-check.png\" alt=\"accept\" data-no-lazy=\"1\" data-skipgform_ajax_framebjll=\"\" \/><\/button><\/div>\n<\/div><figcaption class=\"wp-element-caption\">Denker des Abendlandes: Aristoteles<\/figcaption><\/figure>\n<\/div>\n<\/div><\/div>\n<\/div><button class=\"uagb-modal-popup-close\" aria-label=\"Close Modal\"><svg xmlns=\"https:\/\/www.w3.org\/2000\/svg\" viewBox=\"0 0 320 512\"><path d=\"M310.6 361.4c12.5 12.5 12.5 32.75 0 45.25C304.4 412.9 296.2 416 288 416s-16.38-3.125-22.62-9.375L160 301.3L54.63 406.6C48.38 412.9 40.19 416 32 416S15.63 412.9 9.375 406.6c-12.5-12.5-12.5-32.75 0-45.25l105.4-105.4L9.375 150.6c-12.5-12.5-12.5-32.75 0-45.25s32.75-12.5 45.25 0L160 210.8l105.4-105.4c12.5-12.5 32.75-12.5 45.25 0s12.5 32.75 0 45.25l-105.4 105.4L310.6 361.4z\"><\/path><\/svg><\/button><\/div><\/div><\/div>\n<\/div>\n<\/div>\n<\/div>\n<\/div>\n\n\n\n<p><\/p>\n","protected":false},"excerpt":{"rendered":"<p>Aristoteles war ein griechischer Philosoph und Universalgelehrter. Er gilt als einer der einflussreichsten Denker der Geschichte.<\/p>\n","protected":false},"author":1,"featured_media":4225,"comment_status":"closed","ping_status":"closed","sticky":false,"template":"template-page-builder-no-header-footer.php","format":"standard","meta":{"_uag_custom_page_level_css":"","footnotes":""},"categories":[76],"tags":[86,122,154],"class_list":["post-16273","post","type-post","status-publish","format-standard","has-post-thumbnail","hentry","category-portraets","tag-antike","tag-aristoteles","tag-neuheit"],"featured_image_src":"https:\/\/museum-der-philosophie.de\/wp-content\/uploads\/2023\/06\/640px-Aristotle_Altemps_Inv8575_1_-removebg-preview1-e1741850492162.png","author_info":{"display_name":"Klaus F\u00fcrst","author_link":"https:\/\/museum-der-philosophie.de\/?author=1"},"uagb_featured_image_src":{"full":["https:\/\/museum-der-philosophie.de\/wp-content\/uploads\/2023\/06\/640px-Aristotle_Altemps_Inv8575_1_-removebg-preview1-e1741850492162.png",432,537,false],"thumbnail":["https:\/\/museum-der-philosophie.de\/wp-content\/uploads\/2023\/06\/640px-Aristotle_Altemps_Inv8575_1_-removebg-preview1-e1741850492162-150x186.png",150,186,true],"medium":["https:\/\/museum-der-philosophie.de\/wp-content\/uploads\/2023\/06\/640px-Aristotle_Altemps_Inv8575_1_-removebg-preview1-e1741850492162-400x497.png",400,497,true],"medium_large":["https:\/\/museum-der-philosophie.de\/wp-content\/uploads\/2023\/06\/640px-Aristotle_Altemps_Inv8575_1_-removebg-preview1-e1741850492162.png",432,537,false],"large":["https:\/\/museum-der-philosophie.de\/wp-content\/uploads\/2023\/06\/640px-Aristotle_Altemps_Inv8575_1_-removebg-preview1-e1741850492162.png",432,537,false],"1536x1536":["https:\/\/museum-der-philosophie.de\/wp-content\/uploads\/2023\/06\/640px-Aristotle_Altemps_Inv8575_1_-removebg-preview1-e1741850492162.png",432,537,false],"2048x2048":["https:\/\/museum-der-philosophie.de\/wp-content\/uploads\/2023\/06\/640px-Aristotle_Altemps_Inv8575_1_-removebg-preview1-e1741850492162.png",432,537,false],"education-zone-banner":["https:\/\/museum-der-philosophie.de\/wp-content\/uploads\/2023\/06\/640px-Aristotle_Altemps_Inv8575_1_-removebg-preview1-e1741850492162.png",432,537,false],"education-zone-image-full":["https:\/\/museum-der-philosophie.de\/wp-content\/uploads\/2023\/06\/640px-Aristotle_Altemps_Inv8575_1_-removebg-preview1-e1741850492162-432x458.png",432,458,true],"education-zone-image":["https:\/\/museum-der-philosophie.de\/wp-content\/uploads\/2023\/06\/640px-Aristotle_Altemps_Inv8575_1_-removebg-preview1-e1741850492162-432x458.png",432,458,true],"education-zone-recent-post":["https:\/\/museum-der-philosophie.de\/wp-content\/uploads\/2023\/06\/640px-Aristotle_Altemps_Inv8575_1_-removebg-preview1-e1741850492162-70x70.png",70,70,true],"education-zone-search-result":["https:\/\/museum-der-philosophie.de\/wp-content\/uploads\/2023\/06\/640px-Aristotle_Altemps_Inv8575_1_-removebg-preview1-e1741850492162-246x246.png",246,246,true],"education-zone-featured-course":["https:\/\/museum-der-philosophie.de\/wp-content\/uploads\/2023\/06\/640px-Aristotle_Altemps_Inv8575_1_-removebg-preview1-e1741850492162-276x276.png",276,276,true],"education-zone-testimonial":["https:\/\/museum-der-philosophie.de\/wp-content\/uploads\/2023\/06\/640px-Aristotle_Altemps_Inv8575_1_-removebg-preview1-e1741850492162-125x125.png",125,125,true],"education-zone-blog-full":["https:\/\/museum-der-philosophie.de\/wp-content\/uploads\/2023\/06\/640px-Aristotle_Altemps_Inv8575_1_-removebg-preview1-e1741850492162-432x480.png",432,480,true],"wpvr_mobile":["https:\/\/museum-der-philosophie.de\/wp-content\/uploads\/2023\/06\/640px-Aristotle_Altemps_Inv8575_1_-removebg-preview1-e1741850492162.png",432,537,false]},"uagb_author_info":{"display_name":"Klaus F\u00fcrst","author_link":"https:\/\/museum-der-philosophie.de\/?author=1"},"uagb_comment_info":0,"uagb_excerpt":"Aristoteles war ein griechischer Philosoph und Universalgelehrter. Er gilt als einer der einflussreichsten Denker der Geschichte.","_links":{"self":[{"href":"https:\/\/museum-der-philosophie.de\/index.php?rest_route=\/wp\/v2\/posts\/16273","targetHints":{"allow":["GET"]}}],"collection":[{"href":"https:\/\/museum-der-philosophie.de\/index.php?rest_route=\/wp\/v2\/posts"}],"about":[{"href":"https:\/\/museum-der-philosophie.de\/index.php?rest_route=\/wp\/v2\/types\/post"}],"author":[{"embeddable":true,"href":"https:\/\/museum-der-philosophie.de\/index.php?rest_route=\/wp\/v2\/users\/1"}],"replies":[{"embeddable":true,"href":"https:\/\/museum-der-philosophie.de\/index.php?rest_route=%2Fwp%2Fv2%2Fcomments&post=16273"}],"version-history":[{"count":52,"href":"https:\/\/museum-der-philosophie.de\/index.php?rest_route=\/wp\/v2\/posts\/16273\/revisions"}],"predecessor-version":[{"id":16368,"href":"https:\/\/museum-der-philosophie.de\/index.php?rest_route=\/wp\/v2\/posts\/16273\/revisions\/16368"}],"wp:featuredmedia":[{"embeddable":true,"href":"https:\/\/museum-der-philosophie.de\/index.php?rest_route=\/wp\/v2\/media\/4225"}],"wp:attachment":[{"href":"https:\/\/museum-der-philosophie.de\/index.php?rest_route=%2Fwp%2Fv2%2Fmedia&parent=16273"}],"wp:term":[{"taxonomy":"category","embeddable":true,"href":"https:\/\/museum-der-philosophie.de\/index.php?rest_route=%2Fwp%2Fv2%2Fcategories&post=16273"},{"taxonomy":"post_tag","embeddable":true,"href":"https:\/\/museum-der-philosophie.de\/index.php?rest_route=%2Fwp%2Fv2%2Ftags&post=16273"}],"curies":[{"name":"wp","href":"https:\/\/api.w.org\/{rel}","templated":true}]}}