{"id":16313,"date":"2025-08-29T20:44:55","date_gmt":"2025-08-29T18:44:55","guid":{"rendered":"https:\/\/museum-der-philosophie.de\/?p=16313"},"modified":"2025-11-06T09:54:56","modified_gmt":"2025-11-06T07:54:56","slug":"thomas-von-aquin-4","status":"publish","type":"post","link":"https:\/\/museum-der-philosophie.de\/?p=16313","title":{"rendered":"Platon"},"content":{"rendered":"\n<div class=\"wp-block-uagb-container uag-hide-desktop uag-hide-tab uagb-block-6afda995 alignfull uagb-is-root-container\"><div class=\"uagb-container-inner-blocks-wrap\">\n<p class=\"has-text-align-center has-white-color has-luminous-vivid-orange-background-color has-text-color has-background has-link-color uag-hide-desktop uag-hide-tab wp-elements-604b59db84068a3d44a47482301b3412\">Dies ist eine vereinfachte Darstellung f\u00fcr Mobiltelefone.<br>Die originalgetreue Wiedergabe des Exponats ist nur auf Bildschirm oder Tablet m\u00f6glich.<\/p>\n<\/div><\/div>\n\n\n\n<div class=\"wp-block-uagb-modal uagb-block-40cd57cd uagb-modal-wrapper uag-hide-desktop uag-hide-tab\" data-escpress=\"enable\" data-overlayclick=\"enable\"><img decoding=\"async\" src=\"https:\/\/museum-der-philosophie.de\/wp-content\/uploads\/2024\/11\/2000px-Hamburger_icon.svg1_-150x150.png\" alt=\"\" class=\"uagb-modal-trigger\" width=\"150\" height=\"150\" loading=\"lazy\"\/><div class=\"uagb-effect-default uagb-modal-popup uagb-block-40cd57cd uagb-modal-type-undefined\"><div class=\"uagb-modal-popup-wrap\"><div class=\"uagb-modal-popup-content\"><form role=\"search\" method=\"get\" action=\"https:\/\/museum-der-philosophie.de\/\" class=\"wp-block-search__button-outside wp-block-search__text-button wp-block-search\"    ><label class=\"wp-block-search__label\" for=\"wp-block-search__input-1\"  style=\"font-size: 20px\"><strong>Suchen<\/strong><\/label><div class=\"wp-block-search__inside-wrapper\" ><input class=\"wp-block-search__input\" id=\"wp-block-search__input-1\" placeholder=\"\" value=\"\" type=\"search\" name=\"s\" required  style=\"font-size: 20px\"\/><button aria-label=\"Suchen\" class=\"wp-block-search__button wp-element-button\" type=\"submit\"  style=\"font-size: 20px\">Suchen<\/button><\/div><\/form>\n\n\n<div style=\"height:30px\" aria-hidden=\"true\" class=\"wp-block-spacer\"><\/div>\n\n\n\n<div class=\"wp-block-columns is-layout-flex wp-container-core-columns-is-layout-9d6595d7 wp-block-columns-is-layout-flex\">\n<div class=\"wp-block-column is-layout-flow wp-block-column-is-layout-flow\">\n<p class=\"has-text-align-left\"><strong>Wegweiser<\/strong><\/p>\n\n\n\n<p><a href=\"https:\/\/museum-der-philosophie.de\/\">Startseite<\/a><br><a href=\"https:\/\/museum-der-philosophie.de\/?page_id=3109\" data-type=\"page\" data-id=\"3109\">Themen und Objekte<\/a><br><a href=\"https:\/\/museum-der-philosophie.de\/?page_id=12381\" data-type=\"page\" data-id=\"12381\">Ideen und Ereignisse<\/a><br><a href=\"https:\/\/museum-der-philosophie.de\/?page_id=9393#a0\" data-type=\"page\" data-id=\"9393\">Was gibt&#8217;s Neues<\/a><br><a href=\"https:\/\/museum-der-philosophie.de\/?page_id=11208#a0\" data-type=\"page\" data-id=\"11208\">Kalenderblatt<\/a><\/p>\n\n\n\n<p>Das Museum<br>\u2022 <a href=\"https:\/\/museum-der-philosophie.de\/?page_id=1336\" data-type=\"page\" data-id=\"1336\">\u00dcber uns<\/a><br>\u2022 <a href=\"https:\/\/museum-der-philosophie.de\/?p=13711\" data-type=\"post\" data-id=\"13711\">Bildschirmdarstellung<\/a><br>\u2022 <a href=\"https:\/\/museum-der-philosophie.de\/?page_id=9363\" data-type=\"page\" data-id=\"9363\">Partner und Unterst\u00fctzer<\/a><br>\u2022 <a href=\"https:\/\/museum-der-philosophie.de\/?page_id=2054\" data-type=\"page\" data-id=\"2054\">Mitmachen<\/a><br>\u2022 <a href=\"https:\/\/museum-der-philosophie.de\/?page_id=7106\" data-type=\"page\" data-id=\"7106\">Newsletter<\/a><\/p>\n\n\n\n<p class=\"has-text-align-left\"><strong>R\u00e4ume<\/strong><\/p>\n\n\n\n<p><a href=\"https:\/\/museum-der-philosophie.de\/?page_id=561#a0\" data-type=\"page\" data-id=\"561\">Empfangshalle<\/a><br><a href=\"https:\/\/museum-der-philosophie.de\/?page_id=3140\" data-type=\"page\" data-id=\"3140\">Sonderausstellung<\/a><br><a href=\"https:\/\/museum-der-philosophie.de\/?page_id=688\" data-type=\"page\" data-id=\"688\">Ruhmeshalle<\/a><br><a href=\"https:\/\/museum-der-philosophie.de\/?page_id=1171\" data-type=\"page\" data-id=\"1171\">Bibliothek<\/a><br><a href=\"https:\/\/museum-der-philosophie.de\/?page_id=3375\" data-type=\"page\" data-id=\"3375\">Zitaten-Schatzkammer<\/a><br><a href=\"https:\/\/museum-der-philosophie.de\/?page_id=838\" data-type=\"page\" data-id=\"838\">Kids&#8216; Philosophy<\/a><br><a href=\"https:\/\/museum-der-philosophie.de\/?page_id=6128\" data-type=\"page\" data-id=\"6128\">Kinosaal<\/a><br><a href=\"https:\/\/museum-der-philosophie.de\/?page_id=1959\" data-type=\"page\" data-id=\"1959\">Debattenraum<\/a><\/p>\n\n\n\n<p><a href=\"https:\/\/museum-der-philosophie.de\/?page_id=1900\" data-type=\"page\" data-id=\"1900\">G\u00e4stebuch<\/a><\/p>\n\n\n\n<p><a href=\"https:\/\/museum-der-philosophie.de\/?page_id=1375\" data-type=\"page\" data-id=\"1375\">Rechtliches \/ Impressum<\/a><\/p>\n<\/div>\n<\/div>\n<\/div><button class=\"uagb-modal-popup-close\" aria-label=\"Close Modal\"><svg xmlns=\"https:\/\/www.w3.org\/2000\/svg\" viewBox=\"0 0 320 512\"><path d=\"M310.6 361.4c12.5 12.5 12.5 32.75 0 45.25C304.4 412.9 296.2 416 288 416s-16.38-3.125-22.62-9.375L160 301.3L54.63 406.6C48.38 412.9 40.19 416 32 416S15.63 412.9 9.375 406.6c-12.5-12.5-12.5-32.75 0-45.25l105.4-105.4L9.375 150.6c-12.5-12.5-12.5-32.75 0-45.25s32.75-12.5 45.25 0L160 210.8l105.4-105.4c12.5-12.5 32.75-12.5 45.25 0s12.5 32.75 0 45.25l-105.4 105.4L310.6 361.4z\"><\/path><\/svg><\/button><\/div><\/div><\/div>\n\n\n\n<div id=\"a0\" class=\"wp-block-uagb-container uagb-block-ae6d3886 default uagb-is-root-container\">\n<div class=\"wp-block-uagb-container uagb-block-309d4a35\">\n<div class=\"wp-block-uagb-container uag-hide-mob uagb-block-55d7099b\">\n<div class=\"wp-block-uagb-modal uagb-block-8075ad28 uagb-modal-wrapper\" data-escpress=\"enable\" data-overlayclick=\"enable\"><img decoding=\"async\" src=\"https:\/\/museum-der-philosophie.de\/wp-content\/uploads\/2024\/11\/2000px-Hamburger_icon.svg1_-400x400.png\" alt=\"\" class=\"uagb-modal-trigger\" width=\"400\" height=\"400\" loading=\"lazy\"\/><div class=\"uagb-effect-default uagb-modal-popup uagb-block-8075ad28 uagb-modal-type-undefined\"><div class=\"uagb-modal-popup-wrap\"><div class=\"uagb-modal-popup-content\"><form role=\"search\" method=\"get\" action=\"https:\/\/museum-der-philosophie.de\/\" class=\"wp-block-search__button-outside wp-block-search__text-button wp-block-search\"    ><label class=\"wp-block-search__label\" for=\"wp-block-search__input-2\"  style=\"font-size: 20px\"><strong>Suchen<\/strong><\/label><div class=\"wp-block-search__inside-wrapper\" ><input class=\"wp-block-search__input\" id=\"wp-block-search__input-2\" placeholder=\"\" value=\"\" type=\"search\" name=\"s\" required  style=\"font-size: 20px\"\/><button aria-label=\"Suchen\" class=\"wp-block-search__button wp-element-button\" type=\"submit\"  style=\"font-size: 20px\">Suchen<\/button><\/div><\/form>\n\n\n<div style=\"height:30px\" aria-hidden=\"true\" class=\"wp-block-spacer\"><\/div>\n\n\n\n<div class=\"wp-block-columns is-layout-flex wp-container-core-columns-is-layout-9d6595d7 wp-block-columns-is-layout-flex\">\n<div class=\"wp-block-column is-layout-flow wp-block-column-is-layout-flow\" style=\"font-size:18px\">\n<p class=\"has-text-align-left\" style=\"font-size:20px\"><strong>Wegweiser<\/strong><\/p>\n\n\n\n<p style=\"font-size:20px\"><a href=\"https:\/\/museum-der-philosophie.de\/\">Startseite<\/a><\/p>\n\n\n\n<p style=\"font-size:20px\"><a href=\"https:\/\/museum-der-philosophie.de\/?page_id=561#a11\" data-type=\"page\" data-id=\"561\">Wegweiser<\/a><\/p>\n\n\n\n<p style=\"font-size:20px\"><a href=\"https:\/\/museum-der-philosophie.de\/?page_id=3109\" data-type=\"page\" data-id=\"3109\">Themen und Objekte<\/a><\/p>\n\n\n\n<p style=\"font-size:20px\"><a href=\"https:\/\/museum-der-philosophie.de\/?page_id=12381\">Ideen und Ereignisse<\/a><\/p>\n\n\n\n<p style=\"font-size:20px\"><a href=\"https:\/\/museum-der-philosophie.de\/?page_id=9393#a0\" data-type=\"page\" data-id=\"9393\">Was gibt&#8217;s Neues<\/a><\/p>\n\n\n\n<p style=\"font-size:20px\"><a href=\"https:\/\/museum-der-philosophie.de\/?page_id=11208#a0\" data-type=\"page\" data-id=\"11208\">Kalenderblatt<\/a><\/p>\n<\/div>\n\n\n\n<div class=\"wp-block-column is-layout-flow wp-block-column-is-layout-flow\">\n<p class=\"has-text-align-left\" style=\"font-size:20px\"><strong>R\u00e4ume<\/strong><\/p>\n\n\n\n<p style=\"font-size:20px\"><a href=\"https:\/\/museum-der-philosophie.de\/?page_id=561#a0\" data-type=\"page\" data-id=\"561\">Empfangshalle<\/a><\/p>\n\n\n\n<p style=\"font-size:20px\"><a href=\"https:\/\/museum-der-philosophie.de\/?page_id=3140\" data-type=\"page\" data-id=\"3140\">Sonderausstellung<\/a><\/p>\n\n\n\n<p style=\"font-size:20px\"><a href=\"https:\/\/museum-der-philosophie.de\/?page_id=688\" data-type=\"page\" data-id=\"688\">Ruhmeshalle<\/a><\/p>\n\n\n\n<p style=\"font-size:20px\"><a href=\"https:\/\/museum-der-philosophie.de\/?page_id=14612\" data-type=\"page\" data-id=\"688\">Kunstgalerie<\/a><\/p>\n\n\n\n<p style=\"font-size:20px\"><a href=\"https:\/\/museum-der-philosophie.de\/?page_id=1171\" data-type=\"page\" data-id=\"1171\">Bibliothek<\/a><\/p>\n\n\n\n<p style=\"font-size:20px\"><a href=\"https:\/\/museum-der-philosophie.de\/?page_id=3375\" data-type=\"page\" data-id=\"3375\">Zitaten-Schatzkammer<\/a><\/p>\n\n\n\n<p style=\"font-size:20px\"><a href=\"https:\/\/museum-der-philosophie.de\/?page_id=838\" data-type=\"page\" data-id=\"838\">Kids&#8216; Philosophy<\/a><\/p>\n\n\n\n<p style=\"font-size:20px\"><a href=\"https:\/\/museum-der-philosophie.de\/?page_id=6128\" data-type=\"page\" data-id=\"6128\">Kinosaal<\/a><\/p>\n\n\n\n<p style=\"font-size:20px\"><a href=\"https:\/\/museum-der-philosophie.de\/?page_id=1959\" data-type=\"page\" data-id=\"1959\">Debattenraum<\/a><\/p>\n<\/div>\n\n\n\n<div class=\"wp-block-column is-layout-flow wp-block-column-is-layout-flow\">\n<p style=\"font-size:20px\"><strong>Das Museum<\/strong><\/p>\n\n\n\n<p style=\"font-size:20px\"><a href=\"https:\/\/museum-der-philosophie.de\/?page_id=1336\" data-type=\"page\" data-id=\"1336\">\u00dcber uns<\/a><\/p>\n\n\n\n<p style=\"font-size:20px\"><a href=\"https:\/\/museum-der-philosophie.de\/?p=13711\" data-type=\"post\" data-id=\"13711\">Bildschirmdarstellung<\/a><\/p>\n\n\n\n<p style=\"font-size:20px\"><a href=\"https:\/\/museum-der-philosophie.de\/?page_id=9363\" data-type=\"page\" data-id=\"9363\">Partner und Unterst\u00fctzer<\/a><\/p>\n\n\n\n<p style=\"font-size:20px\"><a href=\"https:\/\/museum-der-philosophie.de\/?page_id=2054\" data-type=\"page\" data-id=\"2054\">Mitmachen<\/a><\/p>\n\n\n\n<p style=\"font-size:20px\"><a href=\"https:\/\/museum-der-philosophie.de\/?page_id=7106\" data-type=\"page\" data-id=\"7106\">Newsletter<\/a><\/p>\n\n\n\n<p style=\"font-size:20px\"><a href=\"https:\/\/museum-der-philosophie.de\/?page_id=1375\" data-type=\"page\" data-id=\"1375\">Rechtliches \/ Impressum<\/a><\/p>\n\n\n\n<p style=\"font-size:20px\"><strong><mark style=\"background-color:rgba(0, 0, 0, 0)\" class=\"has-inline-color has-luminous-vivid-orange-color\">Bitte trage dich in unser<br><a href=\"https:\/\/museum-der-philosophie.de\/?page_id=1900\" data-type=\"page\" data-id=\"1900\">G\u00e4stebuch<\/a> ein.<br>\u00dcber ein paar Zeilen w\u00fcrden wir uns sehr freuen.<\/mark><\/strong><\/p>\n<\/div>\n<\/div>\n<\/div><button class=\"uagb-modal-popup-close\" aria-label=\"Close Modal\"><svg xmlns=\"https:\/\/www.w3.org\/2000\/svg\" viewBox=\"0 0 320 512\"><path d=\"M310.6 361.4c12.5 12.5 12.5 32.75 0 45.25C304.4 412.9 296.2 416 288 416s-16.38-3.125-22.62-9.375L160 301.3L54.63 406.6C48.38 412.9 40.19 416 32 416S15.63 412.9 9.375 406.6c-12.5-12.5-12.5-32.75 0-45.25l105.4-105.4L9.375 150.6c-12.5-12.5-12.5-32.75 0-45.25s32.75-12.5 45.25 0L160 210.8l105.4-105.4c12.5-12.5 32.75-12.5 45.25 0s12.5 32.75 0 45.25l-105.4 105.4L310.6 361.4z\"><\/path><\/svg><\/button><\/div><\/div><\/div>\n\n\n\n<div class=\"wp-block-uagb-advanced-heading uagb-block-3c927f7b\"><div class=\"uagb-heading-text\">Men\u00fc<\/div><\/div>\n<\/div>\n\n\n\n<div class=\"wp-block-uagb-container uagb-block-27f57c07\">\n<div class=\"wp-block-uagb-container uagb-block-54910ede\">\n<div class=\"wp-block-uagb-advanced-heading uagb-block-383f54a2\"><h1 class=\"uagb-heading-text\"><strong><strong>Platon<\/strong><\/strong><br><a href=\"#a1\"><\/a><\/h1><p class=\"uagb-desc-text\"><strong>* <\/strong>428-427 v. Chr. in Athen<br>\u2020 348-347 v. Chr. in Athen<strong><br><\/strong>war einer der bedeutendsten und meistrezipierten Philosophen der Geschichte.<\/p><\/div>\n\n\n\n<p class=\"has-white-color has-text-color has-link-color has-small-font-size wp-elements-2c287327502957c4b3cc89b5e2ecb88d\">Bild: <br>Das Gastmahl des Platon <br>Gem\u00e4lde von Anselm Feuerbach (1869)<\/p>\n<\/div>\n<\/div>\n<\/div>\n\n\n\n<div class=\"wp-block-uagb-container uag-blocks-common-selector uagb-block-fd294d21\">\n<div class=\"wp-block-uagb-container uagb-block-c107189d\">\n<div class=\"wp-block-uagb-advanced-heading uagb-block-af1b98d4\"><h2 class=\"uagb-heading-text\"><strong><em>Wenn nicht entweder die Philosophen K\u00f6nige<br>oder die K\u00f6nige Philosophen werden,<br>dann gibt es kein Ende der \u00dcbel <\/em><\/strong><br><strong><em>f\u00fcr die Staaten und f\u00fcr die Menschheit.<\/em><\/strong><\/h2><\/div>\n<\/div>\n\n\n\n<div class=\"wp-block-uagb-container uag-hide-mob uagb-block-69d13041\"><\/div>\n\n\n\n<div class=\"wp-block-uagb-container uagb-block-71bc696b\">\n<div class=\"wp-block-uagb-container uagb-block-27e976ec\">\n<div class=\"wp-block-uagb-modal uagb-block-cb18c021 uagb-modal-wrapper\" data-escpress=\"enable\" data-overlayclick=\"enable\"><img decoding=\"async\" src=\"https:\/\/museum-der-philosophie.de\/wp-content\/uploads\/2024\/03\/Biografie3.png\" alt=\"\" class=\"uagb-modal-trigger\" width=\"249\" height=\"212\" loading=\"lazy\"\/><div class=\"uagb-effect-default uagb-modal-popup uagb-block-cb18c021 uagb-modal-type-undefined\"><div class=\"uagb-modal-popup-wrap\"><div class=\"uagb-modal-popup-content\">\n<p>Platon gilt als einer der einflussreichsten Philosophen der Antike und der gesamten Geistesgeschichte. Sein Denken pr\u00e4gt bis heute Philosophie, Politik, Wissenschaft und Theologie. Als Sch\u00fcler des Sokrates und Lehrer des Aristoteles steht er im Zentrum der klassischen griechischen Philosophie und bildet das Bindeglied zwischen vorsokratischem Denken und der sp\u00e4teren systematischen Philosophie.<\/p>\n\n\n\n<p>Platon wurde um 427 v. Chr. in Athen in eine angesehene aristokratische Familie geboren. Sein eigentlicher Name war vermutlich Aristokles; den Spitznamen \u201ePlaton\u201c (von \u201eplatus\u201c, breit) erhielt er wegen seiner Statur oder seiner breiten Stirn. Schon fr\u00fch kam er mit der Politik Athens in Ber\u00fchrung. Die politische Instabilit\u00e4t seiner Heimatstadt \u2013 der Peloponnesische Krieg, die Gewaltherrschaft der Drei\u00dfig Tyrannen, schlie\u00dflich die Hinrichtung seines Lehrers Sokrates im Jahr 399 v. Chr. \u2013 pr\u00e4gten ihn tief.<\/p>\n\n\n\n<p>Nach dem Tod des Sokrates wandte sich Platon verst\u00e4rkt der Philosophie zu und verarbeitete das sokratische Denken literarisch wie inhaltlich in seinen Dialogen. Er unternahm ausgedehnte Reisen, unter anderem nach S\u00fcditalien und Sizilien, wo er mit den Pythagoreern in Ber\u00fchrung kam. Diese Begegnungen beeinflussten sein Denken \u00fcber Mathematik, Kosmos und Harmonie. In Syrakus versuchte er zudem, politische Reformen zu verwirklichen, scheiterte jedoch am Widerstand der dortigen Machthaber.<\/p>\n\n\n\n<div class=\"wp-block-columns is-layout-flex wp-container-core-columns-is-layout-9d6595d7 wp-block-columns-is-layout-flex\">\n<div class=\"wp-block-column is-layout-flow wp-block-column-is-layout-flow\"><\/div>\n\n\n\n<div class=\"wp-block-column is-layout-flow wp-block-column-is-layout-flow\">\n<figure class=\"wp-block-image size-full\"><a href=\"https:\/\/museum-der-philosophie.de\/?p=5491\" target=\"_blank\" rel=\" noreferrer noopener\"><img loading=\"lazy\" decoding=\"async\" width=\"300\" height=\"184\" src=\"https:\/\/museum-der-philosophie.de\/wp-content\/uploads\/2023\/11\/3-punkte.gif\" alt=\"\" class=\"wp-image-6773\"\/><\/a><\/figure>\n<\/div>\n\n\n\n<div class=\"wp-block-column is-layout-flow wp-block-column-is-layout-flow\">\n<p style=\"font-size:16px\">siehe dazu unser Exponat &#8222;Vergiftet, versklavt, vertrieben &#8211; die Schicksale der Gro\u00dfen Drei in Athen&#8220;<\/p>\n<\/div>\n<\/div>\n\n\n\n<p>Um 387 v. Chr. gr\u00fcndete Platon in Athen die \u201eAkademie\u201c, die als erste philosophische Schule des Abendlandes gilt. Dort wurde Philosophie systematisch gelehrt, verbunden mit Mathematik, Naturwissenschaften und Politik. Die Akademie bestand fast 900 Jahre lang und pr\u00e4gte Generationen von Denkern. Platon selbst blieb bis zu seinem Tod 347 v. Chr. in Athen t\u00e4tig.<\/p>\n\n\n\n<p>Platons Denken \u00fcbte tiefgreifenden Einfluss auf die gesamte abendl\u00e4ndische Philosophie aus. Seine Ideenlehre, sein Konzept der Unsterblichkeit der Seele, sein Staatsideal sowie seine Dialektik wurden von der Antike \u00fcber das Mittelalter bis in die Neuzeit rezipiert. In der christlichen Philosophie verbanden Kirchenv\u00e4ter wie Augustinus platonisches Denken mit theologischen Konzepten. In der Neuzeit griffen Denker wie Descartes, Kant oder Hegel zentrale platonische Motive auf. <br>Platon bleibt damit ein Denker von zeitloser Aktualit\u00e4t. Seine Fragen nach Wahrheit, Gerechtigkeit und dem guten Leben besch\u00e4ftigen die Philosophie bis heute.<\/p>\n\n\n\n<hr class=\"wp-block-separator has-alpha-channel-opacity\"\/>\n<\/div><button class=\"uagb-modal-popup-close\" aria-label=\"Close Modal\"><svg xmlns=\"https:\/\/www.w3.org\/2000\/svg\" viewBox=\"0 0 320 512\"><path d=\"M310.6 361.4c12.5 12.5 12.5 32.75 0 45.25C304.4 412.9 296.2 416 288 416s-16.38-3.125-22.62-9.375L160 301.3L54.63 406.6C48.38 412.9 40.19 416 32 416S15.63 412.9 9.375 406.6c-12.5-12.5-12.5-32.75 0-45.25l105.4-105.4L9.375 150.6c-12.5-12.5-12.5-32.75 0-45.25s32.75-12.5 45.25 0L160 210.8l105.4-105.4c12.5-12.5 32.75-12.5 45.25 0s12.5 32.75 0 45.25l-105.4 105.4L310.6 361.4z\"><\/path><\/svg><\/button><\/div><\/div><\/div>\n<\/div>\n\n\n\n<div class=\"wp-block-uagb-container uagb-block-1e448d3b\">\n<div class=\"wp-block-uagb-modal uagb-block-76e3cf96 uagb-modal-wrapper\" data-escpress=\"enable\" data-overlayclick=\"enable\"><img decoding=\"async\" src=\"https:\/\/museum-der-philosophie.de\/wp-content\/uploads\/2024\/01\/pictwerke.png\" alt=\"\" class=\"uagb-modal-trigger\" width=\"249\" height=\"193\" loading=\"lazy\"\/><div class=\"uagb-effect-default uagb-modal-popup uagb-block-76e3cf96 uagb-modal-type-undefined\"><div class=\"uagb-modal-popup-wrap\"><div class=\"uagb-modal-popup-content\">\n<div class=\"wp-block-columns are-vertically-aligned-center is-layout-flex wp-container-core-columns-is-layout-9d6595d7 wp-block-columns-is-layout-flex\">\n<div class=\"wp-block-column is-vertically-aligned-center is-layout-flow wp-block-column-is-layout-flow\">\n<div class=\"wp-block-uagb-image uagb-block-8d505547 wp-block-uagb-image--layout-default wp-block-uagb-image--effect-static wp-block-uagb-image--align-none\"><figure class=\"wp-block-uagb-image__figure\"><img decoding=\"async\" srcset=\"https:\/\/museum-der-philosophie.de\/wp-content\/uploads\/2024\/03\/platon-politea-fragment.png ,https:\/\/museum-der-philosophie.de\/wp-content\/uploads\/2024\/03\/platon-politea-fragment.png 780w, https:\/\/museum-der-philosophie.de\/wp-content\/uploads\/2024\/03\/platon-politea-fragment.png 360w\" sizes=\"auto, (max-width: 480px) 150px\" src=\"https:\/\/museum-der-philosophie.de\/wp-content\/uploads\/2024\/03\/platon-politea-fragment.png\" alt=\"\" class=\"uag-image-7997\" width=\"594\" height=\"420\" title=\"platon politea fragment\" loading=\"lazy\" role=\"img\"\/><figcaption class=\"uagb-image-caption\">Fragment der &#8222;Politea&#8220;<\/figcaption><\/figure><\/div>\n<\/div>\n\n\n\n<div class=\"wp-block-column is-vertically-aligned-center is-layout-flow wp-block-column-is-layout-flow\">\n<div class=\"wp-block-uagb-advanced-heading uagb-block-85b30644\"><h3 class=\"uagb-heading-text\"><strong><strong>Fast alle von Platons Schriften sind erhalten geblieben und existieren in vielen \u00dcbersetzungen. Insgesamt sind 47 Titel bekannt. <\/strong><\/strong><br><strong><strong>Zu den bedeutendsten geh\u00f6ren:<\/strong><\/strong><\/h3><\/div>\n<\/div>\n<\/div>\n\n\n\n<div class=\"wp-block-columns are-vertically-aligned-center is-layout-flex wp-container-core-columns-is-layout-9d6595d7 wp-block-columns-is-layout-flex\">\n<div class=\"wp-block-column is-vertically-aligned-center is-layout-flow wp-block-column-is-layout-flow\">\n<div class=\"wp-block-uagb-advanced-heading uagb-block-5d392918\"><h2 class=\"uagb-heading-text\"><strong>Politea (Der Staat)<\/strong><\/h2><p class=\"uagb-desc-text\">In diesem Hauptwerk entwirft Platon die Vision eines idealen Staates, in dem Philosophen die Herrschaft \u00fcbernehmen sollen, da sie allein das Wissen um das Gute besitzen. Er entwickelt hier die Ideenlehre, die Seelenlehre (mit der Dreiteilung in Begierde, Mut und Vernunft) und das ber\u00fchmte H\u00f6hlengleichnis. Die <em>Politeia<\/em> gilt als Grundtext der politischen Philosophie und Ethik.<br><a href=\"http:\/\/www.zeno.org\/Lesesaal\/N\/9781484049914?page=0\" target=\"_blank\" rel=\"noreferrer noopener\">lesen bei&nbsp;<em>Zeno<\/em><\/a><\/p><\/div>\n<\/div>\n<\/div>\n\n\n\n<div class=\"wp-block-columns are-vertically-aligned-center is-layout-flex wp-container-core-columns-is-layout-9d6595d7 wp-block-columns-is-layout-flex\">\n<div class=\"wp-block-column is-vertically-aligned-center is-layout-flow wp-block-column-is-layout-flow\">\n<div class=\"wp-block-uagb-advanced-heading uagb-block-947a91d3\"><h2 class=\"uagb-heading-text\"><strong><strong>Symposion (Das Gastmahl)<\/strong><\/strong><\/h2><p class=\"uagb-desc-text\">Das Werk behandelt in Form einer geselligen Gespr\u00e4chsrunde die Natur und Bedeutung der Liebe (Eros). Verschiedene Redner pr\u00e4sentieren unterschiedliche Sichtweisen, bis Sokrates und schlie\u00dflich Diotima die Idee der Liebe als Streben nach dem Sch\u00f6nen und Unsterblichen darstellen. Es ist einer der tiefgr\u00fcndigsten und zugleich literarisch sch\u00f6nsten Dialoge Platons.<br><a href=\"http:\/\/www.zeno.org\/Lesesaal\/N\/9781484049853?page=0\" target=\"_blank\" rel=\"noreferrer noopener\">lesen bei&nbsp;<em>Zeno<\/em><\/a><\/p><\/div>\n\n\n\n<div class=\"wp-block-uagb-advanced-heading uagb-block-08db8fbf\"><h2 class=\"uagb-heading-text\"><strong><strong>Apologie des Sokrates<\/strong><\/strong><\/h2><p class=\"uagb-desc-text\">Es ist Platons literarische Darstellung der Verteidigungsrede, die Sokrates 399 v. Chr. vor dem athenischen Gericht hielt. Sokrates rechtfertigt darin sein philosophisches Leben, verteidigt die Suche nach Wahrheit und stellt seine Kritik an Unwissenheit und Scheinwissen dar. Das Werk ist eine eindrucksvolle Kombination aus Geschichtsdokument, philosophischem Programm und ethischem Vorbild, das bis heute Ma\u00dfst\u00e4be f\u00fcr die Haltung eines Philosophen in Konflikt mit der Gesellschaft setzt.<br><a href=\"http:\/\/www.zeno.org\/Lesesaal\/N\/9781484049716?page=0\" target=\"_blank\" rel=\"noreferrer noopener\">lesen bei&nbsp;<\/a><em><a href=\"http:\/\/www.zeno.org\/Lesesaal\/N\/9781484049716?page=0\" target=\"_blank\" rel=\"noreferrer noopener\">Zeno<\/a><\/em><\/p><\/div>\n\n\n\n<div class=\"wp-block-uagb-advanced-heading uagb-block-0c797701\"><h2 class=\"uagb-heading-text\"><strong><strong>Phaidon<\/strong><\/strong><\/h2><p class=\"uagb-desc-text\">Der Dialog schildert die letzten Stunden des Sokrates vor seiner Hinrichtung und thematisiert die Unsterblichkeit der Seele. Platon f\u00fchrt Argumente an, warum die Seele den Tod \u00fcberdauert, und verbindet dies mit seiner Ideenlehre. Das Werk wurde zu einem der wichtigsten Texte der antiken Metaphysik und Religionsphilosophie.<br><a href=\"http:\/\/www.zeno.org\/Lesesaal\/N\/9781484049884?page=0\" target=\"_blank\" rel=\"noreferrer noopener\">lesen bei&nbsp;<em>Zeno<\/em><\/a><\/p><\/div>\n\n\n\n<div class=\"wp-block-uagb-advanced-heading uagb-block-2161dff8\"><h2 class=\"uagb-heading-text\"><strong><strong>Timaios<\/strong><\/strong><\/h2><p class=\"uagb-desc-text\">Der <em>Timaios<\/em> bietet eine kosmologische Darstellung, in der Platon die Sch\u00f6pfung und Ordnung der Welt durch einen g\u00f6ttlichen Demiurgen beschreibt. Er verbindet mathematische Harmonie mit Naturbeobachtung und entwirft eine rationale Erkl\u00e4rung des Kosmos. Dieses Werk war besonders im Mittelalter von enormem Einfluss auf Naturphilosophie und Theologie.<br><a href=\"http:\/\/www.zeno.org\/Lesesaal\/N\/9781484049990?page=0\" target=\"_blank\" rel=\"noreferrer noopener\">lesen bei&nbsp;<em>Zeno<\/em><\/a><\/p><\/div>\n<\/div>\n<\/div>\n<\/div><button class=\"uagb-modal-popup-close\" aria-label=\"Close Modal\"><svg xmlns=\"https:\/\/www.w3.org\/2000\/svg\" viewBox=\"0 0 320 512\"><path d=\"M310.6 361.4c12.5 12.5 12.5 32.75 0 45.25C304.4 412.9 296.2 416 288 416s-16.38-3.125-22.62-9.375L160 301.3L54.63 406.6C48.38 412.9 40.19 416 32 416S15.63 412.9 9.375 406.6c-12.5-12.5-12.5-32.75 0-45.25l105.4-105.4L9.375 150.6c-12.5-12.5-12.5-32.75 0-45.25s32.75-12.5 45.25 0L160 210.8l105.4-105.4c12.5-12.5 32.75-12.5 45.25 0s12.5 32.75 0 45.25l-105.4 105.4L310.6 361.4z\"><\/path><\/svg><\/button><\/div><\/div><\/div>\n<\/div>\n\n\n\n<div class=\"wp-block-uagb-container uagb-block-a62f5405\">\n<div class=\"wp-block-uagb-modal uagb-block-e7e34aa0 uagb-modal-wrapper\" data-escpress=\"enable\" data-overlayclick=\"enable\"><img decoding=\"async\" src=\"https:\/\/museum-der-philosophie.de\/wp-content\/uploads\/2024\/03\/pictehrung3.png\" alt=\"\" class=\"uagb-modal-trigger\" width=\"249\" height=\"194\" loading=\"lazy\"\/><div class=\"uagb-effect-default uagb-modal-popup uagb-block-e7e34aa0 uagb-modal-type-undefined\"><div class=\"uagb-modal-popup-wrap\"><div class=\"uagb-modal-popup-content\">\n<div class=\"wp-block-uagb-container uagb-block-bdcdb581 default uagb-is-root-container\">\n<div class=\"wp-block-uagb-container uagb-block-7831addc alignfull uagb-is-root-container\"><div class=\"uagb-container-inner-blocks-wrap\">\n<div class=\"wp-block-uagb-advanced-heading uagb-block-625c70e0\"><h1 class=\"uagb-heading-text\"><strong>Ehrungen<\/strong><\/h1><\/div>\n<\/div><\/div>\n<\/div>\n\n\n\n<div class=\"wp-block-uagb-image uagb-block-e8424280 wp-block-uagb-image--layout-default wp-block-uagb-image--effect-static wp-block-uagb-image--align-none\"><figure class=\"wp-block-uagb-image__figure\"><img decoding=\"async\"  sizes=\"auto, (max-width: 480px) 150px\" src=\"https:\/\/museum-der-philosophie.de\/wp-content\/uploads\/2023\/11\/scuola-Mitte.jpeg\" alt=\"\" width=\"900\" height=\"506\" title=\"\" loading=\"lazy\" role=\"img\"\/><figcaption class=\"uagb-image-caption\">Platon und Aristoteles \u2013 aus \u201eDie Schule von Athen\u201c, Fresco von Raffael im Vatikan (um 1510)<\/figcaption><\/figure><\/div>\n\n\n\n<div class=\"wp-block-columns are-vertically-aligned-center is-layout-flex wp-container-core-columns-is-layout-9d6595d7 wp-block-columns-is-layout-flex\">\n<div class=\"wp-block-column is-vertically-aligned-center is-layout-flow wp-block-column-is-layout-flow\">\n<div class=\"wp-block-uagb-image uagb-block-9c90a897 wp-block-uagb-image--layout-default wp-block-uagb-image--effect-static wp-block-uagb-image--align-none\"><figure class=\"wp-block-uagb-image__figure\"><img decoding=\"async\"  sizes=\"auto, (max-width: 480px) 150px\" src=\"https:\/\/museum-der-philosophie.de\/wp-content\/uploads\/2025\/08\/kunsthallekarlsruhe-anselm-feuerbach-das-gastmahl-des-plato-813.small_-1170x562.jpg\" alt=\"\" width=\"1170\" height=\"562\" title=\"\" loading=\"lazy\" role=\"img\"\/><figcaption class=\"uagb-image-caption\">Das Gastmahl des Platon &#8211; Gem\u00e4lde von Anselm Feuerbach (1869)<\/figcaption><\/figure><\/div>\n<\/div>\n\n\n\n<div class=\"wp-block-column is-vertically-aligned-center is-layout-flow wp-block-column-is-layout-flow\">\n<div class=\"wp-block-uagb-image uagb-block-e287ea1e wp-block-uagb-image--layout-default wp-block-uagb-image--effect-static wp-block-uagb-image--align-none\"><figure class=\"wp-block-uagb-image__figure\"><img decoding=\"async\"  sizes=\"auto, (max-width: 480px) 150px\" src=\"https:\/\/museum-der-philosophie.de\/wp-content\/uploads\/2025\/08\/1024px-La_Grotte_de_Platon25252C_Michiel_Coxcie25252C_XVIe.jpg\" alt=\"\" width=\"935\" height=\"720\" title=\"\" loading=\"lazy\" role=\"img\"\/><figcaption class=\"uagb-image-caption\">Die H\u00f6hle des Platon &#8211; Gem\u00e4lde von Michiel Coxcie<\/figcaption><\/figure><\/div>\n<\/div>\n<\/div>\n\n\n\n<div class=\"wp-block-uagb-advanced-heading uagb-block-a33f638a\"><h3 class=\"uagb-heading-text\"><em>Eins der sch\u00f6nsten Geschenke, welche uns das<br>Schicksal aus dem Altertum aufbewahrt, sind ohne<br>Zweifel die Platonischen Werke.<\/em><\/h3><p class=\"uagb-desc-text\">G.W.F. Hegel<\/p><\/div>\n\n\n\n<div class=\"wp-block-columns are-vertically-aligned-center is-layout-flex wp-container-core-columns-is-layout-9d6595d7 wp-block-columns-is-layout-flex\">\n<div class=\"wp-block-column is-vertically-aligned-center is-layout-flow wp-block-column-is-layout-flow\">\n<div class=\"wp-block-uagb-image uagb-block-f1848288 wp-block-uagb-image--layout-default wp-block-uagb-image--effect-static wp-block-uagb-image--align-none\"><figure class=\"wp-block-uagb-image__figure\"><img decoding=\"async\"  sizes=\"auto, (max-width: 480px) 150px\" src=\"https:\/\/museum-der-philosophie.de\/wp-content\/uploads\/2024\/11\/864px-Salvator_Rosa_Disputa_tra_filosofi_o_LAccademia_di_Platone_011-e1732435762387.jpg\" alt=\"\" width=\"688\" height=\"847\" title=\"\" loading=\"lazy\" role=\"img\"\/><figcaption class=\"uagb-image-caption\">Platons Akademie &#8211; Gem\u00e4lde von<br>Salvator Rosa <\/figcaption><\/figure><\/div>\n<\/div>\n\n\n\n<div class=\"wp-block-column is-vertically-aligned-center is-layout-flow wp-block-column-is-layout-flow\">\n<div class=\"wp-block-uagb-image uagb-block-89a522fe wp-block-uagb-image--layout-default wp-block-uagb-image--effect-static wp-block-uagb-image--align-none\"><figure class=\"wp-block-uagb-image__figure\"><img decoding=\"async\" srcset=\"https:\/\/museum-der-philosophie.de\/wp-content\/uploads\/2025\/01\/Pedro_Berruguete_-_Portrait_of_Plato.jpg ,https:\/\/museum-der-philosophie.de\/wp-content\/uploads\/2025\/01\/Pedro_Berruguete_-_Portrait_of_Plato.jpg 780w, https:\/\/museum-der-philosophie.de\/wp-content\/uploads\/2025\/01\/Pedro_Berruguete_-_Portrait_of_Plato.jpg 360w\" sizes=\"auto, (max-width: 480px) 150px\" src=\"https:\/\/museum-der-philosophie.de\/wp-content\/uploads\/2025\/01\/Pedro_Berruguete_-_Portrait_of_Plato.jpg\" alt=\"\" class=\"uag-image-14093\" width=\"856\" height=\"1260\" title=\"Pedro_Berruguete_-_Portrait_of_Plato\" loading=\"lazy\" role=\"img\"\/><figcaption class=\"uagb-image-caption\">Gem\u00e4lde von Joos van Wassenhove + Pedro Berruguete <\/figcaption><\/figure><\/div>\n<\/div>\n\n\n\n<div class=\"wp-block-column is-vertically-aligned-center is-layout-flow wp-block-column-is-layout-flow\">\n<div class=\"wp-block-uagb-image uagb-block-a754f852 wp-block-uagb-image--layout-default wp-block-uagb-image--effect-static wp-block-uagb-image--align-none\"><figure class=\"wp-block-uagb-image__figure\"><img decoding=\"async\" srcset=\"https:\/\/museum-der-philosophie.de\/wp-content\/uploads\/2024\/11\/Jusepe-de-Ribera-Platon.jpeg ,https:\/\/museum-der-philosophie.de\/wp-content\/uploads\/2024\/11\/Jusepe-de-Ribera-Platon.jpeg 780w, https:\/\/museum-der-philosophie.de\/wp-content\/uploads\/2024\/11\/Jusepe-de-Ribera-Platon.jpeg 360w\" sizes=\"auto, (max-width: 480px) 150px\" src=\"https:\/\/museum-der-philosophie.de\/wp-content\/uploads\/2024\/11\/Jusepe-de-Ribera-Platon.jpeg\" alt=\"\" class=\"uag-image-12679\" width=\"812\" height=\"1024\" title=\"Jusepe de Ribera Platon\" loading=\"lazy\" role=\"img\"\/><figcaption class=\"uagb-image-caption\">Gem\u00e4lde von Jusepe de Ribera<\/figcaption><\/figure><\/div>\n<\/div>\n<\/div>\n\n\n\n<figure class=\"wp-block-image size-large\"><img loading=\"lazy\" decoding=\"async\" width=\"1170\" height=\"635\" src=\"https:\/\/museum-der-philosophie.de\/wp-content\/uploads\/2025\/08\/Spangenberg-Sokrates-und-seine-Schueler-Das-Gastmahl-des-Platon-e1756309131403-1170x635.jpg\" alt=\"\" class=\"wp-image-16270\" srcset=\"https:\/\/museum-der-philosophie.de\/wp-content\/uploads\/2025\/08\/Spangenberg-Sokrates-und-seine-Schueler-Das-Gastmahl-des-Platon-e1756309131403-1170x635.jpg 1170w, https:\/\/museum-der-philosophie.de\/wp-content\/uploads\/2025\/08\/Spangenberg-Sokrates-und-seine-Schueler-Das-Gastmahl-des-Platon-e1756309131403-400x217.jpg 400w, https:\/\/museum-der-philosophie.de\/wp-content\/uploads\/2025\/08\/Spangenberg-Sokrates-und-seine-Schueler-Das-Gastmahl-des-Platon-e1756309131403-150x81.jpg 150w, https:\/\/museum-der-philosophie.de\/wp-content\/uploads\/2025\/08\/Spangenberg-Sokrates-und-seine-Schueler-Das-Gastmahl-des-Platon-e1756309131403-768x417.jpg 768w, https:\/\/museum-der-philosophie.de\/wp-content\/uploads\/2025\/08\/Spangenberg-Sokrates-und-seine-Schueler-Das-Gastmahl-des-Platon-e1756309131403.jpg 1392w\" sizes=\"auto, (max-width: 1170px) 100vw, 1170px\" \/><figcaption class=\"wp-element-caption\">Philosophie. Das Gastmahl des Platon &#8211; Gem\u00e4lde von Gustav Adolph Spangenberg (aus dem Fresko Die vier Fakult\u00e4ten, Uni Halle um 1885)<\/figcaption><\/figure>\n\n\n\n<div class=\"wp-block-uagb-advanced-heading uagb-block-fdc0b039\"><h3 class=\"uagb-heading-text\"><em>Die sicherste allgemeine Charakterisierung der philosophischen&nbsp;Tradition&nbsp;Europas lautet, <\/em><br><em>dass sie aus einer Reihe von Fu\u00dfnoten zu Platon besteht.<\/em><\/h3><p class=\"uagb-desc-text\">Alfred North Whitehead<\/p><\/div>\n\n\n\n<div class=\"wp-block-columns are-vertically-aligned-center is-layout-flex wp-container-core-columns-is-layout-9d6595d7 wp-block-columns-is-layout-flex\">\n<div class=\"wp-block-column is-vertically-aligned-center is-layout-flow wp-block-column-is-layout-flow\" style=\"flex-basis:32%\">\n<div class=\"wp-block-uagb-image uagb-block-c589c204 wp-block-uagb-image--layout-default wp-block-uagb-image--effect-static wp-block-uagb-image--align-none\"><figure class=\"wp-block-uagb-image__figure\"><img decoding=\"async\" srcset=\"https:\/\/museum-der-philosophie.de\/wp-content\/uploads\/2025\/08\/platon-berlin-wilmersdorf.jpg ,https:\/\/museum-der-philosophie.de\/wp-content\/uploads\/2025\/08\/platon-berlin-wilmersdorf.jpg 780w, https:\/\/museum-der-philosophie.de\/wp-content\/uploads\/2025\/08\/platon-berlin-wilmersdorf.jpg 360w\" sizes=\"auto, (max-width: 480px) 150px\" src=\"https:\/\/museum-der-philosophie.de\/wp-content\/uploads\/2025\/08\/platon-berlin-wilmersdorf.jpg\" alt=\"\" class=\"uag-image-16386\" width=\"789\" height=\"1167\" title=\"platon berlin wilmersdorf\" loading=\"lazy\" role=\"img\"\/><figcaption class=\"uagb-image-caption\">Sandstein-Statue von Peter Kramer (nach Max Klein 1881) in Berlin-Wilmersdorf<\/figcaption><\/figure><\/div>\n<\/div>\n\n\n\n<div class=\"wp-block-column is-vertically-aligned-center is-layout-flow wp-block-column-is-layout-flow\">\n<div class=\"wp-block-uagb-image uagb-block-a1927e96 wp-block-uagb-image--layout-default wp-block-uagb-image--effect-static wp-block-uagb-image--align-none\"><figure class=\"wp-block-uagb-image__figure\"><img decoding=\"async\" srcset=\"https:\/\/museum-der-philosophie.de\/wp-content\/uploads\/2025\/03\/736px-Head_Platon_Glyptothek_Munich_548_1_-removebg-preview-e1741849787556.png ,https:\/\/museum-der-philosophie.de\/wp-content\/uploads\/2025\/03\/736px-Head_Platon_Glyptothek_Munich_548_1_-removebg-preview-e1741849787556.png 780w, https:\/\/museum-der-philosophie.de\/wp-content\/uploads\/2025\/03\/736px-Head_Platon_Glyptothek_Munich_548_1_-removebg-preview-e1741849787556.png 360w\" sizes=\"auto, (max-width: 480px) 150px\" src=\"https:\/\/museum-der-philosophie.de\/wp-content\/uploads\/2025\/03\/736px-Head_Platon_Glyptothek_Munich_548_1_-removebg-preview-e1741849787556.png\" alt=\"\" class=\"uag-image-15304\" width=\"364\" height=\"548\" title=\"736px-Head_Platon_Glyptothek_Munich_548_1_-removebg-preview\" loading=\"lazy\" role=\"img\"\/><figcaption class=\"uagb-image-caption\">R\u00f6mische Kopie einer Skulptur, vermutlich von Silanion (4. Jhd. v. Chr.)<\/figcaption><\/figure><\/div>\n\n\n\n<div class=\"wp-block-uagb-image uagb-block-f4d1be2e wp-block-uagb-image--layout-default wp-block-uagb-image--effect-static wp-block-uagb-image--align-none\"><figure class=\"wp-block-uagb-image__figure\"><img decoding=\"async\" srcset=\"https:\/\/museum-der-philosophie.de\/wp-content\/uploads\/2025\/08\/Plato_Aristotle_della_Robbia_OPA_Florence_1_-removebg-preview.png ,https:\/\/museum-der-philosophie.de\/wp-content\/uploads\/2025\/08\/Plato_Aristotle_della_Robbia_OPA_Florence_1_-removebg-preview.png 780w, https:\/\/museum-der-philosophie.de\/wp-content\/uploads\/2025\/08\/Plato_Aristotle_della_Robbia_OPA_Florence_1_-removebg-preview.png 360w\" sizes=\"auto, (max-width: 480px) 150px\" src=\"https:\/\/museum-der-philosophie.de\/wp-content\/uploads\/2025\/08\/Plato_Aristotle_della_Robbia_OPA_Florence_1_-removebg-preview.png\" alt=\"\" class=\"uag-image-16280\" width=\"452\" height=\"552\" title=\"Plato_Aristotle_della_Robbia_OPA_Florence_1_-removebg-preview\" loading=\"lazy\" role=\"img\"\/><figcaption class=\"uagb-image-caption\">Platon und Aristoteles &#8211; Marmorrelief, Luca della Robbia, Florenz um 1440<\/figcaption><\/figure><\/div>\n<\/div>\n\n\n\n<div class=\"wp-block-column is-vertically-aligned-center is-layout-flow wp-block-column-is-layout-flow\" style=\"flex-basis:45%\">\n<div class=\"wp-block-uagb-image uagb-block-03e876d8 wp-block-uagb-image--layout-default wp-block-uagb-image--effect-static wp-block-uagb-image--align-none\"><figure class=\"wp-block-uagb-image__figure\"><img decoding=\"async\"  sizes=\"auto, (max-width: 480px) 150px\" src=\"https:\/\/museum-der-philosophie.de\/wp-content\/uploads\/2025\/11\/Athen-Akademie-Platon.jpg\" alt=\"\" width=\"914\" height=\"1200\" title=\"\" loading=\"lazy\" role=\"img\"\/><figcaption class=\"uagb-image-caption\">Platon &#8211; Statue in Athen von Leonidas Drosis (1880)<\/figcaption><\/figure><\/div>\n<\/div>\n<\/div>\n\n\n\n<div class=\"wp-block-columns are-vertically-aligned-bottom is-layout-flex wp-container-core-columns-is-layout-9d6595d7 wp-block-columns-is-layout-flex\">\n<div class=\"wp-block-column is-vertically-aligned-bottom is-layout-flow wp-block-column-is-layout-flow\">\n<div class=\"wp-block-uagb-image uagb-block-c04569b6 wp-block-uagb-image--layout-default wp-block-uagb-image--effect-static wp-block-uagb-image--align-none\"><figure class=\"wp-block-uagb-image__figure\"><img decoding=\"async\" srcset=\"https:\/\/museum-der-philosophie.de\/wp-content\/uploads\/2025\/08\/Bust_of_Plato_in_the_Old_Library__Trinity_College_Dublin_1_-removebg-preview.png ,https:\/\/museum-der-philosophie.de\/wp-content\/uploads\/2025\/08\/Bust_of_Plato_in_the_Old_Library__Trinity_College_Dublin_1_-removebg-preview.png 780w, https:\/\/museum-der-philosophie.de\/wp-content\/uploads\/2025\/08\/Bust_of_Plato_in_the_Old_Library__Trinity_College_Dublin_1_-removebg-preview.png 360w\" sizes=\"auto, (max-width: 480px) 150px\" src=\"https:\/\/museum-der-philosophie.de\/wp-content\/uploads\/2025\/08\/Bust_of_Plato_in_the_Old_Library__Trinity_College_Dublin_1_-removebg-preview.png\" alt=\"\" class=\"uag-image-16365\" width=\"405\" height=\"616\" title=\"Bust_of_Plato_in_the_Old_Library__Trinity_College_Dublin_1_-removebg-preview\" loading=\"lazy\" role=\"img\"\/><figcaption class=\"uagb-image-caption\">B\u00fcste in Old Library, Trinity College Dublin<\/figcaption><\/figure><\/div>\n<\/div>\n\n\n\n<div class=\"wp-block-column is-vertically-aligned-bottom is-layout-flow wp-block-column-is-layout-flow\">\n<div class=\"wp-block-uagb-image uagb-block-788b2dc9 wp-block-uagb-image--layout-default wp-block-uagb-image--effect-static wp-block-uagb-image--align-none\"><figure class=\"wp-block-uagb-image__figure\"><img decoding=\"async\" srcset=\"https:\/\/museum-der-philosophie.de\/wp-content\/uploads\/2025\/08\/960px-Platon_altes_Museum2_1_-removebg-preview-e1756458125458.png ,https:\/\/museum-der-philosophie.de\/wp-content\/uploads\/2025\/08\/960px-Platon_altes_Museum2_1_-removebg-preview-e1756458125458.png 780w, https:\/\/museum-der-philosophie.de\/wp-content\/uploads\/2025\/08\/960px-Platon_altes_Museum2_1_-removebg-preview-e1756458125458.png 360w\" sizes=\"auto, (max-width: 480px) 150px\" src=\"https:\/\/museum-der-philosophie.de\/wp-content\/uploads\/2025\/08\/960px-Platon_altes_Museum2_1_-removebg-preview-e1756458125458.png\" alt=\"\" class=\"uag-image-16381\" width=\"331\" height=\"526\" title=\"960px-Platon_altes_Museum2_1_-removebg-preview\" loading=\"lazy\" role=\"img\"\/><figcaption class=\"uagb-image-caption\">B\u00fcste im Alten Museum Berlin<\/figcaption><\/figure><\/div>\n<\/div>\n\n\n\n<div class=\"wp-block-column is-vertically-aligned-bottom is-layout-flow wp-block-column-is-layout-flow\">\n<div class=\"wp-block-uagb-image uagb-block-3e31b664 wp-block-uagb-image--layout-default wp-block-uagb-image--effect-static wp-block-uagb-image--align-none\"><figure class=\"wp-block-uagb-image__figure\"><img decoding=\"async\" srcset=\"https:\/\/museum-der-philosophie.de\/wp-content\/uploads\/2025\/08\/platon-achilleon-e1756401449719.png ,https:\/\/museum-der-philosophie.de\/wp-content\/uploads\/2025\/08\/platon-achilleon-e1756401449719.png 780w, https:\/\/museum-der-philosophie.de\/wp-content\/uploads\/2025\/08\/platon-achilleon-e1756401449719.png 360w\" sizes=\"auto, (max-width: 480px) 150px\" src=\"https:\/\/museum-der-philosophie.de\/wp-content\/uploads\/2025\/08\/platon-achilleon-e1756401449719.png\" alt=\"\" class=\"uag-image-16364\" width=\"332\" height=\"583\" title=\"platon achilleon\" loading=\"lazy\" role=\"img\"\/><figcaption class=\"uagb-image-caption\">B\u00fcste im Achilleion (Korfu)<\/figcaption><\/figure><\/div>\n<\/div>\n<\/div>\n\n\n\n<div class=\"wp-block-uagb-advanced-heading uagb-block-8f4eb2dc\"><h3 class=\"uagb-heading-text\"><em>Wer das fortw\u00e4hrende Jauchzen nicht h\u00f6rt, welches durch jede Rede und Gegenrede eines platonischen Dialogs geht, das Jauchzen \u00fcber die neue Erfindung des vern\u00fcnftigen Denkens, was versteht der von Plato, was von der alten Philosophie?<\/em><\/h3><p class=\"uagb-desc-text\">Friedrich Nietzsche<\/p><\/div>\n\n\n\n<div class=\"wp-block-columns are-vertically-aligned-center is-layout-flex wp-container-core-columns-is-layout-9d6595d7 wp-block-columns-is-layout-flex\">\n<div class=\"wp-block-column is-vertically-aligned-center is-layout-flow wp-block-column-is-layout-flow\" style=\"flex-basis:17%\">\n<div class=\"wp-block-uagb-image uagb-block-fa14a8d0 wp-block-uagb-image--layout-default wp-block-uagb-image--effect-static wp-block-uagb-image--align-none\"><figure class=\"wp-block-uagb-image__figure\"><img decoding=\"async\" srcset=\"https:\/\/museum-der-philosophie.de\/wp-content\/uploads\/2025\/08\/bm-platon-griechenland-1998.jpg ,https:\/\/museum-der-philosophie.de\/wp-content\/uploads\/2025\/08\/bm-platon-griechenland-1998.jpg 780w, https:\/\/museum-der-philosophie.de\/wp-content\/uploads\/2025\/08\/bm-platon-griechenland-1998.jpg 360w\" sizes=\"auto, (max-width: 480px) 150px\" src=\"https:\/\/museum-der-philosophie.de\/wp-content\/uploads\/2025\/08\/bm-platon-griechenland-1998.jpg\" alt=\"\" class=\"uag-image-16371\" width=\"230\" height=\"296\" title=\"bm platon griechenland 1998\" loading=\"lazy\" role=\"img\"\/><figcaption class=\"uagb-image-caption\">Briefmarke Griechenland 1998<\/figcaption><\/figure><\/div>\n<\/div>\n\n\n\n<div class=\"wp-block-column is-vertically-aligned-center is-layout-flow wp-block-column-is-layout-flow\">\n<div class=\"wp-block-uagb-image uagb-block-a4f885e2 wp-block-uagb-image--layout-default wp-block-uagb-image--effect-static wp-block-uagb-image--align-none\"><figure class=\"wp-block-uagb-image__figure\"><img decoding=\"async\" srcset=\"https:\/\/museum-der-philosophie.de\/wp-content\/uploads\/2025\/08\/bm-platon-spanien-1998.jpg ,https:\/\/museum-der-philosophie.de\/wp-content\/uploads\/2025\/08\/bm-platon-spanien-1998.jpg 780w, https:\/\/museum-der-philosophie.de\/wp-content\/uploads\/2025\/08\/bm-platon-spanien-1998.jpg 360w\" sizes=\"auto, (max-width: 480px) 150px\" src=\"https:\/\/museum-der-philosophie.de\/wp-content\/uploads\/2025\/08\/bm-platon-spanien-1998.jpg\" alt=\"\" class=\"uag-image-16372\" width=\"296\" height=\"209\" title=\"bm platon spanien 1998\" loading=\"lazy\" role=\"img\"\/><figcaption class=\"uagb-image-caption\">Briefmarke Spanien 1998<\/figcaption><\/figure><\/div>\n<\/div>\n\n\n\n<div class=\"wp-block-column is-vertically-aligned-center is-layout-flow wp-block-column-is-layout-flow\" style=\"flex-basis:17%\">\n<div class=\"wp-block-uagb-image uagb-block-a8a8561e wp-block-uagb-image--layout-default wp-block-uagb-image--effect-static wp-block-uagb-image--align-none\"><figure class=\"wp-block-uagb-image__figure\"><img decoding=\"async\" srcset=\"https:\/\/museum-der-philosophie.de\/wp-content\/uploads\/2025\/08\/platon-muenze-san-marino-1996.png ,https:\/\/museum-der-philosophie.de\/wp-content\/uploads\/2025\/08\/platon-muenze-san-marino-1996.png 780w, https:\/\/museum-der-philosophie.de\/wp-content\/uploads\/2025\/08\/platon-muenze-san-marino-1996.png 360w\" sizes=\"auto, (max-width: 480px) 150px\" src=\"https:\/\/museum-der-philosophie.de\/wp-content\/uploads\/2025\/08\/platon-muenze-san-marino-1996.png\" alt=\"\" class=\"uag-image-16370\" width=\"504\" height=\"496\" title=\"platon m\u00fcnze san marino 1996\" loading=\"lazy\" role=\"img\"\/><figcaption class=\"uagb-image-caption\">M\u00fcnze San Marino 1996<\/figcaption><\/figure><\/div>\n<\/div>\n\n\n\n<div class=\"wp-block-column is-vertically-aligned-center is-layout-flow wp-block-column-is-layout-flow\">\n<div class=\"wp-block-uagb-image uagb-block-587bd14e wp-block-uagb-image--layout-default wp-block-uagb-image--effect-static wp-block-uagb-image--align-none\"><figure class=\"wp-block-uagb-image__figure\"><img decoding=\"async\" srcset=\"https:\/\/museum-der-philosophie.de\/wp-content\/uploads\/2025\/08\/platon-2-euro.png ,https:\/\/museum-der-philosophie.de\/wp-content\/uploads\/2025\/08\/platon-2-euro.png 780w, https:\/\/museum-der-philosophie.de\/wp-content\/uploads\/2025\/08\/platon-2-euro.png 360w\" sizes=\"auto, (max-width: 480px) 150px\" src=\"https:\/\/museum-der-philosophie.de\/wp-content\/uploads\/2025\/08\/platon-2-euro.png\" alt=\"\" class=\"uag-image-16395\" width=\"707\" height=\"353\" title=\"platon 2 euro\" loading=\"lazy\" role=\"img\"\/><figcaption class=\"uagb-image-caption\">M\u00fcnze Griechenland 2013<\/figcaption><\/figure><\/div>\n<\/div>\n<\/div>\n\n\n\n<div style=\"height:12px\" aria-hidden=\"true\" class=\"wp-block-spacer\"><\/div>\n\n\n\n<p class=\"has-small-font-size\"><strong>Bildnachweis<\/strong><br>Statue Berlin: Nicola V\u00f6sgen (<a href=\"https:\/\/creativecommons.org\/licenses\/by\/4.0\/deed.de\" target=\"_blank\" rel=\"noreferrer noopener\">CC-BY-4.0<\/a>)<br>B\u00fcste in Old Library: Yair Haklai (<a href=\"https:\/\/creativecommons.org\/licenses\/by-sa\/4.0\/deed.en\" target=\"_blank\" rel=\"noreferrer noopener\">CC BY-SA 4.0<\/a>)<br>B\u00fcste im Achilleion: Jean Housen (<a href=\"https:\/\/creativecommons.org\/licenses\/by-sa\/4.0\/deed.en\" target=\"_blank\" rel=\"noreferrer noopener\">CC BY-SA 4.0<\/a>)<br><br><strong>Zitatnachweis<\/strong><br>G.W.F. Hegel: &#8222;Vorlesungen zur Geschichte der Philosophie&#8220;<br>Alfred North Whitehead &#8222;Proze\u00df und Realit\u00e4t&#8220; 1929<br>Friedrich Nietzsche &#8222;Morgenr\u00f6te&#8220; 1881<\/p>\n<\/div><button class=\"uagb-modal-popup-close\" aria-label=\"Close Modal\"><svg xmlns=\"https:\/\/www.w3.org\/2000\/svg\" viewBox=\"0 0 320 512\"><path d=\"M310.6 361.4c12.5 12.5 12.5 32.75 0 45.25C304.4 412.9 296.2 416 288 416s-16.38-3.125-22.62-9.375L160 301.3L54.63 406.6C48.38 412.9 40.19 416 32 416S15.63 412.9 9.375 406.6c-12.5-12.5-12.5-32.75 0-45.25l105.4-105.4L9.375 150.6c-12.5-12.5-12.5-32.75 0-45.25s32.75-12.5 45.25 0L160 210.8l105.4-105.4c12.5-12.5 32.75-12.5 45.25 0s12.5 32.75 0 45.25l-105.4 105.4L310.6 361.4z\"><\/path><\/svg><\/button><\/div><\/div><\/div>\n<\/div>\n<\/div>\n<\/div>\n\n\n\n<div class=\"wp-block-uagb-container uag-blocks-common-selector uagb-block-55348c87\">\n<div class=\"wp-block-uagb-container uagb-block-425ef6a5\">\n<div class=\"wp-block-uagb-container uagb-block-b91ab20c\">\n<div class=\"wp-block-uagb-modal uagb-block-b51eba78 uagb-modal-wrapper wp-embed-aspect-16-9 wp-has-aspect-ratio\" data-escpress=\"enable\" data-overlayclick=\"enable\"><img decoding=\"async\" src=\"https:\/\/museum-der-philosophie.de\/wp-content\/uploads\/2025\/01\/Kinosaal-e1738220399879.png\" alt=\"\" class=\"uagb-modal-trigger\" width=\"238\" height=\"186\" loading=\"lazy\"\/><div class=\"uagb-effect-default uagb-modal-popup uagb-block-b51eba78 uagb-modal-type-undefined\"><div class=\"uagb-modal-popup-wrap\"><div class=\"uagb-modal-popup-content\">\n<div class=\"wp-block-uagb-container uagb-block-26feb2c5 alignfull uagb-is-root-container\"><div class=\"uagb-container-inner-blocks-wrap\">\n<p class=\"has-text-align-center\"><strong>Videos zu Platon findest du in unserem <a href=\"https:\/\/museum-der-philosophie.de\/?page_id=6128\" data-type=\"page\" data-id=\"6128\" target=\"_blank\" rel=\"noreferrer noopener\">Kinosaal<\/a>, zum Beispiel:<\/strong><\/p>\n\n\n\n<div class=\"wp-block-uagb-container uagb-block-5ac84608\">\n<figure class=\"wp-block-embed aligncenter is-type-video is-provider-youtube wp-block-embed-youtube wp-embed-aspect-16-9 wp-has-aspect-ratio\"><div class=\"wp-block-embed__wrapper\">\n<div  style=\"display: block; margin: 0px auto;\"  id=\"_ytid_15930\" class=\"__youtube_prefs__  __youtube_prefs_gdpr__  epyt-is-override \" allowfullscreen data-no-lazy=\"1\" data-skipgform_ajax_framebjll=\"\"><p><strong><span style=\"vertical-align: inherit\"><span style=\"vertical-align: inherit\">In unserem Kinosaal werden YouTube-Inhalte wiedergegeben. \u00dcber Cookies werden dabei von Google Nutzerdaten erhoben.\u00a0<\/span><\/span><\/strong><\/p>\n<p><a href=\"https:\/\/policies.google.com\/privacy\" target=\"_blank\" rel=\"noopener\"><span style=\"vertical-align: inherit\"><span style=\"vertical-align: inherit\">n\u00e4here Infos siehe YouTube-Datenschutzrichtlinie<\/span><\/span><\/a><\/p>\n<p><span style=\"vertical-align: inherit\"><span style=\"vertical-align: inherit\">Wenn Sie diesen Hinweis akzeptieren, wird Ihre Auswahl gespeichert und die Seite wird aktualisiert. Wenn Sie dies nicht m\u00f6chten, k\u00f6nnen Sie unseren Kinosaal leider nicht nutzen.<\/span><\/span><\/p>\n<div id=\"9985B39C_A679_11AA_E7EF_78842F400DFB\"><\/div>\n<div id=\"9985B39C_A679_11AA_E7EF_78842F400DFB\"><\/div>\n<div id=\"9985B39C_A679_11AA_E7EF_78842F400DFB\"><\/div>\n<div id=\"9985B39C_A679_11AA_E7EF_78842F400DFB\"><\/div>\n<div id=\"9985B39C_A679_11AA_E7EF_78842F400DFB\"><\/div>\n<div id=\"9985B39C_A679_11AA_E7EF_78842F400DFB\"><\/div>\n<div id=\"9985B39C_A679_11AA_E7EF_78842F400DFB\"><\/div>\n<div id=\"9985B39C_A679_11AA_E7EF_78842F400DFB\"><\/div>\n<button type=\"button\" class=\"__youtube_prefs_gdpr__\">Ich akzeptiere YouTube Inhalt<img decoding=\"async\" src=\"https:\/\/museum-der-philosophie.de\/wp-content\/plugins\/youtube-embed-plus\/images\/icon-check.png\" alt=\"accept\" data-no-lazy=\"1\" data-skipgform_ajax_framebjll=\"\" \/><\/button><\/div>\n<\/div><figcaption class=\"wp-element-caption\">Platon in 60 Minuten<\/figcaption><\/figure>\n<\/div>\n<\/div><\/div>\n<\/div><button class=\"uagb-modal-popup-close\" aria-label=\"Close Modal\"><svg xmlns=\"https:\/\/www.w3.org\/2000\/svg\" viewBox=\"0 0 320 512\"><path d=\"M310.6 361.4c12.5 12.5 12.5 32.75 0 45.25C304.4 412.9 296.2 416 288 416s-16.38-3.125-22.62-9.375L160 301.3L54.63 406.6C48.38 412.9 40.19 416 32 416S15.63 412.9 9.375 406.6c-12.5-12.5-12.5-32.75 0-45.25l105.4-105.4L9.375 150.6c-12.5-12.5-12.5-32.75 0-45.25s32.75-12.5 45.25 0L160 210.8l105.4-105.4c12.5-12.5 32.75-12.5 45.25 0s12.5 32.75 0 45.25l-105.4 105.4L310.6 361.4z\"><\/path><\/svg><\/button><\/div><\/div><\/div>\n<\/div>\n<\/div>\n<\/div>\n<\/div>\n","protected":false},"excerpt":{"rendered":"<p>Platon war einer der bedeutendsten und meistrezipierten Philosophen der Geschichte.<\/p>\n","protected":false},"author":1,"featured_media":15304,"comment_status":"closed","ping_status":"closed","sticky":false,"template":"template-page-builder-no-header-footer.php","format":"standard","meta":{"_uag_custom_page_level_css":"","footnotes":""},"categories":[76],"tags":[86,154,120],"class_list":["post-16313","post","type-post","status-publish","format-standard","has-post-thumbnail","hentry","category-portraets","tag-antike","tag-neuheit","tag-platon"],"featured_image_src":"https:\/\/museum-der-philosophie.de\/wp-content\/uploads\/2025\/03\/736px-Head_Platon_Glyptothek_Munich_548_1_-removebg-preview-e1741849787556.png","author_info":{"display_name":"Klaus F\u00fcrst","author_link":"https:\/\/museum-der-philosophie.de\/?author=1"},"uagb_featured_image_src":{"full":["https:\/\/museum-der-philosophie.de\/wp-content\/uploads\/2025\/03\/736px-Head_Platon_Glyptothek_Munich_548_1_-removebg-preview-e1741849787556.png",364,548,false],"thumbnail":["https:\/\/museum-der-philosophie.de\/wp-content\/uploads\/2025\/03\/736px-Head_Platon_Glyptothek_Munich_548_1_-removebg-preview-e1741849787556-150x226.png",150,226,true],"medium":["https:\/\/museum-der-philosophie.de\/wp-content\/uploads\/2025\/03\/736px-Head_Platon_Glyptothek_Munich_548_1_-removebg-preview-400x556.png",400,556,true],"medium_large":["https:\/\/museum-der-philosophie.de\/wp-content\/uploads\/2025\/03\/736px-Head_Platon_Glyptothek_Munich_548_1_-removebg-preview-e1741849787556.png",364,548,false],"large":["https:\/\/museum-der-philosophie.de\/wp-content\/uploads\/2025\/03\/736px-Head_Platon_Glyptothek_Munich_548_1_-removebg-preview-e1741849787556.png",364,548,false],"1536x1536":["https:\/\/museum-der-philosophie.de\/wp-content\/uploads\/2025\/03\/736px-Head_Platon_Glyptothek_Munich_548_1_-removebg-preview-e1741849787556.png",364,548,false],"2048x2048":["https:\/\/museum-der-philosophie.de\/wp-content\/uploads\/2025\/03\/736px-Head_Platon_Glyptothek_Munich_548_1_-removebg-preview-e1741849787556.png",364,548,false],"education-zone-banner":["https:\/\/museum-der-philosophie.de\/wp-content\/uploads\/2025\/03\/736px-Head_Platon_Glyptothek_Munich_548_1_-removebg-preview-e1741849787556.png",364,548,false],"education-zone-image-full":["https:\/\/museum-der-philosophie.de\/wp-content\/uploads\/2025\/03\/736px-Head_Platon_Glyptothek_Munich_548_1_-removebg-preview-e1741849787556-364x458.png",364,458,true],"education-zone-image":["https:\/\/museum-der-philosophie.de\/wp-content\/uploads\/2025\/03\/736px-Head_Platon_Glyptothek_Munich_548_1_-removebg-preview-e1741849787556-364x458.png",364,458,true],"education-zone-recent-post":["https:\/\/museum-der-philosophie.de\/wp-content\/uploads\/2025\/03\/736px-Head_Platon_Glyptothek_Munich_548_1_-removebg-preview-e1741849787556-70x70.png",70,70,true],"education-zone-search-result":["https:\/\/museum-der-philosophie.de\/wp-content\/uploads\/2025\/03\/736px-Head_Platon_Glyptothek_Munich_548_1_-removebg-preview-e1741849787556-246x246.png",246,246,true],"education-zone-featured-course":["https:\/\/museum-der-philosophie.de\/wp-content\/uploads\/2025\/03\/736px-Head_Platon_Glyptothek_Munich_548_1_-removebg-preview-e1741849787556-276x276.png",276,276,true],"education-zone-testimonial":["https:\/\/museum-der-philosophie.de\/wp-content\/uploads\/2025\/03\/736px-Head_Platon_Glyptothek_Munich_548_1_-removebg-preview-e1741849787556-125x125.png",125,125,true],"education-zone-blog-full":["https:\/\/museum-der-philosophie.de\/wp-content\/uploads\/2025\/03\/736px-Head_Platon_Glyptothek_Munich_548_1_-removebg-preview-e1741849787556-364x480.png",364,480,true],"wpvr_mobile":["https:\/\/museum-der-philosophie.de\/wp-content\/uploads\/2025\/03\/736px-Head_Platon_Glyptothek_Munich_548_1_-removebg-preview-e1741849787556.png",364,548,false]},"uagb_author_info":{"display_name":"Klaus F\u00fcrst","author_link":"https:\/\/museum-der-philosophie.de\/?author=1"},"uagb_comment_info":0,"uagb_excerpt":"Platon war einer der bedeutendsten und meistrezipierten Philosophen der Geschichte.","_links":{"self":[{"href":"https:\/\/museum-der-philosophie.de\/index.php?rest_route=\/wp\/v2\/posts\/16313","targetHints":{"allow":["GET"]}}],"collection":[{"href":"https:\/\/museum-der-philosophie.de\/index.php?rest_route=\/wp\/v2\/posts"}],"about":[{"href":"https:\/\/museum-der-philosophie.de\/index.php?rest_route=\/wp\/v2\/types\/post"}],"author":[{"embeddable":true,"href":"https:\/\/museum-der-philosophie.de\/index.php?rest_route=\/wp\/v2\/users\/1"}],"replies":[{"embeddable":true,"href":"https:\/\/museum-der-philosophie.de\/index.php?rest_route=%2Fwp%2Fv2%2Fcomments&post=16313"}],"version-history":[{"count":44,"href":"https:\/\/museum-der-philosophie.de\/index.php?rest_route=\/wp\/v2\/posts\/16313\/revisions"}],"predecessor-version":[{"id":17471,"href":"https:\/\/museum-der-philosophie.de\/index.php?rest_route=\/wp\/v2\/posts\/16313\/revisions\/17471"}],"wp:featuredmedia":[{"embeddable":true,"href":"https:\/\/museum-der-philosophie.de\/index.php?rest_route=\/wp\/v2\/media\/15304"}],"wp:attachment":[{"href":"https:\/\/museum-der-philosophie.de\/index.php?rest_route=%2Fwp%2Fv2%2Fmedia&parent=16313"}],"wp:term":[{"taxonomy":"category","embeddable":true,"href":"https:\/\/museum-der-philosophie.de\/index.php?rest_route=%2Fwp%2Fv2%2Fcategories&post=16313"},{"taxonomy":"post_tag","embeddable":true,"href":"https:\/\/museum-der-philosophie.de\/index.php?rest_route=%2Fwp%2Fv2%2Ftags&post=16313"}],"curies":[{"name":"wp","href":"https:\/\/api.w.org\/{rel}","templated":true}]}}