{"id":16607,"date":"2025-11-18T20:37:48","date_gmt":"2025-11-18T18:37:48","guid":{"rendered":"https:\/\/museum-der-philosophie.de\/?p=16607"},"modified":"2025-11-18T20:37:48","modified_gmt":"2025-11-18T18:37:48","slug":"sonderausstellung-jakob-boehme-2-3","status":"publish","type":"post","link":"https:\/\/museum-der-philosophie.de\/?p=16607","title":{"rendered":"Sonderausstellung zur Geschichte der Philosophie in Th\u00fcringen"},"content":{"rendered":"\n<div data-aos= \"fade\" data-aos-duration=\"400\" data-aos-delay=\"0\" data-aos-easing=\"ease\" data-aos-once=\"true\" id=\"a0\" class=\"wp-block-uagb-container uag-hide-mob uagb-block-c927134b default uagb-is-root-container\">\n<div class=\"wp-block-uagb-container uagb-block-29b5e595\">\n<div class=\"wp-block-uagb-container uagb-block-f0478483\">\n<div class=\"wp-block-uagb-container uag-hide-mob uagb-block-235f96cd alignfull uagb-is-root-container\"><div class=\"uagb-container-inner-blocks-wrap\">\n<div class=\"wp-block-uagb-container uagb-block-a41b83a2\">\n<div class=\"wp-block-uagb-modal uagb-block-b23329e4 uagb-modal-wrapper\" data-escpress=\"enable\" data-overlayclick=\"enable\"><img decoding=\"async\" src=\"https:\/\/museum-der-philosophie.de\/wp-content\/uploads\/2024\/11\/2000px-Hamburger_icon.svg1_-400x400.png\" alt=\"\" class=\"uagb-modal-trigger\" width=\"400\" height=\"400\" loading=\"lazy\"\/><div class=\"uagb-effect-default uagb-modal-popup uagb-block-b23329e4 uagb-modal-type-undefined\"><div class=\"uagb-modal-popup-wrap\"><div class=\"uagb-modal-popup-content\"><form role=\"search\" method=\"get\" action=\"https:\/\/museum-der-philosophie.de\/\" class=\"wp-block-search__button-outside wp-block-search__text-button wp-block-search\"    ><label class=\"wp-block-search__label\" for=\"wp-block-search__input-1\"  style=\"font-size: 20px\"><strong>Suchen<\/strong><\/label><div class=\"wp-block-search__inside-wrapper\" ><input class=\"wp-block-search__input\" id=\"wp-block-search__input-1\" placeholder=\"\" value=\"\" type=\"search\" name=\"s\" required  style=\"font-size: 20px\"\/><button aria-label=\"Suchen\" class=\"wp-block-search__button wp-element-button\" type=\"submit\"  style=\"font-size: 20px\">Suchen<\/button><\/div><\/form>\n\n\n<div style=\"height:30px\" aria-hidden=\"true\" class=\"wp-block-spacer\"><\/div>\n\n\n\n<div class=\"wp-block-columns is-layout-flex wp-container-core-columns-is-layout-9d6595d7 wp-block-columns-is-layout-flex\">\n<div class=\"wp-block-column is-layout-flow wp-block-column-is-layout-flow\" style=\"font-size:18px\">\n<p class=\"has-text-align-left\" style=\"font-size:20px\"><strong>Wegweiser<\/strong><\/p>\n\n\n\n<p style=\"font-size:20px\"><a href=\"https:\/\/museum-der-philosophie.de\/\">Startseite<\/a><\/p>\n\n\n\n<p style=\"font-size:20px\"><a href=\"https:\/\/museum-der-philosophie.de\/?page_id=561#a11\" data-type=\"page\" data-id=\"561\">Wegweiser<\/a><\/p>\n\n\n\n<p style=\"font-size:20px\"><a href=\"https:\/\/museum-der-philosophie.de\/?page_id=3109\" data-type=\"page\" data-id=\"3109\">Themen und Objekte<\/a><\/p>\n\n\n\n<p style=\"font-size:20px\"><a href=\"https:\/\/museum-der-philosophie.de\/?page_id=12381\">Ideen und Ereignisse<\/a><\/p>\n\n\n\n<p style=\"font-size:20px\"><a href=\"https:\/\/museum-der-philosophie.de\/?page_id=9393#a0\" data-type=\"page\" data-id=\"9393\">Was gibt&#8217;s Neues<\/a><\/p>\n\n\n\n<p style=\"font-size:20px\"><a href=\"https:\/\/museum-der-philosophie.de\/?page_id=11208#a0\" data-type=\"page\" data-id=\"11208\">Kalenderblatt<\/a><\/p>\n<\/div>\n\n\n\n<div class=\"wp-block-column is-layout-flow wp-block-column-is-layout-flow\">\n<p class=\"has-text-align-left\" style=\"font-size:20px\"><strong>R\u00e4ume<\/strong><\/p>\n\n\n\n<p style=\"font-size:20px\"><a href=\"https:\/\/museum-der-philosophie.de\/?page_id=561#a0\" data-type=\"page\" data-id=\"561\">Empfangshalle<\/a><\/p>\n\n\n\n<p style=\"font-size:20px\"><a href=\"https:\/\/museum-der-philosophie.de\/?page_id=3140\" data-type=\"page\" data-id=\"3140\">Sonderausstellung<\/a><\/p>\n\n\n\n<p style=\"font-size:20px\"><a href=\"https:\/\/museum-der-philosophie.de\/?page_id=688\" data-type=\"page\" data-id=\"688\">Ruhmeshalle<\/a><\/p>\n\n\n\n<p style=\"font-size:20px\"><a href=\"https:\/\/museum-der-philosophie.de\/?page_id=14612\" data-type=\"page\" data-id=\"688\">Kunstgalerie<\/a><\/p>\n\n\n\n<p style=\"font-size:20px\"><a href=\"https:\/\/museum-der-philosophie.de\/?page_id=1171\" data-type=\"page\" data-id=\"1171\">Bibliothek<\/a><\/p>\n\n\n\n<p style=\"font-size:20px\"><a href=\"https:\/\/museum-der-philosophie.de\/?page_id=3375\" data-type=\"page\" data-id=\"3375\">Zitaten-Schatzkammer<\/a><\/p>\n\n\n\n<p style=\"font-size:20px\"><a href=\"https:\/\/museum-der-philosophie.de\/?page_id=838\" data-type=\"page\" data-id=\"838\">Kids&#8216; Philosophy<\/a><\/p>\n\n\n\n<p style=\"font-size:20px\"><a href=\"https:\/\/museum-der-philosophie.de\/?page_id=6128\" data-type=\"page\" data-id=\"6128\">Kinosaal<\/a><\/p>\n\n\n\n<p style=\"font-size:20px\"><a href=\"https:\/\/museum-der-philosophie.de\/?page_id=1959\" data-type=\"page\" data-id=\"1959\">Debattenraum<\/a><\/p>\n<\/div>\n\n\n\n<div class=\"wp-block-column is-layout-flow wp-block-column-is-layout-flow\">\n<p style=\"font-size:20px\"><strong>Das Museum<\/strong><\/p>\n\n\n\n<p style=\"font-size:20px\"><a href=\"https:\/\/museum-der-philosophie.de\/?page_id=1336\" data-type=\"page\" data-id=\"1336\">\u00dcber uns<\/a><\/p>\n\n\n\n<p style=\"font-size:20px\"><a href=\"https:\/\/museum-der-philosophie.de\/?p=13711\" data-type=\"post\" data-id=\"13711\">Bildschirmdarstellung<\/a><\/p>\n\n\n\n<p style=\"font-size:20px\"><a href=\"https:\/\/museum-der-philosophie.de\/?page_id=9363\" data-type=\"page\" data-id=\"9363\">Partner und Unterst\u00fctzer<\/a><\/p>\n\n\n\n<p style=\"font-size:20px\"><a href=\"https:\/\/museum-der-philosophie.de\/?page_id=2054\" data-type=\"page\" data-id=\"2054\">Mitmachen<\/a><\/p>\n\n\n\n<p style=\"font-size:20px\"><a href=\"https:\/\/museum-der-philosophie.de\/?page_id=7106\" data-type=\"page\" data-id=\"7106\">Newsletter<\/a><\/p>\n\n\n\n<p style=\"font-size:20px\"><a href=\"https:\/\/museum-der-philosophie.de\/?page_id=1375\" data-type=\"page\" data-id=\"1375\">Rechtliches \/ Impressum<\/a><\/p>\n\n\n\n<p style=\"font-size:20px\"><strong><mark style=\"background-color:rgba(0, 0, 0, 0)\" class=\"has-inline-color has-luminous-vivid-orange-color\">Bitte trage dich in unser<br><a href=\"https:\/\/museum-der-philosophie.de\/?page_id=1900\" data-type=\"page\" data-id=\"1900\">G\u00e4stebuch<\/a> ein.<br>\u00dcber ein paar Zeilen w\u00fcrden wir uns sehr freuen.<\/mark><\/strong><\/p>\n<\/div>\n<\/div>\n<\/div><button class=\"uagb-modal-popup-close\" aria-label=\"Close Modal\"><svg xmlns=\"https:\/\/www.w3.org\/2000\/svg\" viewBox=\"0 0 320 512\"><path d=\"M310.6 361.4c12.5 12.5 12.5 32.75 0 45.25C304.4 412.9 296.2 416 288 416s-16.38-3.125-22.62-9.375L160 301.3L54.63 406.6C48.38 412.9 40.19 416 32 416S15.63 412.9 9.375 406.6c-12.5-12.5-12.5-32.75 0-45.25l105.4-105.4L9.375 150.6c-12.5-12.5-12.5-32.75 0-45.25s32.75-12.5 45.25 0L160 210.8l105.4-105.4c12.5-12.5 32.75-12.5 45.25 0s12.5 32.75 0 45.25l-105.4 105.4L310.6 361.4z\"><\/path><\/svg><\/button><\/div><\/div><\/div>\n<\/div>\n\n\n\n<div class=\"wp-block-uagb-container uag-hide-mob uagb-block-a8c9b1b4 default uagb-is-root-container\">\n<div class=\"wp-block-uagb-advanced-heading uagb-block-4a8bc8b8\"><div class=\"uagb-heading-text\">Men\u00fc<\/div><\/div>\n<\/div>\n<\/div><\/div>\n<\/div>\n\n\n\n<p class=\"has-text-align-right has-white-color has-text-color has-link-color wp-elements-87e378f7d4a8bcc7b94d1f0414bef3ac\" style=\"font-size:22px\">Th\u00fcringen, <br>eines der kleinsten Bundesl\u00e4nder, <br>spielt in der deutschen und europ\u00e4ischen Geistesgeschichte eine gro\u00dfe Rolle. <\/p>\n\n\n\n<div class=\"wp-block-uagb-advanced-heading uagb-block-0f1e828a\"><div class=\"uagb-heading-text\">\u00abIn einer 1990 erschienenen <em>Kleinen Geschichte der Philosophie<\/em> werden die f\u00fcnfzig wirkungsreichsten Philosophen der Welt portr\u00e4tiert. Erstaunlich an der Auswahl ist, dass von den f\u00fcnfzehn Deutschen zwei Drittel wenigstens mittelbare Beziehungen zu Th\u00fcringen unterhalten, sieben dort sogar entscheidende Bildungs- und Wirkungsjahre verbracht haben.\u00bb<\/div><p class=\"uagb-desc-text\">D. Ignasiak, F. Lindner \u201eDas philosophische Th\u00fcringen\u201c Jena: quartus-Verlag 1998<\/p><\/div>\n\n\n\n<p class=\"has-text-align-right has-white-color has-text-color has-link-color wp-elements-b89cbec29367de6ca2bbaed2f129ad45\" style=\"font-size:19px\">Hier vollzogen sich Prozesse der Ideenfindung, die vor allem f\u00fcr die Entwicklung des Humanismus und des Deutschen Idealismus von heraus-ragender Bedeutung waren. Namen wie Luther, Herder, Hegel, Nietzsche sind dabei nur einige Glanzlichter. <br>Diese Sonderausstellung skizziert die bedeutendsten Wegmarken der <br>Th\u00fcringer Philosophiegeschichte <br>vom Mittelalter bis zur Moderne.<\/p>\n<\/div>\n\n\n\n<div class=\"wp-block-uagb-container uagb-block-bcea0a4b\">\n<div class=\"wp-block-uagb-container uag-hide-mob uagb-block-966cdcae alignfull uagb-is-root-container\">\n<div class=\"wp-block-uagb-advanced-heading uagb-block-d0f5e7ac\"><h1 class=\"uagb-heading-text\">kleines Land \u2013 gro\u00dfe Denker<\/h1><\/div>\n\n\n\n<div class=\"wp-block-uagb-advanced-heading uagb-block-b5c9de3c\"><div class=\"uagb-heading-text\"><strong>Zur Geschichte der Philosophie in Th\u00fcringen<\/strong><\/div><\/div>\n<\/div>\n\n\n\n<div class=\"wp-block-uagb-container uag-hide-mob uagb-block-945fbea9 default uagb-is-root-container\"><div class=\"uagb-container__video-wrap\"><video autoplay loop muted playsinline><source src=\"https:\/\/museum-der-philosophie.de\/wp-content\/uploads\/2025\/11\/Thueringen-Karte2.mp4\" type=\"video\/mp4\"\/><\/video><\/div>\n<div class=\"wp-block-uagb-container uagb-block-02e18d25\">\n<div class=\"wp-block-uagb-advanced-heading uagb-block-65d9b448\"><div class=\"uagb-heading-text\">beginne den<\/div><\/div>\n\n\n<div class=\"wp-block-image\">\n<figure class=\"aligncenter size-full\"><a href=\"#a1\"><img loading=\"lazy\" decoding=\"async\" width=\"200\" height=\"79\" src=\"https:\/\/museum-der-philosophie.de\/wp-content\/uploads\/2025\/01\/pfeil-links-Rundgang-Schatten.png\" alt=\"\" class=\"wp-image-14039\" srcset=\"https:\/\/museum-der-philosophie.de\/wp-content\/uploads\/2025\/01\/pfeil-links-Rundgang-Schatten.png 200w, https:\/\/museum-der-philosophie.de\/wp-content\/uploads\/2025\/01\/pfeil-links-Rundgang-Schatten-150x59.png 150w\" sizes=\"auto, (max-width: 200px) 100vw, 200px\" \/><\/a><\/figure>\n<\/div><\/div>\n<\/div>\n<\/div>\n\n\n\n<div class=\"wp-block-uagb-container uagb-block-9d495976\">\n<p class=\"has-text-align-center has-white-color has-text-color has-link-color wp-elements-1e635992878f2ef7bdf17d52f2f56c5e\" style=\"font-size:25px\">Die Exponate sind auf <br>4 Bereiche verteilt<\/p>\n\n\n\n<div class=\"wp-block-uagb-container uagb-block-0a318213 alignfull uagb-is-root-container\"><div class=\"uagb-container-inner-blocks-wrap\">\n<div class=\"wp-block-uagb-container uagb-block-2ea42161\">\n<div class=\"wp-block-uagb-advanced-heading uagb-block-de5c905c\"><h2 class=\"uagb-heading-text\"><a href=\"#a1\">Zeitleiste<\/a><\/h2><p class=\"uagb-desc-text\"><a href=\"#a1\">Th\u00fcringer Philosophie-geschichte im \u00dcberblick<\/a><\/p><\/div>\n<\/div>\n\n\n\n<div class=\"wp-block-uagb-container uagb-block-51e1d537\">\n<div class=\"wp-block-uagb-advanced-heading uagb-block-cea30583\"><h2 class=\"uagb-heading-text\"><a href=\"https:\/\/museum-der-philosophie.de\/?p=17512 #a2\">Erfurt<\/a><\/h2><p class=\"uagb-desc-text\"><a href=\"https:\/\/museum-der-philosophie.de\/?p=17512 #a2\">Im Kreis der Humanisten<\/a><\/p><\/div>\n<\/div>\n\n\n\n<div class=\"wp-block-uagb-container uagb-block-3fdce90e\">\n<div class=\"wp-block-uagb-advanced-heading uagb-block-0d5c5e56\"><h2 class=\"uagb-heading-text\"><a href=\"https:\/\/museum-der-philosophie.de\/?p=17512 #a3\">Weimar<\/a><\/h2><p class=\"uagb-desc-text\"><a href=\"https:\/\/museum-der-philosophie.de\/?p=17512 #a3\">Das Viergestirn der Klassik<\/a><\/p><\/div>\n<\/div>\n\n\n\n<div class=\"wp-block-uagb-container uagb-block-d404cac4\">\n<div class=\"wp-block-uagb-advanced-heading uagb-block-b60bc71c\"><h2 class=\"uagb-heading-text\"><a href=\"https:\/\/museum-der-philosophie.de\/?p=17512 #a4\">Jena<\/a><\/h2><p class=\"uagb-desc-text\"><a href=\"https:\/\/museum-der-philosophie.de\/?p=17512 #a4\">Brutst\u00e4tte des Idealismus<\/a><\/p><\/div>\n<\/div>\n<\/div><\/div>\n<\/div>\n<\/div>\n\n\n\n<div data-aos= \"fade\" data-aos-duration=\"400\" data-aos-delay=\"0\" data-aos-easing=\"ease\" data-aos-once=\"true\" id=\"a1\" class=\"wp-block-uagb-container uag-hide-mob uagb-block-6f3b1915 default uagb-is-root-container\">\n<div class=\"wp-block-uagb-container uagb-block-7511c12c\">\n<div class=\"wp-block-uagb-container uagb-block-11e92a29\">\n<div class=\"wp-block-uagb-container uag-hide-mob uagb-block-30ae4036 alignfull uagb-is-root-container\"><div class=\"uagb-container-inner-blocks-wrap\">\n<div class=\"wp-block-uagb-container uagb-block-55d7099b\">\n<div class=\"wp-block-uagb-modal uagb-block-8075ad28 uagb-modal-wrapper\" data-escpress=\"enable\" data-overlayclick=\"enable\"><img decoding=\"async\" src=\"https:\/\/museum-der-philosophie.de\/wp-content\/uploads\/2024\/11\/2000px-Hamburger_icon.svg1_-400x400.png\" alt=\"\" class=\"uagb-modal-trigger\" width=\"400\" height=\"400\" loading=\"lazy\"\/><div class=\"uagb-effect-default uagb-modal-popup uagb-block-8075ad28 uagb-modal-type-undefined\"><div class=\"uagb-modal-popup-wrap\"><div class=\"uagb-modal-popup-content\"><form role=\"search\" method=\"get\" action=\"https:\/\/museum-der-philosophie.de\/\" class=\"wp-block-search__button-outside wp-block-search__text-button wp-block-search\"    ><label class=\"wp-block-search__label\" for=\"wp-block-search__input-2\"  style=\"font-size: 20px\"><strong>Suchen<\/strong><\/label><div class=\"wp-block-search__inside-wrapper\" ><input class=\"wp-block-search__input\" id=\"wp-block-search__input-2\" placeholder=\"\" value=\"\" type=\"search\" name=\"s\" required  style=\"font-size: 20px\"\/><button aria-label=\"Suchen\" class=\"wp-block-search__button wp-element-button\" type=\"submit\"  style=\"font-size: 20px\">Suchen<\/button><\/div><\/form>\n\n\n<div style=\"height:30px\" aria-hidden=\"true\" class=\"wp-block-spacer\"><\/div>\n\n\n\n<div class=\"wp-block-columns is-layout-flex wp-container-core-columns-is-layout-9d6595d7 wp-block-columns-is-layout-flex\">\n<div class=\"wp-block-column is-layout-flow wp-block-column-is-layout-flow\" style=\"font-size:18px\">\n<p class=\"has-text-align-left\" style=\"font-size:20px\"><strong>Wegweiser<\/strong><\/p>\n\n\n\n<p style=\"font-size:20px\"><a href=\"https:\/\/museum-der-philosophie.de\/\">Startseite<\/a><\/p>\n\n\n\n<p style=\"font-size:20px\"><a href=\"https:\/\/museum-der-philosophie.de\/?page_id=561#a11\" data-type=\"page\" data-id=\"561\">Wegweiser<\/a><\/p>\n\n\n\n<p style=\"font-size:20px\"><a href=\"https:\/\/museum-der-philosophie.de\/?page_id=3109\" data-type=\"page\" data-id=\"3109\">Themen und Objekte<\/a><\/p>\n\n\n\n<p style=\"font-size:20px\"><a href=\"https:\/\/museum-der-philosophie.de\/?page_id=12381\">Ideen und Ereignisse<\/a><\/p>\n\n\n\n<p style=\"font-size:20px\"><a href=\"https:\/\/museum-der-philosophie.de\/?page_id=9393#a0\" data-type=\"page\" data-id=\"9393\">Was gibt&#8217;s Neues<\/a><\/p>\n\n\n\n<p style=\"font-size:20px\"><a href=\"https:\/\/museum-der-philosophie.de\/?page_id=11208#a0\" data-type=\"page\" data-id=\"11208\">Kalenderblatt<\/a><\/p>\n<\/div>\n\n\n\n<div class=\"wp-block-column is-layout-flow wp-block-column-is-layout-flow\">\n<p class=\"has-text-align-left\" style=\"font-size:20px\"><strong>R\u00e4ume<\/strong><\/p>\n\n\n\n<p style=\"font-size:20px\"><a href=\"https:\/\/museum-der-philosophie.de\/?page_id=561#a0\" data-type=\"page\" data-id=\"561\">Empfangshalle<\/a><\/p>\n\n\n\n<p style=\"font-size:20px\"><a href=\"https:\/\/museum-der-philosophie.de\/?page_id=3140\" data-type=\"page\" data-id=\"3140\">Sonderausstellung<\/a><\/p>\n\n\n\n<p style=\"font-size:20px\"><a href=\"https:\/\/museum-der-philosophie.de\/?page_id=688\" data-type=\"page\" data-id=\"688\">Ruhmeshalle<\/a><\/p>\n\n\n\n<p style=\"font-size:20px\"><a href=\"https:\/\/museum-der-philosophie.de\/?page_id=14612\" data-type=\"page\" data-id=\"688\">Kunstgalerie<\/a><\/p>\n\n\n\n<p style=\"font-size:20px\"><a href=\"https:\/\/museum-der-philosophie.de\/?page_id=1171\" data-type=\"page\" data-id=\"1171\">Bibliothek<\/a><\/p>\n\n\n\n<p style=\"font-size:20px\"><a href=\"https:\/\/museum-der-philosophie.de\/?page_id=3375\" data-type=\"page\" data-id=\"3375\">Zitaten-Schatzkammer<\/a><\/p>\n\n\n\n<p style=\"font-size:20px\"><a href=\"https:\/\/museum-der-philosophie.de\/?page_id=838\" data-type=\"page\" data-id=\"838\">Kids&#8216; Philosophy<\/a><\/p>\n\n\n\n<p style=\"font-size:20px\"><a href=\"https:\/\/museum-der-philosophie.de\/?page_id=6128\" data-type=\"page\" data-id=\"6128\">Kinosaal<\/a><\/p>\n\n\n\n<p style=\"font-size:20px\"><a href=\"https:\/\/museum-der-philosophie.de\/?page_id=1959\" data-type=\"page\" data-id=\"1959\">Debattenraum<\/a><\/p>\n<\/div>\n\n\n\n<div class=\"wp-block-column is-layout-flow wp-block-column-is-layout-flow\">\n<p style=\"font-size:20px\"><strong>Das Museum<\/strong><\/p>\n\n\n\n<p style=\"font-size:20px\"><a href=\"https:\/\/museum-der-philosophie.de\/?page_id=1336\" data-type=\"page\" data-id=\"1336\">\u00dcber uns<\/a><\/p>\n\n\n\n<p style=\"font-size:20px\"><a href=\"https:\/\/museum-der-philosophie.de\/?p=13711\" data-type=\"post\" data-id=\"13711\">Bildschirmdarstellung<\/a><\/p>\n\n\n\n<p style=\"font-size:20px\"><a href=\"https:\/\/museum-der-philosophie.de\/?page_id=9363\" data-type=\"page\" data-id=\"9363\">Partner und Unterst\u00fctzer<\/a><\/p>\n\n\n\n<p style=\"font-size:20px\"><a href=\"https:\/\/museum-der-philosophie.de\/?page_id=2054\" data-type=\"page\" data-id=\"2054\">Mitmachen<\/a><\/p>\n\n\n\n<p style=\"font-size:20px\"><a href=\"https:\/\/museum-der-philosophie.de\/?page_id=7106\" data-type=\"page\" data-id=\"7106\">Newsletter<\/a><\/p>\n\n\n\n<p style=\"font-size:20px\"><a href=\"https:\/\/museum-der-philosophie.de\/?page_id=1375\" data-type=\"page\" data-id=\"1375\">Rechtliches \/ Impressum<\/a><\/p>\n\n\n\n<p style=\"font-size:20px\"><strong><mark style=\"background-color:rgba(0, 0, 0, 0)\" class=\"has-inline-color has-luminous-vivid-orange-color\">Bitte trage dich in unser<br><a href=\"https:\/\/museum-der-philosophie.de\/?page_id=1900\" data-type=\"page\" data-id=\"1900\">G\u00e4stebuch<\/a> ein.<br>\u00dcber ein paar Zeilen w\u00fcrden wir uns sehr freuen.<\/mark><\/strong><\/p>\n<\/div>\n<\/div>\n<\/div><button class=\"uagb-modal-popup-close\" aria-label=\"Close Modal\"><svg xmlns=\"https:\/\/www.w3.org\/2000\/svg\" viewBox=\"0 0 320 512\"><path d=\"M310.6 361.4c12.5 12.5 12.5 32.75 0 45.25C304.4 412.9 296.2 416 288 416s-16.38-3.125-22.62-9.375L160 301.3L54.63 406.6C48.38 412.9 40.19 416 32 416S15.63 412.9 9.375 406.6c-12.5-12.5-12.5-32.75 0-45.25l105.4-105.4L9.375 150.6c-12.5-12.5-12.5-32.75 0-45.25s32.75-12.5 45.25 0L160 210.8l105.4-105.4c12.5-12.5 32.75-12.5 45.25 0s12.5 32.75 0 45.25l-105.4 105.4L310.6 361.4z\"><\/path><\/svg><\/button><\/div><\/div><\/div>\n<\/div>\n\n\n\n<div class=\"wp-block-uagb-container uag-hide-mob uagb-block-409a2407 default uagb-is-root-container\">\n<div class=\"wp-block-uagb-advanced-heading uagb-block-f62181c7\"><div class=\"uagb-heading-text\">Men\u00fc<\/div><\/div>\n<\/div>\n<\/div><\/div>\n<\/div>\n\n\n\n<div class=\"wp-block-uagb-container uagb-block-faf2691a\">\n<div class=\"wp-block-uagb-advanced-heading uagb-block-06c1b1b1\"><h4 class=\"uagb-heading-text\">Sonderausstellung<br>Kleines Land &#8211; gro\u00dfe Denker<\/h4><\/div>\n\n\n\n<div class=\"wp-block-uagb-advanced-heading uagb-block-a8cb5ef4\"><p class=\"uagb-desc-text\">Bereich 1<\/p><h2 class=\"uagb-heading-text\">Zeitleiste:<\/h2><\/div>\n\n\n\n<div class=\"wp-block-uagb-advanced-heading uagb-block-62dfb5b1\"><div class=\"uagb-heading-text\">Personen und Ereignisse der Th\u00fcringer Philosophiegeschichte<br>(bis 1930)<\/div><p class=\"uagb-desc-text\"><strong>Klicke auf die Personen und Perioden f\u00fcr weitere Informationen<\/strong><\/p><\/div>\n\n\n\n<div class=\"wp-block-uagb-container uagb-block-e97dc3e1\"><div class=\"wp-block-image\">\n<figure class=\"aligncenter size-full\"><a href=\"https:\/\/museum-der-philosophie.de\/?p=17512 #a2\"><img loading=\"lazy\" decoding=\"async\" width=\"200\" height=\"79\" src=\"https:\/\/museum-der-philosophie.de\/wp-content\/uploads\/2025\/01\/pfeil-links-Rundgang-Schatten.png\" alt=\"\" class=\"wp-image-14039\" srcset=\"https:\/\/museum-der-philosophie.de\/wp-content\/uploads\/2025\/01\/pfeil-links-Rundgang-Schatten.png 200w, https:\/\/museum-der-philosophie.de\/wp-content\/uploads\/2025\/01\/pfeil-links-Rundgang-Schatten-150x59.png 150w\" sizes=\"auto, (max-width: 200px) 100vw, 200px\" \/><\/a><\/figure>\n<\/div><\/div>\n<\/div>\n<\/div>\n\n\n\n<div class=\"wp-block-uagb-container uagb-block-89e7d7b5\">\n<div class=\"wp-block-uagb-container uagb-block-d380eefa\">\n<div class=\"wp-block-uagb-container uagb-block-d8548e4a\">\n<div class=\"wp-block-uagb-container uagb-block-f891166d\">\n<div class=\"wp-block-uagb-modal uagb-block-f15a562a uagb-modal-wrapper\" data-escpress=\"enable\" data-overlayclick=\"enable\"><img decoding=\"async\" src=\"https:\/\/museum-der-philosophie.de\/wp-content\/uploads\/2025\/10\/dominikaner-moench-anonym.jpg\" alt=\"\" class=\"uagb-modal-trigger\" width=\"348\" height=\"494\" loading=\"lazy\"\/><div class=\"uagb-effect-default uagb-modal-popup uagb-block-f15a562a uagb-modal-type-undefined\"><div class=\"uagb-modal-popup-wrap\"><div class=\"uagb-modal-popup-content\"><div class=\"wp-block-image\">\n<figure class=\"aligncenter size-full is-resized\"><img loading=\"lazy\" decoding=\"async\" width=\"348\" height=\"494\" src=\"https:\/\/museum-der-philosophie.de\/wp-content\/uploads\/2025\/10\/dominikaner-moench-anonym.jpg\" alt=\"\" class=\"wp-image-16735\" style=\"width:285px;height:auto\" srcset=\"https:\/\/museum-der-philosophie.de\/wp-content\/uploads\/2025\/10\/dominikaner-moench-anonym.jpg 348w, https:\/\/museum-der-philosophie.de\/wp-content\/uploads\/2025\/10\/dominikaner-moench-anonym-150x213.jpg 150w\" sizes=\"auto, (max-width: 348px) 100vw, 348px\" \/><figcaption class=\"wp-element-caption\">(Dieses Bild eines anonymen K\u00fcnstlers ist keine zeitgen\u00f6ssische Darstellung Alberts.)<\/figcaption><\/figure>\n<\/div>\n\n\n<p>Albert (oder Albrecht) von Orlam\u00fcnde lebte im 13. Jahrhundert und kann als der erste th\u00fcringische Philosoph angesehen werden. Der Dominikanerm\u00f6nch war ab 1229 ma\u00dfgeblich an der Verbreitung seines Ordens in Th\u00fcringen beteiligt. Er war Sch\u00fcler des Albertus Magnus und wirkte als Lektor in einem Ordensstudium. Von ihm ist die philosophische Abhandlung &#8222;<em>Philosophia pauperum<\/em>&#8220; \u00fcberliefert, ein kurzes Lehrbuch der Naturphilosophie, das auch f\u00fcr \u00e4rmere Studenten erschwinglich war. <\/p>\n<\/div><button class=\"uagb-modal-popup-close\" aria-label=\"Close Modal\"><svg xmlns=\"https:\/\/www.w3.org\/2000\/svg\" viewBox=\"0 0 320 512\"><path d=\"M310.6 361.4c12.5 12.5 12.5 32.75 0 45.25C304.4 412.9 296.2 416 288 416s-16.38-3.125-22.62-9.375L160 301.3L54.63 406.6C48.38 412.9 40.19 416 32 416S15.63 412.9 9.375 406.6c-12.5-12.5-12.5-32.75 0-45.25l105.4-105.4L9.375 150.6c-12.5-12.5-12.5-32.75 0-45.25s32.75-12.5 45.25 0L160 210.8l105.4-105.4c12.5-12.5 32.75-12.5 45.25 0s12.5 32.75 0 45.25l-105.4 105.4L310.6 361.4z\"><\/path><\/svg><\/button><\/div><\/div><\/div>\n\n\n\n<div class=\"wp-block-uagb-advanced-heading uagb-block-80259181\"><div class=\"uagb-heading-text\">Albert v. Orlam\u00fcnde<\/div><\/div>\n<\/div>\n\n\n\n<div class=\"wp-block-uagb-container uagb-block-3f361aa0\"><\/div>\n\n\n\n<div class=\"wp-block-uagb-container uagb-block-0add4ee8\">\n<div class=\"wp-block-uagb-modal uagb-block-ff910169 uagb-modal-wrapper\" data-escpress=\"enable\" data-overlayclick=\"enable\"><img decoding=\"async\" src=\"https:\/\/museum-der-philosophie.de\/wp-content\/uploads\/2025\/10\/erfurt_relief-humanismus1.jpg\" alt=\"\" class=\"uagb-modal-trigger\" width=\"366\" height=\"367\" loading=\"lazy\"\/><div class=\"uagb-effect-default uagb-modal-popup uagb-block-ff910169 uagb-modal-type-undefined\"><div class=\"uagb-modal-popup-wrap\"><div class=\"uagb-modal-popup-content\"><div class=\"wp-block-image\">\n<figure class=\"aligncenter size-full is-resized\"><img loading=\"lazy\" decoding=\"async\" width=\"500\" height=\"373\" src=\"https:\/\/museum-der-philosophie.de\/wp-content\/uploads\/2025\/10\/erfurt_relief-humanismus.jpg\" alt=\"\" class=\"wp-image-16819\" style=\"width:321px;height:auto\" srcset=\"https:\/\/museum-der-philosophie.de\/wp-content\/uploads\/2025\/10\/erfurt_relief-humanismus.jpg 500w, https:\/\/museum-der-philosophie.de\/wp-content\/uploads\/2025\/10\/erfurt_relief-humanismus-400x298.jpg 400w, https:\/\/museum-der-philosophie.de\/wp-content\/uploads\/2025\/10\/erfurt_relief-humanismus-150x112.jpg 150w\" sizes=\"auto, (max-width: 500px) 100vw, 500px\" \/><\/figure>\n<\/div>\n\n\n<p>Der Erfurter Humanistenkreis z\u00e4hlt zu den bedeutenden geistigen Gemeinschaften der deutschen Renaissance und Fr\u00fchreformation. Ihm widmet sich der gleichnamige Ausstellungsteil.<\/p>\n<\/div><button class=\"uagb-modal-popup-close\" aria-label=\"Close Modal\"><svg xmlns=\"https:\/\/www.w3.org\/2000\/svg\" viewBox=\"0 0 320 512\"><path d=\"M310.6 361.4c12.5 12.5 12.5 32.75 0 45.25C304.4 412.9 296.2 416 288 416s-16.38-3.125-22.62-9.375L160 301.3L54.63 406.6C48.38 412.9 40.19 416 32 416S15.63 412.9 9.375 406.6c-12.5-12.5-12.5-32.75 0-45.25l105.4-105.4L9.375 150.6c-12.5-12.5-12.5-32.75 0-45.25s32.75-12.5 45.25 0L160 210.8l105.4-105.4c12.5-12.5 32.75-12.5 45.25 0s12.5 32.75 0 45.25l-105.4 105.4L310.6 361.4z\"><\/path><\/svg><\/button><\/div><\/div><\/div>\n\n\n\n<div class=\"wp-block-uagb-advanced-heading uagb-block-19349e81\"><div class=\"uagb-heading-text\"><strong>Die Erfurter Humanisten<\/strong><\/div><\/div>\n<\/div>\n\n\n\n<div class=\"wp-block-uagb-container uagb-block-366e1d8a\">\n<div class=\"wp-block-uagb-modal uagb-block-9f2ecccd uagb-modal-wrapper\" data-escpress=\"enable\" data-overlayclick=\"enable\"><img decoding=\"async\" src=\"https:\/\/museum-der-philosophie.de\/wp-content\/uploads\/2024\/01\/Martin-Luther-1526-11-400x584.jpg\" alt=\"\" class=\"uagb-modal-trigger\" width=\"400\" height=\"584\" loading=\"lazy\"\/><div class=\"uagb-effect-default uagb-modal-popup uagb-block-9f2ecccd uagb-modal-type-undefined\"><div class=\"uagb-modal-popup-wrap\"><div class=\"uagb-modal-popup-content\"><div class=\"wp-block-image\">\n<figure class=\"aligncenter size-full is-resized\"><img loading=\"lazy\" decoding=\"async\" width=\"411\" height=\"600\" src=\"https:\/\/museum-der-philosophie.de\/wp-content\/uploads\/2024\/01\/Martin-Luther-1526-11.jpg\" alt=\"\" class=\"wp-image-7493\" style=\"width:249px;height:auto\" srcset=\"https:\/\/museum-der-philosophie.de\/wp-content\/uploads\/2024\/01\/Martin-Luther-1526-11.jpg 411w, https:\/\/museum-der-philosophie.de\/wp-content\/uploads\/2024\/01\/Martin-Luther-1526-11-400x584.jpg 400w, https:\/\/museum-der-philosophie.de\/wp-content\/uploads\/2024\/01\/Martin-Luther-1526-11-150x219.jpg 150w\" sizes=\"auto, (max-width: 411px) 100vw, 411px\" \/><\/figure>\n<\/div>\n\n\n<p>Die Eltern von Martin Luther (1483-1546) stammten aus Th\u00fcringen und auch sein Lebensweg war eng mit Th\u00fcringen verbunden. <br>Er ging in Eisenach zur Schule, studierte in Erfurt und trat in das dortige Augustinerkloster ein.<br>Nach der Anklage gegen ihn auf dem Wormser Reichstag (1531) wurde er auf der Wartburg in Schutzhaft genommen, wo er 10&nbsp;Monate zubrachte und w\u00e4hrend dieser Zeit an der \u00dcbersetzung des Neuen Testaments arbeitete.<\/p>\n\n\n\n<p>N\u00e4heres dazu im Ausstellungsteil &#8222;Der Erfurter Humanistenkreis&#8220;<\/p>\n<\/div><button class=\"uagb-modal-popup-close\" aria-label=\"Close Modal\"><svg xmlns=\"https:\/\/www.w3.org\/2000\/svg\" viewBox=\"0 0 320 512\"><path d=\"M310.6 361.4c12.5 12.5 12.5 32.75 0 45.25C304.4 412.9 296.2 416 288 416s-16.38-3.125-22.62-9.375L160 301.3L54.63 406.6C48.38 412.9 40.19 416 32 416S15.63 412.9 9.375 406.6c-12.5-12.5-12.5-32.75 0-45.25l105.4-105.4L9.375 150.6c-12.5-12.5-12.5-32.75 0-45.25s32.75-12.5 45.25 0L160 210.8l105.4-105.4c12.5-12.5 32.75-12.5 45.25 0s12.5 32.75 0 45.25l-105.4 105.4L310.6 361.4z\"><\/path><\/svg><\/button><\/div><\/div><\/div>\n\n\n\n<div class=\"wp-block-uagb-advanced-heading uagb-block-cd223661\"><div class=\"uagb-heading-text\">Martin Luther<\/div><\/div>\n<\/div>\n\n\n\n<div class=\"wp-block-uagb-container uagb-block-703725fd\"><\/div>\n\n\n\n<div class=\"wp-block-uagb-container uagb-block-adc90254\">\n<div class=\"wp-block-uagb-modal uagb-block-862aa4a6 uagb-modal-wrapper\" data-escpress=\"enable\" data-overlayclick=\"enable\"><img decoding=\"async\" src=\"https:\/\/museum-der-philosophie.de\/wp-content\/uploads\/2025\/10\/960px-Athanasius_Kircher_cropped-400x525.jpg\" alt=\"\" class=\"uagb-modal-trigger\" width=\"400\" height=\"525\" loading=\"lazy\"\/><div class=\"uagb-effect-default uagb-modal-popup uagb-block-862aa4a6 uagb-modal-type-undefined\"><div class=\"uagb-modal-popup-wrap\"><div class=\"uagb-modal-popup-content\"><div class=\"wp-block-image\">\n<figure class=\"aligncenter size-full is-resized\"><img loading=\"lazy\" decoding=\"async\" width=\"960\" height=\"1261\" src=\"https:\/\/museum-der-philosophie.de\/wp-content\/uploads\/2025\/10\/960px-Athanasius_Kircher_cropped.jpg\" alt=\"\" class=\"wp-image-16697\" style=\"width:221px;height:auto\" srcset=\"https:\/\/museum-der-philosophie.de\/wp-content\/uploads\/2025\/10\/960px-Athanasius_Kircher_cropped.jpg 960w, https:\/\/museum-der-philosophie.de\/wp-content\/uploads\/2025\/10\/960px-Athanasius_Kircher_cropped-400x525.jpg 400w, https:\/\/museum-der-philosophie.de\/wp-content\/uploads\/2025\/10\/960px-Athanasius_Kircher_cropped-150x197.jpg 150w, https:\/\/museum-der-philosophie.de\/wp-content\/uploads\/2025\/10\/960px-Athanasius_Kircher_cropped-768x1009.jpg 768w\" sizes=\"auto, (max-width: 960px) 100vw, 960px\" \/><\/figure>\n<\/div>\n\n\n<p>Athanasius Kircher (1602-1680) war ein deutscher Jesuit und gilt als einer der letzten gro\u00dfen Universalgelehrten des Barock, der sich mit fast allen Wissensgebieten seiner Zeit besch\u00e4ftigte. Er wurde in Geisa in der th\u00fcringischen Rh\u00f6n geboren und wirkte die meiste Zeit seines Lebens in Rom. Dort lehrte er am am <em>Collegium Romanum<\/em> und f\u00fchrte das <em>Museum Kircherianum<\/em>, eine typische barocke Wunderkammer, die Vorl\u00e4ufer der sp\u00e4teren wissenschaftlichen Museen war.<\/p>\n<\/div><button class=\"uagb-modal-popup-close\" aria-label=\"Close Modal\"><svg xmlns=\"https:\/\/www.w3.org\/2000\/svg\" viewBox=\"0 0 320 512\"><path d=\"M310.6 361.4c12.5 12.5 12.5 32.75 0 45.25C304.4 412.9 296.2 416 288 416s-16.38-3.125-22.62-9.375L160 301.3L54.63 406.6C48.38 412.9 40.19 416 32 416S15.63 412.9 9.375 406.6c-12.5-12.5-12.5-32.75 0-45.25l105.4-105.4L9.375 150.6c-12.5-12.5-12.5-32.75 0-45.25s32.75-12.5 45.25 0L160 210.8l105.4-105.4c12.5-12.5 32.75-12.5 45.25 0s12.5 32.75 0 45.25l-105.4 105.4L310.6 361.4z\"><\/path><\/svg><\/button><\/div><\/div><\/div>\n\n\n\n<div class=\"wp-block-uagb-advanced-heading uagb-block-bfa08808\"><div class=\"uagb-heading-text\">Athanasius Kircher<\/div><\/div>\n<\/div>\n\n\n\n<div class=\"wp-block-uagb-container uagb-block-3819c9c2\">\n<div class=\"wp-block-uagb-modal uagb-block-179dee05 uagb-modal-wrapper\" data-escpress=\"enable\" data-overlayclick=\"enable\"><img decoding=\"async\" src=\"https:\/\/museum-der-philosophie.de\/wp-content\/uploads\/2025\/10\/250px-FK_Hiemer_-_Friedrich_Hoelderlin_Pastell_17921.jpg\" alt=\"\" class=\"uagb-modal-trigger\" width=\"250\" height=\"334\" loading=\"lazy\"\/><div class=\"uagb-effect-default uagb-modal-popup uagb-block-179dee05 uagb-modal-type-undefined\"><div class=\"uagb-modal-popup-wrap\"><div class=\"uagb-modal-popup-content\"><div class=\"wp-block-image\">\n<figure class=\"aligncenter size-full is-resized\"><img loading=\"lazy\" decoding=\"async\" width=\"250\" height=\"334\" src=\"https:\/\/museum-der-philosophie.de\/wp-content\/uploads\/2025\/10\/250px-FK_Hiemer_-_Friedrich_Hoelderlin_Pastell_17921.jpg\" alt=\"\" class=\"wp-image-16880\" style=\"width:274px;height:auto\" srcset=\"https:\/\/museum-der-philosophie.de\/wp-content\/uploads\/2025\/10\/250px-FK_Hiemer_-_Friedrich_Hoelderlin_Pastell_17921.jpg 250w, https:\/\/museum-der-philosophie.de\/wp-content\/uploads\/2025\/10\/250px-FK_Hiemer_-_Friedrich_Hoelderlin_Pastell_17921-150x200.jpg 150w\" sizes=\"auto, (max-width: 250px) 100vw, 250px\" \/><\/figure>\n<\/div>\n\n\n<p>Friedrich H\u00f6lderlin (1770-1843) ist als einer der bedeutendsten Lyriker seiner Zeit bekannt, aber auch sein philosophisches Werk verdient es, gew\u00fcrdigt zu werden. N\u00e4heres dazu im Ausstellungsteil &#8222;Jena &#8211; Brutst\u00e4tte des Idealismus&#8220;<\/p>\n\n\n\n<p><\/p>\n<\/div><button class=\"uagb-modal-popup-close\" aria-label=\"Close Modal\"><svg xmlns=\"https:\/\/www.w3.org\/2000\/svg\" viewBox=\"0 0 320 512\"><path d=\"M310.6 361.4c12.5 12.5 12.5 32.75 0 45.25C304.4 412.9 296.2 416 288 416s-16.38-3.125-22.62-9.375L160 301.3L54.63 406.6C48.38 412.9 40.19 416 32 416S15.63 412.9 9.375 406.6c-12.5-12.5-12.5-32.75 0-45.25l105.4-105.4L9.375 150.6c-12.5-12.5-12.5-32.75 0-45.25s32.75-12.5 45.25 0L160 210.8l105.4-105.4c12.5-12.5 32.75-12.5 45.25 0s12.5 32.75 0 45.25l-105.4 105.4L310.6 361.4z\"><\/path><\/svg><\/button><\/div><\/div><\/div>\n\n\n\n<div class=\"wp-block-uagb-advanced-heading uagb-block-95c52272\"><div class=\"uagb-heading-text\">Friedrich H\u00f6lderlin<\/div><\/div>\n<\/div>\n\n\n\n<div class=\"wp-block-uagb-container uagb-block-2b2634bd\">\n<div class=\"wp-block-uagb-modal uagb-block-c0fa5d42 uagb-modal-wrapper\" data-escpress=\"enable\" data-overlayclick=\"enable\"><img decoding=\"async\" src=\"https:\/\/museum-der-philosophie.de\/wp-content\/uploads\/2025\/10\/hegel-schelling-fichte-400x418.jpg\" alt=\"\" class=\"uagb-modal-trigger\" width=\"400\" height=\"418\" loading=\"lazy\"\/><div class=\"uagb-effect-default uagb-modal-popup uagb-block-c0fa5d42 uagb-modal-type-undefined\"><div class=\"uagb-modal-popup-wrap\"><div class=\"uagb-modal-popup-content\"><div class=\"wp-block-image\">\n<figure class=\"aligncenter size-full is-resized\"><img loading=\"lazy\" decoding=\"async\" width=\"493\" height=\"515\" src=\"https:\/\/museum-der-philosophie.de\/wp-content\/uploads\/2025\/10\/hegel-schelling-fichte.jpg\" alt=\"\" class=\"wp-image-16832\" style=\"width:256px;height:auto\" srcset=\"https:\/\/museum-der-philosophie.de\/wp-content\/uploads\/2025\/10\/hegel-schelling-fichte.jpg 493w, https:\/\/museum-der-philosophie.de\/wp-content\/uploads\/2025\/10\/hegel-schelling-fichte-400x418.jpg 400w, https:\/\/museum-der-philosophie.de\/wp-content\/uploads\/2025\/10\/hegel-schelling-fichte-150x157.jpg 150w\" sizes=\"auto, (max-width: 493px) 100vw, 493px\" \/><\/figure>\n<\/div>\n\n\n<p>Von 1794-1806 wirkten in Jena drei der einflussreichsten Systemdenker der deutschen Geistesgeschichte: Fichte, Schelling und Hegel. Ihr Schaffen machte Jena zur &#8222;Brutst\u00e4tte des Deutschen Idealismus&#8220;. Dem widmet sich der gleichnamige Ausstellungsteil.<\/p>\n<\/div><button class=\"uagb-modal-popup-close\" aria-label=\"Close Modal\"><svg xmlns=\"https:\/\/www.w3.org\/2000\/svg\" viewBox=\"0 0 320 512\"><path d=\"M310.6 361.4c12.5 12.5 12.5 32.75 0 45.25C304.4 412.9 296.2 416 288 416s-16.38-3.125-22.62-9.375L160 301.3L54.63 406.6C48.38 412.9 40.19 416 32 416S15.63 412.9 9.375 406.6c-12.5-12.5-12.5-32.75 0-45.25l105.4-105.4L9.375 150.6c-12.5-12.5-12.5-32.75 0-45.25s32.75-12.5 45.25 0L160 210.8l105.4-105.4c12.5-12.5 32.75-12.5 45.25 0s12.5 32.75 0 45.25l-105.4 105.4L310.6 361.4z\"><\/path><\/svg><\/button><\/div><\/div><\/div>\n\n\n\n<div class=\"wp-block-uagb-advanced-heading uagb-block-79aeb6f0\"><div class=\"uagb-heading-text\"><strong>Die Jenaer Idealisten<\/strong><\/div><\/div>\n<\/div>\n\n\n\n<div class=\"wp-block-uagb-container uagb-block-f5c2148c\">\n<div class=\"wp-block-uagb-modal uagb-block-ed5124c6 uagb-modal-wrapper\" data-escpress=\"enable\" data-overlayclick=\"enable\"><img decoding=\"async\" src=\"https:\/\/museum-der-philosophie.de\/wp-content\/uploads\/2025\/10\/500px-H._Mueller_Jakob_Friedrich_Fries_18301-400x520.jpg\" alt=\"\" class=\"uagb-modal-trigger\" width=\"400\" height=\"520\" loading=\"lazy\"\/><div class=\"uagb-effect-default uagb-modal-popup uagb-block-ed5124c6 uagb-modal-type-undefined\"><div class=\"uagb-modal-popup-wrap\"><div class=\"uagb-modal-popup-content\"><div class=\"wp-block-image\">\n<figure class=\"aligncenter size-large is-resized\"><img decoding=\"async\" src=\"https:\/\/museum-der-philosophie.de\/wp-content\/uploads\/2025\/10\/500px-H._Mueller_Jakob_Friedrich_Fries_18301.jpg\" alt=\"\" style=\"width:274px;height:auto\"\/><\/figure>\n<\/div>\n\n\n<p>Jacob Friedrich Fries (1773-1843) studierte in Jena Philosophie und lehrte dort, mit Unterbrechungen, bis zu seinem Lebensende. Er begr\u00fcndete eine neue Schule, die den spekulativen Idealismus von Hegel, Fichte und Schelling ablehnte, sich stattdessen wieder st\u00e4rker an Kant orientierte und den empirischen Wissenschaften gr\u00f6\u00dfere Bedeutung zukommen lie\u00df.<\/p>\n<\/div><button class=\"uagb-modal-popup-close\" aria-label=\"Close Modal\"><svg xmlns=\"https:\/\/www.w3.org\/2000\/svg\" viewBox=\"0 0 320 512\"><path d=\"M310.6 361.4c12.5 12.5 12.5 32.75 0 45.25C304.4 412.9 296.2 416 288 416s-16.38-3.125-22.62-9.375L160 301.3L54.63 406.6C48.38 412.9 40.19 416 32 416S15.63 412.9 9.375 406.6c-12.5-12.5-12.5-32.75 0-45.25l105.4-105.4L9.375 150.6c-12.5-12.5-12.5-32.75 0-45.25s32.75-12.5 45.25 0L160 210.8l105.4-105.4c12.5-12.5 32.75-12.5 45.25 0s12.5 32.75 0 45.25l-105.4 105.4L310.6 361.4z\"><\/path><\/svg><\/button><\/div><\/div><\/div>\n\n\n\n<div class=\"wp-block-uagb-advanced-heading uagb-block-a53a35ef\"><div class=\"uagb-heading-text\">Jacob F. Fries<\/div><\/div>\n<\/div>\n\n\n\n<div class=\"wp-block-uagb-container uagb-block-b482d3c8\">\n<div class=\"wp-block-uagb-modal uagb-block-6be75140 uagb-modal-wrapper\" data-escpress=\"enable\" data-overlayclick=\"enable\"><img decoding=\"async\" src=\"https:\/\/museum-der-philosophie.de\/wp-content\/uploads\/2024\/08\/Scheler_max1-400x546.jpg\" alt=\"\" class=\"uagb-modal-trigger\" width=\"400\" height=\"546\" loading=\"lazy\"\/><div class=\"uagb-effect-default uagb-modal-popup uagb-block-6be75140 uagb-modal-type-undefined\"><div class=\"uagb-modal-popup-wrap\"><div class=\"uagb-modal-popup-content\"><div class=\"wp-block-image\">\n<figure class=\"aligncenter size-full is-resized\"><img loading=\"lazy\" decoding=\"async\" width=\"561\" height=\"766\" src=\"https:\/\/museum-der-philosophie.de\/wp-content\/uploads\/2024\/08\/Scheler_max1.jpg\" alt=\"\" class=\"wp-image-11142\" style=\"width:248px;height:auto\" srcset=\"https:\/\/museum-der-philosophie.de\/wp-content\/uploads\/2024\/08\/Scheler_max1.jpg 561w, https:\/\/museum-der-philosophie.de\/wp-content\/uploads\/2024\/08\/Scheler_max1-400x546.jpg 400w, https:\/\/museum-der-philosophie.de\/wp-content\/uploads\/2024\/08\/Scheler_max1-150x205.jpg 150w\" sizes=\"auto, (max-width: 561px) 100vw, 561px\" \/><\/figure>\n<\/div>\n\n\n<p>Max Scheler (1874-1928) war ein deutscher Philosoph und Soziologe, der vor allem f\u00fcr seine Beitr\u00e4ge zur Ph\u00e4nomenologie, Ethik und Anthropologie bekannt ist. Er habilitierte sich 1899 in Jena und lehrte dort als Privatdozent bis 1905.<\/p>\n\n\n\n<p class=\"has-text-align-center\"><a href=\"https:\/\/museum-der-philosophie.de\/?p=11138\" target=\"_blank\" rel=\"noreferrer noopener\">Max Scheler in unserer Ruhmeshalle<\/a><\/p>\n<\/div><button class=\"uagb-modal-popup-close\" aria-label=\"Close Modal\"><svg xmlns=\"https:\/\/www.w3.org\/2000\/svg\" viewBox=\"0 0 320 512\"><path d=\"M310.6 361.4c12.5 12.5 12.5 32.75 0 45.25C304.4 412.9 296.2 416 288 416s-16.38-3.125-22.62-9.375L160 301.3L54.63 406.6C48.38 412.9 40.19 416 32 416S15.63 412.9 9.375 406.6c-12.5-12.5-12.5-32.75 0-45.25l105.4-105.4L9.375 150.6c-12.5-12.5-12.5-32.75 0-45.25s32.75-12.5 45.25 0L160 210.8l105.4-105.4c12.5-12.5 32.75-12.5 45.25 0s12.5 32.75 0 45.25l-105.4 105.4L310.6 361.4z\"><\/path><\/svg><\/button><\/div><\/div><\/div>\n\n\n\n<div class=\"wp-block-uagb-advanced-heading uagb-block-a96d6d1e\"><div class=\"uagb-heading-text\">Max Scheler<\/div><\/div>\n<\/div>\n<\/div>\n\n\n\n<div class=\"wp-block-uagb-container uagb-block-330e8b12\">\n<div class=\"wp-block-uagb-container uagb-block-2cb6e403\">\n<div class=\"wp-block-uagb-modal uagb-block-71ef8a5b uagb-modal-wrapper\" data-escpress=\"enable\" data-overlayclick=\"enable\"><img decoding=\"async\" src=\"https:\/\/museum-der-philosophie.de\/wp-content\/uploads\/2023\/05\/759px-Meister_Eckhart_base_copie1-223x300.jpg\" alt=\"\" class=\"uagb-modal-trigger\" width=\"223\" height=\"300\" loading=\"lazy\"\/><div class=\"uagb-effect-default uagb-modal-popup uagb-block-71ef8a5b uagb-modal-type-undefined\"><div class=\"uagb-modal-popup-wrap\"><div class=\"uagb-modal-popup-content\"><div class=\"wp-block-image\">\n<figure class=\"aligncenter size-full is-resized\"><img loading=\"lazy\" decoding=\"async\" width=\"759\" height=\"1023\" src=\"https:\/\/museum-der-philosophie.de\/wp-content\/uploads\/2023\/05\/759px-Meister_Eckhart_base_copie1.jpg\" alt=\"\" class=\"wp-image-3191\" style=\"width:285px;height:auto\" srcset=\"https:\/\/museum-der-philosophie.de\/wp-content\/uploads\/2023\/05\/759px-Meister_Eckhart_base_copie1.jpg 759w, https:\/\/museum-der-philosophie.de\/wp-content\/uploads\/2023\/05\/759px-Meister_Eckhart_base_copie1-223x300.jpg 223w\" sizes=\"auto, (max-width: 759px) 100vw, 759px\" \/><\/figure>\n<\/div>\n\n\n<p>Eckhart von Hochheim, genannt Meister Eckhart (1260-1328) war ein bedeutender Denker des Mittelalters. Er gilt als wirkm\u00e4chtigster Vertreter der Mystik.<br>Eckhart wurde in der N\u00e4he von Gotha (heute Tambach-Dietharz oder Hochheim) geboren, vermutlich als Sohn des Ritters Eckhart von Hochheim. <\/p>\n\n\n\n<p class=\"has-text-align-left\">N\u00e4heres dazu im Ausstellungsteil &#8222;Der Erfurter Humanistenkreis&#8220;<\/p>\n\n\n\n<p class=\"has-text-align-center\"><\/p>\n<\/div><button class=\"uagb-modal-popup-close\" aria-label=\"Close Modal\"><svg xmlns=\"https:\/\/www.w3.org\/2000\/svg\" viewBox=\"0 0 320 512\"><path d=\"M310.6 361.4c12.5 12.5 12.5 32.75 0 45.25C304.4 412.9 296.2 416 288 416s-16.38-3.125-22.62-9.375L160 301.3L54.63 406.6C48.38 412.9 40.19 416 32 416S15.63 412.9 9.375 406.6c-12.5-12.5-12.5-32.75 0-45.25l105.4-105.4L9.375 150.6c-12.5-12.5-12.5-32.75 0-45.25s32.75-12.5 45.25 0L160 210.8l105.4-105.4c12.5-12.5 32.75-12.5 45.25 0s12.5 32.75 0 45.25l-105.4 105.4L310.6 361.4z\"><\/path><\/svg><\/button><\/div><\/div><\/div>\n\n\n\n<div class=\"wp-block-uagb-advanced-heading uagb-block-5856236f\"><div class=\"uagb-heading-text\">Meister Eckhart<\/div><\/div>\n<\/div>\n\n\n\n<div class=\"wp-block-uagb-container uagb-block-a5711146\"><\/div>\n\n\n\n<div class=\"wp-block-uagb-container uagb-block-55386aa0\">\n<div class=\"wp-block-uagb-modal uagb-block-86b7ede9 uagb-modal-wrapper\" data-escpress=\"enable\" data-overlayclick=\"enable\"><img decoding=\"async\" src=\"https:\/\/museum-der-philosophie.de\/wp-content\/uploads\/2025\/10\/scholastiker-400x400.jpg\" alt=\"\" class=\"uagb-modal-trigger\" width=\"400\" height=\"400\" loading=\"lazy\"\/><div class=\"uagb-effect-default uagb-modal-popup uagb-block-86b7ede9 uagb-modal-type-undefined\"><div class=\"uagb-modal-popup-wrap\"><div class=\"uagb-modal-popup-content\"><div class=\"wp-block-image\">\n<figure class=\"aligncenter size-full is-resized\"><img loading=\"lazy\" decoding=\"async\" width=\"1024\" height=\"1024\" src=\"https:\/\/museum-der-philosophie.de\/wp-content\/uploads\/2025\/10\/scholastiker.jpg\" alt=\"\" class=\"wp-image-16790\" style=\"width:285px;height:auto\" srcset=\"https:\/\/museum-der-philosophie.de\/wp-content\/uploads\/2025\/10\/scholastiker.jpg 1024w, https:\/\/museum-der-philosophie.de\/wp-content\/uploads\/2025\/10\/scholastiker-400x400.jpg 400w, https:\/\/museum-der-philosophie.de\/wp-content\/uploads\/2025\/10\/scholastiker-150x150.jpg 150w, https:\/\/museum-der-philosophie.de\/wp-content\/uploads\/2025\/10\/scholastiker-768x768.jpg 768w, https:\/\/museum-der-philosophie.de\/wp-content\/uploads\/2025\/10\/scholastiker-70x70.jpg 70w, https:\/\/museum-der-philosophie.de\/wp-content\/uploads\/2025\/10\/scholastiker-246x246.jpg 246w, https:\/\/museum-der-philosophie.de\/wp-content\/uploads\/2025\/10\/scholastiker-276x276.jpg 276w, https:\/\/museum-der-philosophie.de\/wp-content\/uploads\/2025\/10\/scholastiker-125x125.jpg 125w\" sizes=\"auto, (max-width: 1024px) 100vw, 1024px\" \/><figcaption class=\"wp-element-caption\">(KI-generiertes Bild)<\/figcaption><\/figure>\n<\/div>\n\n\n<p>Die Sp\u00e4tscholastik (ca. 1350\u20131500) war die letzte Phase der mittelalterlichen Gelehrsamkeit. Sie war eng mit der Gr\u00fcndung und dem Aufstreben der Universit\u00e4t Erfurt verbunden.<\/p>\n\n\n\n<p>N\u00e4heres dazu im Ausstellungsteil &#8222;Der Erfurter Humanistenkreis&#8220;<\/p>\n<\/div><button class=\"uagb-modal-popup-close\" aria-label=\"Close Modal\"><svg xmlns=\"https:\/\/www.w3.org\/2000\/svg\" viewBox=\"0 0 320 512\"><path d=\"M310.6 361.4c12.5 12.5 12.5 32.75 0 45.25C304.4 412.9 296.2 416 288 416s-16.38-3.125-22.62-9.375L160 301.3L54.63 406.6C48.38 412.9 40.19 416 32 416S15.63 412.9 9.375 406.6c-12.5-12.5-12.5-32.75 0-45.25l105.4-105.4L9.375 150.6c-12.5-12.5-12.5-32.75 0-45.25s32.75-12.5 45.25 0L160 210.8l105.4-105.4c12.5-12.5 32.75-12.5 45.25 0s12.5 32.75 0 45.25l-105.4 105.4L310.6 361.4z\"><\/path><\/svg><\/button><\/div><\/div><\/div>\n\n\n\n<div class=\"wp-block-uagb-advanced-heading uagb-block-893e9e07\"><div class=\"uagb-heading-text\"><strong>Sp\u00e4tscholastik in Erfurt<\/strong><\/div><\/div>\n<\/div>\n\n\n\n<div class=\"wp-block-uagb-container uagb-block-8b2275b2\"><\/div>\n\n\n\n<div class=\"wp-block-uagb-container uagb-block-7f20cb76\">\n<div class=\"wp-block-uagb-modal uagb-block-524d6adc uagb-modal-wrapper\" data-escpress=\"enable\" data-overlayclick=\"enable\"><img decoding=\"async\" src=\"https:\/\/museum-der-philosophie.de\/wp-content\/uploads\/2025\/01\/PhilippMelanchthon1-400x570.jpg\" alt=\"\" class=\"uagb-modal-trigger\" width=\"400\" height=\"570\" loading=\"lazy\"\/><div class=\"uagb-effect-default uagb-modal-popup uagb-block-524d6adc uagb-modal-type-undefined\"><div class=\"uagb-modal-popup-wrap\"><div class=\"uagb-modal-popup-content\"><div class=\"wp-block-image\">\n<figure class=\"aligncenter size-full is-resized\"><img loading=\"lazy\" decoding=\"async\" width=\"1228\" height=\"1750\" src=\"https:\/\/museum-der-philosophie.de\/wp-content\/uploads\/2025\/01\/PhilippMelanchthon1.jpg\" alt=\"\" class=\"wp-image-14099\" style=\"width:249px;height:auto\" srcset=\"https:\/\/museum-der-philosophie.de\/wp-content\/uploads\/2025\/01\/PhilippMelanchthon1.jpg 1228w, https:\/\/museum-der-philosophie.de\/wp-content\/uploads\/2025\/01\/PhilippMelanchthon1-400x570.jpg 400w, https:\/\/museum-der-philosophie.de\/wp-content\/uploads\/2025\/01\/PhilippMelanchthon1-1170x1667.jpg 1170w, https:\/\/museum-der-philosophie.de\/wp-content\/uploads\/2025\/01\/PhilippMelanchthon1-150x214.jpg 150w, https:\/\/museum-der-philosophie.de\/wp-content\/uploads\/2025\/01\/PhilippMelanchthon1-768x1094.jpg 768w, https:\/\/museum-der-philosophie.de\/wp-content\/uploads\/2025\/01\/PhilippMelanchthon1-1078x1536.jpg 1078w\" sizes=\"auto, (max-width: 1228px) 100vw, 1228px\" \/><\/figure>\n<\/div>\n\n\n<p>Philipp Melanchthon (1497-1560), neben Martin Luther der wichtigste geistige Akteur der Reformation, lehrte kurzzeitig an einer Au\u00dfenstelle der Wittenberger Hochschule in Jena und war wesentlich an der Gr\u00fcndung der Jenaer Universit\u00e4t beteiligt. Seine philosophischen Werke und sein Einsatz f\u00fcr die Erneuerung des Bildungssystems hatten gro\u00dfen Einfluss auf die Entwicklung des Humanismus und der Reformation in Europa.<\/p>\n\n\n\n<p>N\u00e4heres dazu im Ausstellungsteil &#8222;Der Erfurter Humanistenkreis&#8220;<\/p>\n<\/div><button class=\"uagb-modal-popup-close\" aria-label=\"Close Modal\"><svg xmlns=\"https:\/\/www.w3.org\/2000\/svg\" viewBox=\"0 0 320 512\"><path d=\"M310.6 361.4c12.5 12.5 12.5 32.75 0 45.25C304.4 412.9 296.2 416 288 416s-16.38-3.125-22.62-9.375L160 301.3L54.63 406.6C48.38 412.9 40.19 416 32 416S15.63 412.9 9.375 406.6c-12.5-12.5-12.5-32.75 0-45.25l105.4-105.4L9.375 150.6c-12.5-12.5-12.5-32.75 0-45.25s32.75-12.5 45.25 0L160 210.8l105.4-105.4c12.5-12.5 32.75-12.5 45.25 0s12.5 32.75 0 45.25l-105.4 105.4L310.6 361.4z\"><\/path><\/svg><\/button><\/div><\/div><\/div>\n\n\n\n<div class=\"wp-block-uagb-advanced-heading uagb-block-13a1215a\"><div class=\"uagb-heading-text\">Melanchthon<\/div><\/div>\n<\/div>\n\n\n\n<div class=\"wp-block-uagb-container uagb-block-9c5fed68\"><\/div>\n\n\n\n<div class=\"wp-block-uagb-container uagb-block-735975f7\">\n<div class=\"wp-block-uagb-modal uagb-block-d3cfcd6b uagb-modal-wrapper\" data-escpress=\"enable\" data-overlayclick=\"enable\"><img decoding=\"async\" src=\"https:\/\/museum-der-philosophie.de\/wp-content\/uploads\/2025\/10\/1516px-Johann_Matthaeus_Meyfart1-e1759399399282-400x605.jpg\" alt=\"\" class=\"uagb-modal-trigger\" width=\"400\" height=\"605\" loading=\"lazy\"\/><div class=\"uagb-effect-default uagb-modal-popup uagb-block-d3cfcd6b uagb-modal-type-undefined\"><div class=\"uagb-modal-popup-wrap\"><div class=\"uagb-modal-popup-content\"><div class=\"wp-block-image\">\n<figure class=\"aligncenter size-full is-resized\"><img loading=\"lazy\" decoding=\"async\" width=\"648\" height=\"980\" src=\"https:\/\/museum-der-philosophie.de\/wp-content\/uploads\/2025\/10\/1516px-Johann_Matthaeus_Meyfart1-e1759399399282.jpg\" alt=\"\" class=\"wp-image-16749\" style=\"width:234px;height:auto\" srcset=\"https:\/\/museum-der-philosophie.de\/wp-content\/uploads\/2025\/10\/1516px-Johann_Matthaeus_Meyfart1-e1759399399282.jpg 648w, https:\/\/museum-der-philosophie.de\/wp-content\/uploads\/2025\/10\/1516px-Johann_Matthaeus_Meyfart1-e1759399399282-400x605.jpg 400w, https:\/\/museum-der-philosophie.de\/wp-content\/uploads\/2025\/10\/1516px-Johann_Matthaeus_Meyfart1-e1759399399282-150x227.jpg 150w\" sizes=\"auto, (max-width: 648px) 100vw, 648px\" \/><\/figure>\n<\/div>\n\n\n<p>Johann Matth\u00e4us Meyfart (1590-1642) ging in Gotha zur Schule und studierte in Jena. Als Theologe machte er sich einen Namen mit einer Schrift gegen die Hexenprozesse, in der er sich klar gegen die Positionen Luthers und Calvins stellte. Nur im liberalen Erfurt wurde die Schrift gedruckt, weshalb er 1633 an die dortige Universit\u00e4t wechselte, wo er zwei Jahre als Rektor t\u00e4tig war.<\/p>\n<\/div><button class=\"uagb-modal-popup-close\" aria-label=\"Close Modal\"><svg xmlns=\"https:\/\/www.w3.org\/2000\/svg\" viewBox=\"0 0 320 512\"><path d=\"M310.6 361.4c12.5 12.5 12.5 32.75 0 45.25C304.4 412.9 296.2 416 288 416s-16.38-3.125-22.62-9.375L160 301.3L54.63 406.6C48.38 412.9 40.19 416 32 416S15.63 412.9 9.375 406.6c-12.5-12.5-12.5-32.75 0-45.25l105.4-105.4L9.375 150.6c-12.5-12.5-12.5-32.75 0-45.25s32.75-12.5 45.25 0L160 210.8l105.4-105.4c12.5-12.5 32.75-12.5 45.25 0s12.5 32.75 0 45.25l-105.4 105.4L310.6 361.4z\"><\/path><\/svg><\/button><\/div><\/div><\/div>\n\n\n\n<div class=\"wp-block-uagb-advanced-heading uagb-block-3fb31985\"><div class=\"uagb-heading-text\">Johann Meyfart<\/div><\/div>\n<\/div>\n\n\n\n<div class=\"wp-block-uagb-container uagb-block-9fa6133d\">\n<div class=\"wp-block-uagb-modal uagb-block-59d5c3a2 uagb-modal-wrapper\" data-escpress=\"enable\" data-overlayclick=\"enable\"><img decoding=\"async\" src=\"https:\/\/museum-der-philosophie.de\/wp-content\/uploads\/2025\/11\/erhard-weigel2.jpg\" alt=\"\" class=\"uagb-modal-trigger\" width=\"282\" height=\"400\" loading=\"lazy\"\/><div class=\"uagb-effect-default uagb-modal-popup uagb-block-59d5c3a2 uagb-modal-type-undefined\"><div class=\"uagb-modal-popup-wrap\"><div class=\"uagb-modal-popup-content\"><div class=\"wp-block-image\">\n<figure class=\"aligncenter size-full is-resized\"><img loading=\"lazy\" decoding=\"async\" width=\"737\" height=\"1000\" src=\"https:\/\/museum-der-philosophie.de\/wp-content\/uploads\/2025\/11\/erhard-weigel1.jpg\" alt=\"\" class=\"wp-image-17556\" style=\"width:234px;height:auto\" srcset=\"https:\/\/museum-der-philosophie.de\/wp-content\/uploads\/2025\/11\/erhard-weigel1.jpg 737w, https:\/\/museum-der-philosophie.de\/wp-content\/uploads\/2025\/11\/erhard-weigel1-400x543.jpg 400w, https:\/\/museum-der-philosophie.de\/wp-content\/uploads\/2025\/11\/erhard-weigel1-150x204.jpg 150w\" sizes=\"auto, (max-width: 737px) 100vw, 737px\" \/><\/figure>\n<\/div>\n\n\n<p>Erhard Weigel, geboren 1625 in Weiden (Oberpfalz), kam 1653 nach Jena, wo er vier Jahrzehnte als Hochschullehrer t\u00e4tig war. Als Mathematiker, Astronom, P\u00e4dagoge und Philosoph pr\u00e4gte Weigel eine ganze Generation von Studierenden.<\/p>\n\n\n\n<p>N\u00e4heres dazu im Ausstellungsteil \u201eJena \u2013 Brutst\u00e4tte des Idealismus\u201c<\/p>\n<\/div><button class=\"uagb-modal-popup-close\" aria-label=\"Close Modal\"><svg xmlns=\"https:\/\/www.w3.org\/2000\/svg\" viewBox=\"0 0 320 512\"><path d=\"M310.6 361.4c12.5 12.5 12.5 32.75 0 45.25C304.4 412.9 296.2 416 288 416s-16.38-3.125-22.62-9.375L160 301.3L54.63 406.6C48.38 412.9 40.19 416 32 416S15.63 412.9 9.375 406.6c-12.5-12.5-12.5-32.75 0-45.25l105.4-105.4L9.375 150.6c-12.5-12.5-12.5-32.75 0-45.25s32.75-12.5 45.25 0L160 210.8l105.4-105.4c12.5-12.5 32.75-12.5 45.25 0s12.5 32.75 0 45.25l-105.4 105.4L310.6 361.4z\"><\/path><\/svg><\/button><\/div><\/div><\/div>\n\n\n\n<div class=\"wp-block-uagb-advanced-heading uagb-block-1aef51ac\"><div class=\"uagb-heading-text\">Erhard Weigel<\/div><\/div>\n<\/div>\n\n\n\n<div class=\"wp-block-uagb-container uagb-block-998f3894\"><\/div>\n\n\n\n<div class=\"wp-block-uagb-container uagb-block-3e406a47\">\n<div class=\"wp-block-uagb-modal uagb-block-59318caa uagb-modal-wrapper\" data-escpress=\"enable\" data-overlayclick=\"enable\"><img decoding=\"async\" src=\"https:\/\/museum-der-philosophie.de\/wp-content\/uploads\/2025\/10\/goethe_schiller_wieland_herder.jpg\" alt=\"\" class=\"uagb-modal-trigger\" width=\"681\" height=\"654\" loading=\"lazy\"\/><div class=\"uagb-effect-default uagb-modal-popup uagb-block-59318caa uagb-modal-type-undefined\"><div class=\"uagb-modal-popup-wrap\"><div class=\"uagb-modal-popup-content\"><div class=\"wp-block-image\">\n<figure class=\"aligncenter size-full is-resized\"><img loading=\"lazy\" decoding=\"async\" width=\"681\" height=\"654\" src=\"https:\/\/museum-der-philosophie.de\/wp-content\/uploads\/2025\/10\/goethe_schiller_wieland_herder.jpg\" alt=\"\" class=\"wp-image-16804\" style=\"width:323px;height:auto\" srcset=\"https:\/\/museum-der-philosophie.de\/wp-content\/uploads\/2025\/10\/goethe_schiller_wieland_herder.jpg 681w, https:\/\/museum-der-philosophie.de\/wp-content\/uploads\/2025\/10\/goethe_schiller_wieland_herder-400x384.jpg 400w, https:\/\/museum-der-philosophie.de\/wp-content\/uploads\/2025\/10\/goethe_schiller_wieland_herder-150x144.jpg 150w\" sizes=\"auto, (max-width: 681px) 100vw, 681px\" \/><\/figure>\n<\/div>\n\n\n<p>Goethe, Schiller, Herder und Wieland nannte man das &#8222;Viergestirn der Weimarer Klassik&#8220;. Ihm widmet sich der gleichnamige Ausstellungsteil.<\/p>\n<\/div><button class=\"uagb-modal-popup-close\" aria-label=\"Close Modal\"><svg xmlns=\"https:\/\/www.w3.org\/2000\/svg\" viewBox=\"0 0 320 512\"><path d=\"M310.6 361.4c12.5 12.5 12.5 32.75 0 45.25C304.4 412.9 296.2 416 288 416s-16.38-3.125-22.62-9.375L160 301.3L54.63 406.6C48.38 412.9 40.19 416 32 416S15.63 412.9 9.375 406.6c-12.5-12.5-12.5-32.75 0-45.25l105.4-105.4L9.375 150.6c-12.5-12.5-12.5-32.75 0-45.25s32.75-12.5 45.25 0L160 210.8l105.4-105.4c12.5-12.5 32.75-12.5 45.25 0s12.5 32.75 0 45.25l-105.4 105.4L310.6 361.4z\"><\/path><\/svg><\/button><\/div><\/div><\/div>\n\n\n\n<div class=\"wp-block-uagb-advanced-heading uagb-block-56bd6177\"><div class=\"uagb-heading-text\"><strong>Das Viergestirn der Klassik<\/strong><\/div><\/div>\n<\/div>\n\n\n\n<div class=\"wp-block-uagb-container uagb-block-a3785253\">\n<div class=\"wp-block-uagb-modal uagb-block-a3b22593 uagb-modal-wrapper\" data-escpress=\"enable\" data-overlayclick=\"enable\"><img decoding=\"async\" src=\"https:\/\/museum-der-philosophie.de\/wp-content\/uploads\/2023\/05\/Schopenhauer_by_Karl_Bauer_21-225x300.jpg\" alt=\"\" class=\"uagb-modal-trigger\" width=\"225\" height=\"300\" loading=\"lazy\"\/><div class=\"uagb-effect-default uagb-modal-popup uagb-block-a3b22593 uagb-modal-type-undefined\"><div class=\"uagb-modal-popup-wrap\"><div class=\"uagb-modal-popup-content\"><div class=\"wp-block-image\">\n<figure class=\"aligncenter size-full is-resized\"><img loading=\"lazy\" decoding=\"async\" width=\"1160\" height=\"1432\" src=\"https:\/\/museum-der-philosophie.de\/wp-content\/uploads\/2023\/03\/Schopenhauer1.jpg\" alt=\"\" class=\"wp-image-2535\" style=\"width:250px;height:auto\" srcset=\"https:\/\/museum-der-philosophie.de\/wp-content\/uploads\/2023\/03\/Schopenhauer1.jpg 1160w, https:\/\/museum-der-philosophie.de\/wp-content\/uploads\/2023\/03\/Schopenhauer1-243x300.jpg 243w, https:\/\/museum-der-philosophie.de\/wp-content\/uploads\/2023\/03\/Schopenhauer1-829x1024.jpg 829w, https:\/\/museum-der-philosophie.de\/wp-content\/uploads\/2023\/03\/Schopenhauer1-768x948.jpg 768w\" sizes=\"auto, (max-width: 1160px) 100vw, 1160px\" \/><\/figure>\n<\/div>\n\n\n<p>Arthur Schopenhauer (1788-1860) war einer der bedeutendsten Philosophen des 19. Jahrhunderts. Seine fr\u00fchen Jahre sind eng mit Th\u00fcringen verbunden.<br> In Gotha und Weimar ging er zur Schule. W\u00e4hrend dieser Zeit verliebte er sich ungl\u00fccklich in die Geliebte des Herzogs. <br>W\u00e4hrend eines Aufenthalts in Rudolstadt stellte er die Dissertationsschrift fertig, mit der er 1813 in Jena promoviert wurde.<br>Schopenhauers Mutter unterhielt in Weimar einen literarischen Salon, \u00fcber den er Bekanntschaft mit Goethe machte und h\u00e4ufig mit ihm zusammentraf.<\/p>\n\n\n\n<p class=\"has-text-align-center\"><a href=\"https:\/\/museum-der-philosophie.de\/?p=3134\" target=\"_blank\" rel=\"noreferrer noopener\">Arthur Schopenhauer in unserer Ruhmeshalle<\/a><\/p>\n<\/div><button class=\"uagb-modal-popup-close\" aria-label=\"Close Modal\"><svg xmlns=\"https:\/\/www.w3.org\/2000\/svg\" viewBox=\"0 0 320 512\"><path d=\"M310.6 361.4c12.5 12.5 12.5 32.75 0 45.25C304.4 412.9 296.2 416 288 416s-16.38-3.125-22.62-9.375L160 301.3L54.63 406.6C48.38 412.9 40.19 416 32 416S15.63 412.9 9.375 406.6c-12.5-12.5-12.5-32.75 0-45.25l105.4-105.4L9.375 150.6c-12.5-12.5-12.5-32.75 0-45.25s32.75-12.5 45.25 0L160 210.8l105.4-105.4c12.5-12.5 32.75-12.5 45.25 0s12.5 32.75 0 45.25l-105.4 105.4L310.6 361.4z\"><\/path><\/svg><\/button><\/div><\/div><\/div>\n\n\n\n<div class=\"wp-block-uagb-advanced-heading uagb-block-203ea22d\"><div class=\"uagb-heading-text\">A. Schopenhauer<\/div><\/div>\n<\/div>\n\n\n\n<div class=\"wp-block-uagb-container uagb-block-6244bd05\">\n<div class=\"wp-block-uagb-modal uagb-block-e4ddaf9b uagb-modal-wrapper\" data-escpress=\"enable\" data-overlayclick=\"enable\"><img decoding=\"async\" src=\"https:\/\/museum-der-philosophie.de\/wp-content\/uploads\/2023\/06\/749px-Karl_Marx_by_Gaston_Vuillier1-219x300.jpg\" alt=\"\" class=\"uagb-modal-trigger\" width=\"219\" height=\"300\" loading=\"lazy\"\/><div class=\"uagb-effect-default uagb-modal-popup uagb-block-e4ddaf9b uagb-modal-type-undefined\"><div class=\"uagb-modal-popup-wrap\"><div class=\"uagb-modal-popup-content\"><div class=\"wp-block-image\">\n<figure class=\"aligncenter size-full is-resized\"><img loading=\"lazy\" decoding=\"async\" width=\"749\" height=\"1024\" src=\"https:\/\/museum-der-philosophie.de\/wp-content\/uploads\/2023\/06\/749px-Karl_Marx_by_Gaston_Vuillier1.jpg\" alt=\"\" class=\"wp-image-4434\" style=\"width:250px;height:auto\" srcset=\"https:\/\/museum-der-philosophie.de\/wp-content\/uploads\/2023\/06\/749px-Karl_Marx_by_Gaston_Vuillier1.jpg 749w, https:\/\/museum-der-philosophie.de\/wp-content\/uploads\/2023\/06\/749px-Karl_Marx_by_Gaston_Vuillier1-219x300.jpg 219w\" sizes=\"auto, (max-width: 749px) 100vw, 749px\" \/><\/figure>\n<\/div>\n\n\n<p>Karl Marx (1818-1883) war einer der wirkm\u00e4chtigsten Philosophen, \u00d6konomen und politischen Theoretiker der Geschichte. <br>Mit Th\u00fcringen verbindet ihn, dass er seine Dissertation an der Universit\u00e4t Jena einreichte und 1841 dort promoviert wurde.<br>Sein Name ist au\u00dferdem mit dem Gothaer Programm von 1871 verbunden, zu dem er die ber\u00fchmten Randglossen schrieb.<\/p>\n\n\n\n<p class=\"has-text-align-center\"><a href=\"https:\/\/museum-der-philosophie.de\/?p=4411\" target=\"_blank\" rel=\"noreferrer noopener\">Karl Marx in unserer Ruhmeshalle<\/a><\/p>\n<\/div><button class=\"uagb-modal-popup-close\" aria-label=\"Close Modal\"><svg xmlns=\"https:\/\/www.w3.org\/2000\/svg\" viewBox=\"0 0 320 512\"><path d=\"M310.6 361.4c12.5 12.5 12.5 32.75 0 45.25C304.4 412.9 296.2 416 288 416s-16.38-3.125-22.62-9.375L160 301.3L54.63 406.6C48.38 412.9 40.19 416 32 416S15.63 412.9 9.375 406.6c-12.5-12.5-12.5-32.75 0-45.25l105.4-105.4L9.375 150.6c-12.5-12.5-12.5-32.75 0-45.25s32.75-12.5 45.25 0L160 210.8l105.4-105.4c12.5-12.5 32.75-12.5 45.25 0s12.5 32.75 0 45.25l-105.4 105.4L310.6 361.4z\"><\/path><\/svg><\/button><\/div><\/div><\/div>\n\n\n\n<div class=\"wp-block-uagb-advanced-heading uagb-block-137a9322\"><div class=\"uagb-heading-text\">Karl Marx<\/div><\/div>\n<\/div>\n\n\n\n<div class=\"wp-block-uagb-container uagb-block-c7de324c\">\n<div class=\"wp-block-uagb-modal uagb-block-c79e94fe uagb-modal-wrapper\" data-escpress=\"enable\" data-overlayclick=\"enable\"><img decoding=\"async\" src=\"https:\/\/museum-der-philosophie.de\/wp-content\/uploads\/2025\/10\/500px-Ernst_Haeckel_51-400x510.jpg\" alt=\"\" class=\"uagb-modal-trigger\" width=\"400\" height=\"510\" loading=\"lazy\"\/><div class=\"uagb-effect-default uagb-modal-popup uagb-block-c79e94fe uagb-modal-type-undefined\"><div class=\"uagb-modal-popup-wrap\"><div class=\"uagb-modal-popup-content\"><div class=\"wp-block-image\">\n<figure class=\"aligncenter size-full is-resized\"><img loading=\"lazy\" decoding=\"async\" width=\"500\" height=\"638\" src=\"https:\/\/museum-der-philosophie.de\/wp-content\/uploads\/2025\/10\/500px-Ernst_Haeckel_51.jpg\" alt=\"\" class=\"wp-image-16702\" style=\"width:274px;height:auto\" srcset=\"https:\/\/museum-der-philosophie.de\/wp-content\/uploads\/2025\/10\/500px-Ernst_Haeckel_51.jpg 500w, https:\/\/museum-der-philosophie.de\/wp-content\/uploads\/2025\/10\/500px-Ernst_Haeckel_51-400x510.jpg 400w, https:\/\/museum-der-philosophie.de\/wp-content\/uploads\/2025\/10\/500px-Ernst_Haeckel_51-150x191.jpg 150w\" sizes=\"auto, (max-width: 500px) 100vw, 500px\" \/><\/figure>\n<\/div>\n\n\n<p>Ernst Haeckel (1834-1919) war ein deutscher Zoologe, Naturphilosoph und K\u00fcnstler, der ma\u00dfgeblich zur Verbreitung der Evolutionstheorie von Charles Darwin in Deutschland beitrug. <br>Haeckel ist Ehrenb\u00fcrger der Stadt Jena, mit der sein Wirken eng verbunden ist. 1862 erhielt er dort eine Professur. Er leitete das Zoologische Institut der Universit\u00e4t und stiftete das Phyletische Museum.<\/p>\n<\/div><button class=\"uagb-modal-popup-close\" aria-label=\"Close Modal\"><svg xmlns=\"https:\/\/www.w3.org\/2000\/svg\" viewBox=\"0 0 320 512\"><path d=\"M310.6 361.4c12.5 12.5 12.5 32.75 0 45.25C304.4 412.9 296.2 416 288 416s-16.38-3.125-22.62-9.375L160 301.3L54.63 406.6C48.38 412.9 40.19 416 32 416S15.63 412.9 9.375 406.6c-12.5-12.5-12.5-32.75 0-45.25l105.4-105.4L9.375 150.6c-12.5-12.5-12.5-32.75 0-45.25s32.75-12.5 45.25 0L160 210.8l105.4-105.4c12.5-12.5 32.75-12.5 45.25 0s12.5 32.75 0 45.25l-105.4 105.4L310.6 361.4z\"><\/path><\/svg><\/button><\/div><\/div><\/div>\n\n\n\n<div class=\"wp-block-uagb-advanced-heading uagb-block-6c42b14e\"><div class=\"uagb-heading-text\">Ernst Haeckel<\/div><\/div>\n<\/div>\n<\/div>\n\n\n\n<div class=\"wp-block-uagb-container uagb-block-85686cf8\">\n<div class=\"wp-block-uagb-container uagb-block-3089ad9f\"><\/div>\n\n\n\n<div class=\"wp-block-uagb-container uagb-block-6fd5456f\">\n<div class=\"wp-block-uagb-modal uagb-block-fa398ebb uagb-modal-wrapper\" data-escpress=\"enable\" data-overlayclick=\"enable\"><img decoding=\"async\" src=\"https:\/\/museum-der-philosophie.de\/wp-content\/uploads\/2025\/10\/586px-Nicolaus_Marschalk_Humanist1-400x328.jpg\" alt=\"\" class=\"uagb-modal-trigger\" width=\"400\" height=\"328\" loading=\"lazy\"\/><div class=\"uagb-effect-default uagb-modal-popup uagb-block-fa398ebb uagb-modal-type-undefined\"><div class=\"uagb-modal-popup-wrap\"><div class=\"uagb-modal-popup-content\"><div class=\"wp-block-image\">\n<figure class=\"aligncenter size-full is-resized\"><img loading=\"lazy\" decoding=\"async\" width=\"586\" height=\"480\" src=\"https:\/\/museum-der-philosophie.de\/wp-content\/uploads\/2025\/10\/586px-Nicolaus_Marschalk_Humanist1.jpg\" alt=\"\" class=\"wp-image-16799\" style=\"width:285px;height:auto\" srcset=\"https:\/\/museum-der-philosophie.de\/wp-content\/uploads\/2025\/10\/586px-Nicolaus_Marschalk_Humanist1.jpg 586w, https:\/\/museum-der-philosophie.de\/wp-content\/uploads\/2025\/10\/586px-Nicolaus_Marschalk_Humanist1-400x328.jpg 400w, https:\/\/museum-der-philosophie.de\/wp-content\/uploads\/2025\/10\/586px-Nicolaus_Marschalk_Humanist1-150x123.jpg 150w\" sizes=\"auto, (max-width: 586px) 100vw, 586px\" \/><figcaption class=\"wp-element-caption\">Nicolaus Marschalk, zeitgen\u00f6ssischer Holzstich (Stadtarchiv Erfurt)<\/figcaption><\/figure>\n<\/div>\n\n\n<p>Nicolaus Marschalk (um 14660-1525) erhielt im flandrischen L\u00f6wen eine humanistische Ausbildung. Er kam 1491 nach Erfurt, wo er zehn Jahre blieb, und gilt somit als erster dauerhaft in Erfurt wirkender Humanist.<\/p>\n\n\n\n<p>N\u00e4heres dazu im Ausstellungsteil &#8222;Der Erfurter Humanistenkreis&#8220;<\/p>\n<\/div><button class=\"uagb-modal-popup-close\" aria-label=\"Close Modal\"><svg xmlns=\"https:\/\/www.w3.org\/2000\/svg\" viewBox=\"0 0 320 512\"><path d=\"M310.6 361.4c12.5 12.5 12.5 32.75 0 45.25C304.4 412.9 296.2 416 288 416s-16.38-3.125-22.62-9.375L160 301.3L54.63 406.6C48.38 412.9 40.19 416 32 416S15.63 412.9 9.375 406.6c-12.5-12.5-12.5-32.75 0-45.25l105.4-105.4L9.375 150.6c-12.5-12.5-12.5-32.75 0-45.25s32.75-12.5 45.25 0L160 210.8l105.4-105.4c12.5-12.5 32.75-12.5 45.25 0s12.5 32.75 0 45.25l-105.4 105.4L310.6 361.4z\"><\/path><\/svg><\/button><\/div><\/div><\/div>\n\n\n\n<div class=\"wp-block-uagb-advanced-heading uagb-block-95cd690f\"><div class=\"uagb-heading-text\">Nicolaus Marschalk<\/div><\/div>\n<\/div>\n\n\n\n<div class=\"wp-block-uagb-container uagb-block-d8a24928\">\n<p><\/p>\n<\/div>\n\n\n\n<div class=\"wp-block-uagb-container uagb-block-c2a06913\">\n<div class=\"wp-block-uagb-modal uagb-block-aa37590f uagb-modal-wrapper\" data-escpress=\"enable\" data-overlayclick=\"enable\"><img decoding=\"async\" src=\"https:\/\/museum-der-philosophie.de\/wp-content\/uploads\/2025\/10\/960px-Justus_Lipsius_by_Peter_Paul_Rubens1-400x519.jpg\" alt=\"\" class=\"uagb-modal-trigger\" width=\"400\" height=\"519\" loading=\"lazy\"\/><div class=\"uagb-effect-default uagb-modal-popup uagb-block-aa37590f uagb-modal-type-undefined\"><div class=\"uagb-modal-popup-wrap\"><div class=\"uagb-modal-popup-content\"><div class=\"wp-block-image\">\n<figure class=\"aligncenter size-full is-resized\"><img loading=\"lazy\" decoding=\"async\" width=\"1482\" height=\"1783\" src=\"https:\/\/museum-der-philosophie.de\/wp-content\/uploads\/2023\/11\/rubens-philosophen.jpg\" alt=\"\" class=\"wp-image-6108\" style=\"width:298px;height:auto\" srcset=\"https:\/\/museum-der-philosophie.de\/wp-content\/uploads\/2023\/11\/rubens-philosophen.jpg 1482w, https:\/\/museum-der-philosophie.de\/wp-content\/uploads\/2023\/11\/rubens-philosophen-400x481.jpg 400w, https:\/\/museum-der-philosophie.de\/wp-content\/uploads\/2023\/11\/rubens-philosophen-1170x1408.jpg 1170w, https:\/\/museum-der-philosophie.de\/wp-content\/uploads\/2023\/11\/rubens-philosophen-150x180.jpg 150w, https:\/\/museum-der-philosophie.de\/wp-content\/uploads\/2023\/11\/rubens-philosophen-768x924.jpg 768w, https:\/\/museum-der-philosophie.de\/wp-content\/uploads\/2023\/11\/rubens-philosophen-1277x1536.jpg 1277w\" sizes=\"auto, (max-width: 1482px) 100vw, 1482px\" \/><\/figure>\n<\/div>\n\n\n<p>Justus Lipsius (1547-1606) war ein fl\u00e4mischer Philosoph und eine der einflussreichsten Pers\u00f6nlichkeiten der Sp\u00e4trenaissance. Von 1572-73 lebte er in Jena und hatte dort eine Professur f\u00fcr <em>Beredsamkeit und Geschichte<\/em>.<\/p>\n\n\n\n<p>Peter Paul Rubens hat Lipsius in dem Gem\u00e4lde &#8222;Die vier Philosophen&#8220; verewigt. (2. v.r)<\/p>\n<\/div><button class=\"uagb-modal-popup-close\" aria-label=\"Close Modal\"><svg xmlns=\"https:\/\/www.w3.org\/2000\/svg\" viewBox=\"0 0 320 512\"><path d=\"M310.6 361.4c12.5 12.5 12.5 32.75 0 45.25C304.4 412.9 296.2 416 288 416s-16.38-3.125-22.62-9.375L160 301.3L54.63 406.6C48.38 412.9 40.19 416 32 416S15.63 412.9 9.375 406.6c-12.5-12.5-12.5-32.75 0-45.25l105.4-105.4L9.375 150.6c-12.5-12.5-12.5-32.75 0-45.25s32.75-12.5 45.25 0L160 210.8l105.4-105.4c12.5-12.5 32.75-12.5 45.25 0s12.5 32.75 0 45.25l-105.4 105.4L310.6 361.4z\"><\/path><\/svg><\/button><\/div><\/div><\/div>\n\n\n\n<div class=\"wp-block-uagb-advanced-heading uagb-block-88e349a3\"><div class=\"uagb-heading-text\">Justus Lipsius<\/div><\/div>\n<\/div>\n\n\n\n<div class=\"wp-block-uagb-container uagb-block-7ac202cd\">\n<div class=\"wp-block-uagb-modal uagb-block-2920f5c5 uagb-modal-wrapper\" data-escpress=\"enable\" data-overlayclick=\"enable\"><img decoding=\"async\" src=\"https:\/\/museum-der-philosophie.de\/wp-content\/uploads\/2025\/10\/960px-Daniel_Stahl1-e1759482354600-400x551.jpg\" alt=\"\" class=\"uagb-modal-trigger\" width=\"400\" height=\"551\" loading=\"lazy\"\/><div class=\"uagb-effect-default uagb-modal-popup uagb-block-2920f5c5 uagb-modal-type-undefined\"><div class=\"uagb-modal-popup-wrap\"><div class=\"uagb-modal-popup-content\"><div class=\"wp-block-image\">\n<figure class=\"aligncenter size-full is-resized\"><img loading=\"lazy\" decoding=\"async\" width=\"544\" height=\"750\" src=\"https:\/\/museum-der-philosophie.de\/wp-content\/uploads\/2025\/10\/960px-Daniel_Stahl1-e1759482354600.jpg\" alt=\"\" class=\"wp-image-16770\" style=\"width:234px;height:auto\" srcset=\"https:\/\/museum-der-philosophie.de\/wp-content\/uploads\/2025\/10\/960px-Daniel_Stahl1-e1759482354600.jpg 544w, https:\/\/museum-der-philosophie.de\/wp-content\/uploads\/2025\/10\/960px-Daniel_Stahl1-e1759482354600-400x551.jpg 400w, https:\/\/museum-der-philosophie.de\/wp-content\/uploads\/2025\/10\/960px-Daniel_Stahl1-e1759482354600-150x207.jpg 150w\" sizes=\"auto, (max-width: 544px) 100vw, 544px\" \/><\/figure>\n<\/div>\n\n\n<p>Daniel Stahl (1589\u20131654) wirkte in Jena ab 1623 als Professor f\u00fcr Logik und Metaphysik und war mehrmals Dekan der Philosophischen Fakult\u00e4t sowie Rektor der Alma Mater. Seine Bedeutung liegt vor allem in seiner jahrzehntelangen, einflussreichen Lehrt\u00e4tigkeit, in deren Verlauf sich die Philosophie endg\u00fcltig von der Theologie abgrenzte und als selbst\u00e4ndige Wissenschaft etablierte.<\/p>\n<\/div><button class=\"uagb-modal-popup-close\" aria-label=\"Close Modal\"><svg xmlns=\"https:\/\/www.w3.org\/2000\/svg\" viewBox=\"0 0 320 512\"><path d=\"M310.6 361.4c12.5 12.5 12.5 32.75 0 45.25C304.4 412.9 296.2 416 288 416s-16.38-3.125-22.62-9.375L160 301.3L54.63 406.6C48.38 412.9 40.19 416 32 416S15.63 412.9 9.375 406.6c-12.5-12.5-12.5-32.75 0-45.25l105.4-105.4L9.375 150.6c-12.5-12.5-12.5-32.75 0-45.25s32.75-12.5 45.25 0L160 210.8l105.4-105.4c12.5-12.5 32.75-12.5 45.25 0s12.5 32.75 0 45.25l-105.4 105.4L310.6 361.4z\"><\/path><\/svg><\/button><\/div><\/div><\/div>\n\n\n\n<div class=\"wp-block-uagb-advanced-heading uagb-block-c4d050d9\"><div class=\"uagb-heading-text\">Daniel Stahl<\/div><\/div>\n<\/div>\n\n\n\n<div class=\"wp-block-uagb-container uagb-block-9179134a\"><\/div>\n\n\n\n<div class=\"wp-block-uagb-container uagb-block-d22ff616\">\n<div class=\"wp-block-uagb-modal uagb-block-55588feb uagb-modal-wrapper\" data-escpress=\"enable\" data-overlayclick=\"enable\"><img decoding=\"async\" src=\"https:\/\/museum-der-philosophie.de\/wp-content\/uploads\/2023\/07\/Atelier_de_Nicolas_de_Largilliere_portrait_de_Voltaire_detail_musee_Carnavalet_-0011-400x452.jpg\" alt=\"\" class=\"uagb-modal-trigger\" width=\"400\" height=\"452\" loading=\"lazy\"\/><div class=\"uagb-effect-default uagb-modal-popup uagb-block-55588feb uagb-modal-type-undefined\"><div class=\"uagb-modal-popup-wrap\"><div class=\"uagb-modal-popup-content\"><div class=\"wp-block-image\">\n<figure class=\"aligncenter size-large is-resized\"><img decoding=\"async\" src=\"https:\/\/museum-der-philosophie.de\/wp-content\/uploads\/2023\/07\/Atelier_de_Nicolas_de_Largilliere_portrait_de_Voltaire_detail_musee_Carnavalet_-0011.jpg\" alt=\"\" style=\"width:256px;height:auto\"\/><\/figure>\n<\/div>\n\n\n<p>Voltaire (1694-1778), einer der bedeutendsten franz\u00f6sischen Aufkl\u00e4rer, weilte auf Einladung von Herzogin Louise Doroth\u00e9e mehrere Wochen am Gothaer Hof. Er diskutierte dort Leibniz&#8216; Idee von <em>der besten aller Welten<\/em> und entwarf daraufhin sein Werk &#8222;Candide&#8220;.<\/p>\n\n\n\n<p class=\"has-text-align-center\"><a href=\"https:\/\/museum-der-philosophie.de\/?p=14888\" target=\"_blank\" rel=\"noreferrer noopener\">Voltaire in unserer Ruhmeshalle<\/a><\/p>\n<\/div><button class=\"uagb-modal-popup-close\" aria-label=\"Close Modal\"><svg xmlns=\"https:\/\/www.w3.org\/2000\/svg\" viewBox=\"0 0 320 512\"><path d=\"M310.6 361.4c12.5 12.5 12.5 32.75 0 45.25C304.4 412.9 296.2 416 288 416s-16.38-3.125-22.62-9.375L160 301.3L54.63 406.6C48.38 412.9 40.19 416 32 416S15.63 412.9 9.375 406.6c-12.5-12.5-12.5-32.75 0-45.25l105.4-105.4L9.375 150.6c-12.5-12.5-12.5-32.75 0-45.25s32.75-12.5 45.25 0L160 210.8l105.4-105.4c12.5-12.5 32.75-12.5 45.25 0s12.5 32.75 0 45.25l-105.4 105.4L310.6 361.4z\"><\/path><\/svg><\/button><\/div><\/div><\/div>\n\n\n\n<div class=\"wp-block-uagb-advanced-heading uagb-block-d8b320b7\"><div class=\"uagb-heading-text\">Voltaire<\/div><\/div>\n<\/div>\n\n\n\n<div class=\"wp-block-uagb-container uagb-block-95cabdb2\">\n<div class=\"wp-block-uagb-modal uagb-block-6b7b6128 uagb-modal-wrapper\" data-escpress=\"enable\" data-overlayclick=\"enable\"><img decoding=\"async\" src=\"https:\/\/museum-der-philosophie.de\/wp-content\/uploads\/2023\/06\/640px-Friederich_von_Schlegel_1_-removebg-preview1-273x300.png\" alt=\"\" class=\"uagb-modal-trigger\" width=\"273\" height=\"300\" loading=\"lazy\"\/><div class=\"uagb-effect-default uagb-modal-popup uagb-block-6b7b6128 uagb-modal-type-undefined\"><div class=\"uagb-modal-popup-wrap\"><div class=\"uagb-modal-popup-content\"><div class=\"wp-block-image\">\n<figure class=\"aligncenter size-full is-resized\"><img loading=\"lazy\" decoding=\"async\" width=\"476\" height=\"524\" src=\"https:\/\/museum-der-philosophie.de\/wp-content\/uploads\/2023\/06\/640px-Friederich_von_Schlegel_1_-removebg-preview1.png\" alt=\"\" class=\"wp-image-4254\" style=\"width:256px;height:auto\" srcset=\"https:\/\/museum-der-philosophie.de\/wp-content\/uploads\/2023\/06\/640px-Friederich_von_Schlegel_1_-removebg-preview1.png 476w, https:\/\/museum-der-philosophie.de\/wp-content\/uploads\/2023\/06\/640px-Friederich_von_Schlegel_1_-removebg-preview1-273x300.png 273w\" sizes=\"auto, (max-width: 476px) 100vw, 476px\" \/><\/figure>\n<\/div>\n\n\n<p>Karl Wilhelm Friedrich Schlegel (1772-1829) gilt als Kulturphilosoph, der die enge Verbindung von Philosophie und Poesie betonte. <br>Er lebte viele Jahre in Jena, wo er zum Cheftheoretiker der Fr\u00fchromantik avancierte. Seine philosophisch begr\u00fcndeten Studien waren ma\u00dfgeblich f\u00fcr die Entwicklung der modernen Literaturkritik und \u00c4sthetik sowie f\u00fcr Konzepte wie die progressive Universalpoesie und die romantische Ironie. <\/p>\n\n\n\n<p>N\u00e4heres dazu im Ausstellungsteil \u201eJena \u2013 Brutst\u00e4tte des Idealismus\u201c<\/p>\n<\/div><button class=\"uagb-modal-popup-close\" aria-label=\"Close Modal\"><svg xmlns=\"https:\/\/www.w3.org\/2000\/svg\" viewBox=\"0 0 320 512\"><path d=\"M310.6 361.4c12.5 12.5 12.5 32.75 0 45.25C304.4 412.9 296.2 416 288 416s-16.38-3.125-22.62-9.375L160 301.3L54.63 406.6C48.38 412.9 40.19 416 32 416S15.63 412.9 9.375 406.6c-12.5-12.5-12.5-32.75 0-45.25l105.4-105.4L9.375 150.6c-12.5-12.5-12.5-32.75 0-45.25s32.75-12.5 45.25 0L160 210.8l105.4-105.4c12.5-12.5 32.75-12.5 45.25 0s12.5 32.75 0 45.25l-105.4 105.4L310.6 361.4z\"><\/path><\/svg><\/button><\/div><\/div><\/div>\n\n\n\n<div class=\"wp-block-uagb-advanced-heading uagb-block-254f3a1d\"><div class=\"uagb-heading-text\">Friedrich Schlegel<\/div><\/div>\n<\/div>\n\n\n\n<div class=\"wp-block-uagb-container uagb-block-27b3d39c\">\n<div class=\"wp-block-uagb-modal uagb-block-c4f49008 uagb-modal-wrapper\" data-escpress=\"enable\" data-overlayclick=\"enable\"><img decoding=\"async\" src=\"https:\/\/museum-der-philosophie.de\/wp-content\/uploads\/2024\/05\/Nietzsche187a1-400x543.jpg\" alt=\"\" class=\"uagb-modal-trigger\" width=\"400\" height=\"543\" loading=\"lazy\"\/><div class=\"uagb-effect-default uagb-modal-popup uagb-block-c4f49008 uagb-modal-type-undefined\"><div class=\"uagb-modal-popup-wrap\"><div class=\"uagb-modal-popup-content\"><div class=\"wp-block-image\">\n<figure class=\"aligncenter size-full is-resized\"><img loading=\"lazy\" decoding=\"async\" width=\"1464\" height=\"1986\" src=\"https:\/\/museum-der-philosophie.de\/wp-content\/uploads\/2024\/05\/Nietzsche187a1.jpg\" alt=\"\" class=\"wp-image-9756\" style=\"width:231px;height:auto\" srcset=\"https:\/\/museum-der-philosophie.de\/wp-content\/uploads\/2024\/05\/Nietzsche187a1.jpg 1464w, https:\/\/museum-der-philosophie.de\/wp-content\/uploads\/2024\/05\/Nietzsche187a1-400x543.jpg 400w, https:\/\/museum-der-philosophie.de\/wp-content\/uploads\/2024\/05\/Nietzsche187a1-1170x1587.jpg 1170w, https:\/\/museum-der-philosophie.de\/wp-content\/uploads\/2024\/05\/Nietzsche187a1-150x203.jpg 150w, https:\/\/museum-der-philosophie.de\/wp-content\/uploads\/2024\/05\/Nietzsche187a1-768x1042.jpg 768w, https:\/\/museum-der-philosophie.de\/wp-content\/uploads\/2024\/05\/Nietzsche187a1-1132x1536.jpg 1132w\" sizes=\"auto, (max-width: 1464px) 100vw, 1464px\" \/><\/figure>\n<\/div>\n\n\n<p>Friedrich Wilhelm Nietzsche (1844-1900) war ein deutscher Philosoph, Dichter und Philologe. Seine Philosophie befasste sich haupts\u00e4chlich mit Themen wie Moral, Kunst, Religion und Kultur.<br>Zahllose Philosophen und K\u00fcnstler wurden von Nietzsches Ideen wesentlich beeinflusst.<br>Die letzten Jahre seines Lebens verbrachte er, schwer krank und geistig umnachtet, in Weimar. Dort befindet sich das von seiner Schwester gegr\u00fcndete Nietzsche-Archiv.<\/p>\n\n\n\n<p class=\"has-text-align-center\"><a href=\"https:\/\/museum-der-philosophie.de\/?p=3120\" target=\"_blank\" rel=\"noreferrer noopener\">Friedrich Nietzsche in unserer Ruhmeshalle<\/a><\/p>\n<\/div><button class=\"uagb-modal-popup-close\" aria-label=\"Close Modal\"><svg xmlns=\"https:\/\/www.w3.org\/2000\/svg\" viewBox=\"0 0 320 512\"><path d=\"M310.6 361.4c12.5 12.5 12.5 32.75 0 45.25C304.4 412.9 296.2 416 288 416s-16.38-3.125-22.62-9.375L160 301.3L54.63 406.6C48.38 412.9 40.19 416 32 416S15.63 412.9 9.375 406.6c-12.5-12.5-12.5-32.75 0-45.25l105.4-105.4L9.375 150.6c-12.5-12.5-12.5-32.75 0-45.25s32.75-12.5 45.25 0L160 210.8l105.4-105.4c12.5-12.5 32.75-12.5 45.25 0s12.5 32.75 0 45.25l-105.4 105.4L310.6 361.4z\"><\/path><\/svg><\/button><\/div><\/div><\/div>\n\n\n\n<div class=\"wp-block-uagb-advanced-heading uagb-block-ad390822\"><div class=\"uagb-heading-text\">Friedrich Nietzsche<\/div><\/div>\n<\/div>\n\n\n\n<div class=\"wp-block-uagb-container uagb-block-28ac0b14\">\n<div class=\"wp-block-uagb-modal uagb-block-67504109 uagb-modal-wrapper\" data-escpress=\"enable\" data-overlayclick=\"enable\"><img decoding=\"async\" src=\"https:\/\/museum-der-philosophie.de\/wp-content\/uploads\/2025\/10\/Eucken-im-Alter1.png\" alt=\"\" class=\"uagb-modal-trigger\" width=\"373\" height=\"566\" loading=\"lazy\"\/><div class=\"uagb-effect-default uagb-modal-popup uagb-block-67504109 uagb-modal-type-undefined\"><div class=\"uagb-modal-popup-wrap\"><div class=\"uagb-modal-popup-content\"><div class=\"wp-block-image\">\n<figure class=\"aligncenter size-full is-resized\"><img loading=\"lazy\" decoding=\"async\" width=\"373\" height=\"566\" src=\"https:\/\/museum-der-philosophie.de\/wp-content\/uploads\/2025\/10\/Eucken-im-Alter1.png\" alt=\"\" class=\"wp-image-16703\" style=\"width:214px;height:auto\" srcset=\"https:\/\/museum-der-philosophie.de\/wp-content\/uploads\/2025\/10\/Eucken-im-Alter1.png 373w, https:\/\/museum-der-philosophie.de\/wp-content\/uploads\/2025\/10\/Eucken-im-Alter1-150x228.png 150w\" sizes=\"auto, (max-width: 373px) 100vw, 373px\" \/><\/figure>\n<\/div>\n\n\n<p>Rudolf Eucken (1846-1926) war ein deutscher Philosoph, der f\u00fcr seine idealistische Philosophie und als Nobelpreistr\u00e4ger f\u00fcr Literatur 1908 bekannt ist. Seine Arbeit konzentrierte sich auf eine eigenst\u00e4ndige, transzendente Wirklichkeit des Geistes, die das menschliche Dasein erneuern soll.<br>Eucken erhielt 1874 eine Professur an der Uni Jena und wurde 1916 zum Ehrenb\u00fcrger der Stadt Jena ernannt.<br><\/p>\n<\/div><button class=\"uagb-modal-popup-close\" aria-label=\"Close Modal\"><svg xmlns=\"https:\/\/www.w3.org\/2000\/svg\" viewBox=\"0 0 320 512\"><path d=\"M310.6 361.4c12.5 12.5 12.5 32.75 0 45.25C304.4 412.9 296.2 416 288 416s-16.38-3.125-22.62-9.375L160 301.3L54.63 406.6C48.38 412.9 40.19 416 32 416S15.63 412.9 9.375 406.6c-12.5-12.5-12.5-32.75 0-45.25l105.4-105.4L9.375 150.6c-12.5-12.5-12.5-32.75 0-45.25s32.75-12.5 45.25 0L160 210.8l105.4-105.4c12.5-12.5 32.75-12.5 45.25 0s12.5 32.75 0 45.25l-105.4 105.4L310.6 361.4z\"><\/path><\/svg><\/button><\/div><\/div><\/div>\n\n\n\n<div class=\"wp-block-uagb-advanced-heading uagb-block-32fc6bd1\"><div class=\"uagb-heading-text\">Rudolf Eucken<\/div><\/div>\n<\/div>\n\n\n\n<div class=\"wp-block-uagb-container uagb-block-856a9617\">\n<div class=\"wp-block-uagb-modal uagb-block-9da9ebd7 uagb-modal-wrapper\" data-escpress=\"enable\" data-overlayclick=\"enable\"><img decoding=\"async\" src=\"https:\/\/museum-der-philosophie.de\/wp-content\/uploads\/2025\/07\/Frege_041-400x596.jpg\" alt=\"\" class=\"uagb-modal-trigger\" width=\"400\" height=\"596\" loading=\"lazy\"\/><div class=\"uagb-effect-default uagb-modal-popup uagb-block-9da9ebd7 uagb-modal-type-undefined\"><div class=\"uagb-modal-popup-wrap\"><div class=\"uagb-modal-popup-content\"><div class=\"wp-block-image\">\n<figure class=\"aligncenter size-large is-resized\"><img decoding=\"async\" src=\"https:\/\/museum-der-philosophie.de\/wp-content\/uploads\/2025\/07\/Frege_041.jpg\" alt=\"\" style=\"width:214px;height:auto\"\/><\/figure>\n<\/div>\n\n\n<p>Gottlob Frege (1848-1925) war ein deutscher Mathematiker und Philosoph, der als einer der wichtigsten Begr\u00fcnder der modernen analytischen Philosophie und Logik gilt.<br>Er studierte in Jena und war dort von 1896-1917 als Honorarprofessor t\u00e4tig.<\/p>\n<\/div><button class=\"uagb-modal-popup-close\" aria-label=\"Close Modal\"><svg xmlns=\"https:\/\/www.w3.org\/2000\/svg\" viewBox=\"0 0 320 512\"><path d=\"M310.6 361.4c12.5 12.5 12.5 32.75 0 45.25C304.4 412.9 296.2 416 288 416s-16.38-3.125-22.62-9.375L160 301.3L54.63 406.6C48.38 412.9 40.19 416 32 416S15.63 412.9 9.375 406.6c-12.5-12.5-12.5-32.75 0-45.25l105.4-105.4L9.375 150.6c-12.5-12.5-12.5-32.75 0-45.25s32.75-12.5 45.25 0L160 210.8l105.4-105.4c12.5-12.5 32.75-12.5 45.25 0s12.5 32.75 0 45.25l-105.4 105.4L310.6 361.4z\"><\/path><\/svg><\/button><\/div><\/div><\/div>\n\n\n\n<div class=\"wp-block-uagb-advanced-heading uagb-block-766f3a5b\"><div class=\"uagb-heading-text\">Gottlob Frege<\/div><\/div>\n<\/div>\n<\/div>\n\n\n\n<div class=\"wp-block-uagb-container uagb-block-e930d28e\">\n<div class=\"wp-block-uagb-container uagb-block-44cf4732\">\n<div class=\"wp-block-uagb-advanced-heading uagb-block-78e93090\"><h3 class=\"uagb-heading-text\">1300<\/h3><\/div>\n<\/div>\n\n\n\n<div class=\"wp-block-uagb-container uagb-block-e185adf8\">\n<div class=\"wp-block-uagb-advanced-heading uagb-block-3e23be63\"><h3 class=\"uagb-heading-text\">1400<\/h3><\/div>\n<\/div>\n\n\n\n<div class=\"wp-block-uagb-container uagb-block-2196c154\">\n<div class=\"wp-block-uagb-advanced-heading uagb-block-ec9cb71b\"><h3 class=\"uagb-heading-text\">1500<\/h3><\/div>\n<\/div>\n\n\n\n<div class=\"wp-block-uagb-container uagb-block-49bee5ac\">\n<div class=\"wp-block-uagb-advanced-heading uagb-block-cce78209\"><h3 class=\"uagb-heading-text\">1600<\/h3><\/div>\n<\/div>\n\n\n\n<div class=\"wp-block-uagb-container uagb-block-b9ef4ce6\">\n<div class=\"wp-block-uagb-advanced-heading uagb-block-22603002\"><h3 class=\"uagb-heading-text\">1700<\/h3><\/div>\n<\/div>\n\n\n\n<div class=\"wp-block-uagb-container uagb-block-5d831fa8\">\n<div class=\"wp-block-uagb-advanced-heading uagb-block-1ba95156\"><h3 class=\"uagb-heading-text\">1800<\/h3><\/div>\n<\/div>\n\n\n\n<div class=\"wp-block-uagb-container uagb-block-3d5a2d43\">\n<div class=\"wp-block-uagb-advanced-heading uagb-block-655b1692\"><h3 class=\"uagb-heading-text\">1900<\/h3><\/div>\n<\/div>\n<\/div>\n<\/div>\n\n\n\n<div class=\"wp-block-uagb-container uagb-block-3569d370\">\n<div class=\"wp-block-uagb-container uagb-block-78a1037a\">\n<div class=\"wp-block-uagb-modal uagb-block-73513fc4 uagb-modal-wrapper\" data-escpress=\"enable\" data-overlayclick=\"enable\"><div class=\"uagb-spectra-button-wrapper wp-block-button\"><a class=\"uagb-modal-button-link wp-block-button__link uagb-modal-trigger\" href=\"#\" onclick=\"return false;\" target=\"_self\" rel=\"noopener noreferrer\"><span class=\"uagb-modal-content-wrapper\"><span class=\"uagb-inline-editing\">Scholastik \/ Mystik<\/span><\/span><\/a><\/div><div class=\"uagb-effect-default uagb-modal-popup uagb-block-73513fc4 uagb-modal-type-undefined\"><div class=\"uagb-modal-popup-wrap\"><div class=\"uagb-modal-popup-content\">\n<p>Scholastik und Mystik sind die zentralen Str\u00f6mungen der mittelalterlichen Philosophie. Sie bilden das Bindeglied zwischen antiker und neuzeitlicher Philosophie.<\/p>\n\n\n\n<p>N\u00e4heres dazu im Ausstellungsteil &#8222;Die Erfurter Humanisten&#8220;<\/p>\n<\/div><button class=\"uagb-modal-popup-close\" aria-label=\"Close Modal\"><svg xmlns=\"https:\/\/www.w3.org\/2000\/svg\" viewBox=\"0 0 320 512\"><path d=\"M310.6 361.4c12.5 12.5 12.5 32.75 0 45.25C304.4 412.9 296.2 416 288 416s-16.38-3.125-22.62-9.375L160 301.3L54.63 406.6C48.38 412.9 40.19 416 32 416S15.63 412.9 9.375 406.6c-12.5-12.5-12.5-32.75 0-45.25l105.4-105.4L9.375 150.6c-12.5-12.5-12.5-32.75 0-45.25s32.75-12.5 45.25 0L160 210.8l105.4-105.4c12.5-12.5 32.75-12.5 45.25 0s12.5 32.75 0 45.25l-105.4 105.4L310.6 361.4z\"><\/path><\/svg><\/button><\/div><\/div><\/div>\n<\/div>\n\n\n\n<div class=\"wp-block-uagb-container uagb-block-b6bc79cd\">\n<div class=\"wp-block-uagb-modal uagb-block-21b4f3a2 uagb-modal-wrapper\" data-escpress=\"enable\" data-overlayclick=\"enable\"><div class=\"uagb-spectra-button-wrapper wp-block-button\"><a class=\"uagb-modal-button-link wp-block-button__link uagb-modal-trigger\" href=\"#\" onclick=\"return false;\" target=\"_self\" rel=\"noopener noreferrer\"><span class=\"uagb-modal-content-wrapper\"><span class=\"uagb-inline-editing\">Humanismus<\/span><\/span><\/a><\/div><div class=\"uagb-effect-default uagb-modal-popup uagb-block-21b4f3a2 uagb-modal-type-undefined\"><div class=\"uagb-modal-popup-wrap\"><div class=\"uagb-modal-popup-content\">\n<p>Der Humanismus war eine Epoche des \u00dcbergangs vom Mittelalter zur Neuzeit, beginnend im 14. bis zum Ende des 16. Jahrhunderts. Es war eine bedeutende Bildungs- und Geistesbewegung, die sich durch die Wiederentdeckung antiker Texte und die Fokussierung auf den Menschen und seine individuellen F\u00e4higkeiten auszeichnete. Der Humanismus hatte gro\u00dfen Einfluss auf Literatur und Kunst sowie auf die Philosophie, die sich von der mittelalterlichen Scholastik l\u00f6ste und zunehmend wissenschaftlich orientierte.<\/p>\n\n\n\n<p>N\u00e4heres dazu im Ausstellungsteil \u201eDie Erfurter Humanisten\u201c<\/p>\n<\/div><button class=\"uagb-modal-popup-close\" aria-label=\"Close Modal\"><svg xmlns=\"https:\/\/www.w3.org\/2000\/svg\" viewBox=\"0 0 320 512\"><path d=\"M310.6 361.4c12.5 12.5 12.5 32.75 0 45.25C304.4 412.9 296.2 416 288 416s-16.38-3.125-22.62-9.375L160 301.3L54.63 406.6C48.38 412.9 40.19 416 32 416S15.63 412.9 9.375 406.6c-12.5-12.5-12.5-32.75 0-45.25l105.4-105.4L9.375 150.6c-12.5-12.5-12.5-32.75 0-45.25s32.75-12.5 45.25 0L160 210.8l105.4-105.4c12.5-12.5 32.75-12.5 45.25 0s12.5 32.75 0 45.25l-105.4 105.4L310.6 361.4z\"><\/path><\/svg><\/button><\/div><\/div><\/div>\n<\/div>\n\n\n\n<div class=\"wp-block-uagb-container uagb-block-f7e66198\">\n<div class=\"wp-block-uagb-modal uagb-block-cea96759 uagb-modal-wrapper\" data-escpress=\"enable\" data-overlayclick=\"enable\"><div class=\"uagb-spectra-button-wrapper wp-block-button\"><a class=\"uagb-modal-button-link wp-block-button__link uagb-modal-trigger\" href=\"#\" onclick=\"return false;\" target=\"_self\" rel=\"noopener noreferrer\"><span class=\"uagb-modal-content-wrapper\"><span class=\"uagb-inline-editing\">Aufkl\u00e4rung<\/span><\/span><\/a><\/div><div class=\"uagb-effect-default uagb-modal-popup uagb-block-cea96759 uagb-modal-type-undefined\"><div class=\"uagb-modal-popup-wrap\"><div class=\"uagb-modal-popup-content\">\n<p>Die Aufkl\u00e4rung war eine Epoche, die im wesentlichen das 18. Jahrhundert umfasste. Ihr Anliegen war es, der Vernunft gegen\u00fcber Gef\u00fchl und Glaube Geltung zu verschaffen. Der von Kant gepr\u00e4gte Leitspruch \u201eHabe Mut, dich deines eigenen Verstandes zu bedienen!\u201c dr\u00fcckt die Forderung aus, sich nicht mehr blind auf Traditionen, Autorit\u00e4ten oder religi\u00f6se Dogmen zu verlassen. Diese Bewegung f\u00fchrte zu bedeutenden gesellschaftlichen und politischen Ver\u00e4nderungen und pr\u00e4gte die Literatur und Philosophie nachhaltig.<\/p>\n<\/div><button class=\"uagb-modal-popup-close\" aria-label=\"Close Modal\"><svg xmlns=\"https:\/\/www.w3.org\/2000\/svg\" viewBox=\"0 0 320 512\"><path d=\"M310.6 361.4c12.5 12.5 12.5 32.75 0 45.25C304.4 412.9 296.2 416 288 416s-16.38-3.125-22.62-9.375L160 301.3L54.63 406.6C48.38 412.9 40.19 416 32 416S15.63 412.9 9.375 406.6c-12.5-12.5-12.5-32.75 0-45.25l105.4-105.4L9.375 150.6c-12.5-12.5-12.5-32.75 0-45.25s32.75-12.5 45.25 0L160 210.8l105.4-105.4c12.5-12.5 32.75-12.5 45.25 0s12.5 32.75 0 45.25l-105.4 105.4L310.6 361.4z\"><\/path><\/svg><\/button><\/div><\/div><\/div>\n<\/div>\n\n\n\n<div class=\"wp-block-uagb-container uagb-block-ecb36b74\">\n<div class=\"wp-block-uagb-modal uagb-block-cdb2b0e7 uagb-modal-wrapper\" data-escpress=\"enable\" data-overlayclick=\"enable\"><div class=\"uagb-spectra-button-wrapper wp-block-button\"><a class=\"uagb-modal-button-link wp-block-button__link uagb-modal-trigger\" href=\"#\" onclick=\"return false;\" target=\"_self\" rel=\"noopener noreferrer\"><span class=\"uagb-modal-content-wrapper\"><span class=\"uagb-inline-editing\">Romantik<\/span><\/span><\/a><\/div><div class=\"uagb-effect-default uagb-modal-popup uagb-block-cdb2b0e7 uagb-modal-type-undefined\"><div class=\"uagb-modal-popup-wrap\"><div class=\"uagb-modal-popup-content\">\n<p>Die Romantik ist eine Epoche der europ\u00e4ischen Kunst, Literatur, Musik und Philosophie. Sie umfasst etwa die Zeit von 1795 bis 1848.<br>Die Romantik war eine Gegenbewegung zur rationalen Aufkl\u00e4rung und zeichnet sich durch die Hinwendung zu Gef\u00fchl, Fantasie, der Natur und dem \u00dcbernat\u00fcrlichen aus.<\/p>\n\n\n\n<p>N\u00e4heres dazu im Ausstellungsteil \u201eJena \u2013 Brutst\u00e4tte des Idealismus\u201c<\/p>\n<\/div><button class=\"uagb-modal-popup-close\" aria-label=\"Close Modal\"><svg xmlns=\"https:\/\/www.w3.org\/2000\/svg\" viewBox=\"0 0 320 512\"><path d=\"M310.6 361.4c12.5 12.5 12.5 32.75 0 45.25C304.4 412.9 296.2 416 288 416s-16.38-3.125-22.62-9.375L160 301.3L54.63 406.6C48.38 412.9 40.19 416 32 416S15.63 412.9 9.375 406.6c-12.5-12.5-12.5-32.75 0-45.25l105.4-105.4L9.375 150.6c-12.5-12.5-12.5-32.75 0-45.25s32.75-12.5 45.25 0L160 210.8l105.4-105.4c12.5-12.5 32.75-12.5 45.25 0s12.5 32.75 0 45.25l-105.4 105.4L310.6 361.4z\"><\/path><\/svg><\/button><\/div><\/div><\/div>\n<\/div>\n<\/div>\n\n\n\n<div class=\"wp-block-uagb-container uagb-block-34b47730\">\n<div class=\"wp-block-uagb-container uagb-block-02f4fe33\"><\/div>\n\n\n\n<div class=\"wp-block-uagb-container uagb-block-41575922\">\n<div class=\"wp-block-uagb-modal uagb-block-414b5bb9 uagb-modal-wrapper\" data-escpress=\"enable\" data-overlayclick=\"enable\"><div class=\"uagb-spectra-button-wrapper wp-block-button\"><a class=\"uagb-modal-button-link wp-block-button__link uagb-modal-trigger\" href=\"#\" onclick=\"return false;\" target=\"_self\" rel=\"noopener noreferrer\"><span class=\"uagb-modal-content-wrapper\"><span class=\"uagb-inline-editing\">Reformation<\/span><\/span><\/a><\/div><div class=\"uagb-effect-default uagb-modal-popup uagb-block-414b5bb9 uagb-modal-type-undefined\"><div class=\"uagb-modal-popup-wrap\"><div class=\"uagb-modal-popup-content\">\n<p>Die Reformation war eine religi\u00f6se Erneuerungsbewegung im 16. Jahrhundert, die zur Spaltung der christlichen Kirche in die katholische und die evangelische (protestantische) Konfession f\u00fchrte. Die zentrale Figur der Reformation war Martin Luther.<\/p>\n<\/div><button class=\"uagb-modal-popup-close\" aria-label=\"Close Modal\"><svg xmlns=\"https:\/\/www.w3.org\/2000\/svg\" viewBox=\"0 0 320 512\"><path d=\"M310.6 361.4c12.5 12.5 12.5 32.75 0 45.25C304.4 412.9 296.2 416 288 416s-16.38-3.125-22.62-9.375L160 301.3L54.63 406.6C48.38 412.9 40.19 416 32 416S15.63 412.9 9.375 406.6c-12.5-12.5-12.5-32.75 0-45.25l105.4-105.4L9.375 150.6c-12.5-12.5-12.5-32.75 0-45.25s32.75-12.5 45.25 0L160 210.8l105.4-105.4c12.5-12.5 32.75-12.5 45.25 0s12.5 32.75 0 45.25l-105.4 105.4L310.6 361.4z\"><\/path><\/svg><\/button><\/div><\/div><\/div>\n<\/div>\n\n\n\n<div class=\"wp-block-uagb-container uagb-block-92e6fab9\"><\/div>\n\n\n\n<div class=\"wp-block-uagb-container uagb-block-22a0e090\">\n<div class=\"wp-block-uagb-modal uagb-block-19fff712 uagb-modal-wrapper\" data-escpress=\"enable\" data-overlayclick=\"enable\"><div class=\"uagb-spectra-button-wrapper wp-block-button\"><a class=\"uagb-modal-button-link wp-block-button__link uagb-modal-trigger\" href=\"#\" onclick=\"return false;\" target=\"_self\" rel=\"noopener noreferrer\"><span class=\"uagb-modal-content-wrapper\"><span class=\"uagb-inline-editing\">Sturm +<br>Drang<\/span><\/span><\/a><\/div><div class=\"uagb-effect-default uagb-modal-popup uagb-block-19fff712 uagb-modal-type-undefined\"><div class=\"uagb-modal-popup-wrap\"><div class=\"uagb-modal-popup-content\">\n<p>Sturm und Drang war eine deutsche literarische Epoche (ca. 1765\u20131785), die als Reaktion auf die Aufkl\u00e4rung das emotionale, gef\u00fchlsbetonte Individuum in den Mittelpunkt stellte und als Protestbewegung junger Autoren gegen gesellschaftliche Zw\u00e4nge und Autorit\u00e4t gilt.<\/p>\n\n\n\n<p>N\u00e4heres dazu im Ausstellungsteil \u201eDas Weimarer Viergestirn\u201c<\/p>\n<\/div><button class=\"uagb-modal-popup-close\" aria-label=\"Close Modal\"><svg xmlns=\"https:\/\/www.w3.org\/2000\/svg\" viewBox=\"0 0 320 512\"><path d=\"M310.6 361.4c12.5 12.5 12.5 32.75 0 45.25C304.4 412.9 296.2 416 288 416s-16.38-3.125-22.62-9.375L160 301.3L54.63 406.6C48.38 412.9 40.19 416 32 416S15.63 412.9 9.375 406.6c-12.5-12.5-12.5-32.75 0-45.25l105.4-105.4L9.375 150.6c-12.5-12.5-12.5-32.75 0-45.25s32.75-12.5 45.25 0L160 210.8l105.4-105.4c12.5-12.5 32.75-12.5 45.25 0s12.5 32.75 0 45.25l-105.4 105.4L310.6 361.4z\"><\/path><\/svg><\/button><\/div><\/div><\/div>\n<\/div>\n\n\n\n<div class=\"wp-block-uagb-container uagb-block-860d2ebe\">\n<div class=\"wp-block-uagb-modal uagb-block-ddb89c53 uagb-modal-wrapper\" data-escpress=\"enable\" data-overlayclick=\"enable\"><div class=\"uagb-spectra-button-wrapper wp-block-button\"><a class=\"uagb-modal-button-link wp-block-button__link uagb-modal-trigger\" href=\"#\" onclick=\"return false;\" target=\"_self\" rel=\"noopener noreferrer\"><span class=\"uagb-modal-content-wrapper\"><span class=\"uagb-inline-editing\">Idealismus<\/span><\/span><\/a><\/div><div class=\"uagb-effect-default uagb-modal-popup uagb-block-ddb89c53 uagb-modal-type-undefined\"><div class=\"uagb-modal-popup-wrap\"><div class=\"uagb-modal-popup-content\">\n<p>Der deutsche Idealismus ist eine philosophische Bewegung, die sich im sp\u00e4ten 18. und fr\u00fchen 19. Jahrhundert in Deutschland entwickelte. Zentrale Figuren sind die Philosophen Kant, Fichte, Schelling und Hegel. Die Bewegung versucht, die Einheit von Natur und Geist zu fassen, indem sie die Rolle des denkenden Subjekts f\u00fcr die Wirklichkeit betont, die Au\u00dfenwelt also nicht als unabh\u00e4ngig von der Vorstellung betrachtet.<\/p>\n\n\n\n<p>N\u00e4heres dazu im Ausstellungsteil &#8222;Jena &#8211; Brutst\u00e4tte des Idealismus&#8220;<\/p>\n<\/div><button class=\"uagb-modal-popup-close\" aria-label=\"Close Modal\"><svg xmlns=\"https:\/\/www.w3.org\/2000\/svg\" viewBox=\"0 0 320 512\"><path d=\"M310.6 361.4c12.5 12.5 12.5 32.75 0 45.25C304.4 412.9 296.2 416 288 416s-16.38-3.125-22.62-9.375L160 301.3L54.63 406.6C48.38 412.9 40.19 416 32 416S15.63 412.9 9.375 406.6c-12.5-12.5-12.5-32.75 0-45.25l105.4-105.4L9.375 150.6c-12.5-12.5-12.5-32.75 0-45.25s32.75-12.5 45.25 0L160 210.8l105.4-105.4c12.5-12.5 32.75-12.5 45.25 0s12.5 32.75 0 45.25l-105.4 105.4L310.6 361.4z\"><\/path><\/svg><\/button><\/div><\/div><\/div>\n<\/div>\n<\/div>\n<\/div>\n<\/div>\n","protected":false},"excerpt":{"rendered":"<p>Sonderausstellung zur Geschichte der Philosophie in Th\u00fcringen vom Mittealter bis zur Moderne<\/p>\n","protected":false},"author":4,"featured_media":17185,"comment_status":"closed","ping_status":"closed","sticky":false,"template":"template-page-builder-no-header-footer.php","format":"standard","meta":{"_uag_custom_page_level_css":"","footnotes":""},"categories":[196],"tags":[198,95,139,197],"class_list":["post-16607","post","type-post","status-publish","format-standard","has-post-thumbnail","hentry","category-epochen","tag-humanismus","tag-idealismus","tag-scholastik","tag-thueringen"],"featured_image_src":"https:\/\/museum-der-philosophie.de\/wp-content\/uploads\/2025\/10\/Hotspots-Thueringen2.jpg","author_info":{"display_name":"MEP Redaktion","author_link":"https:\/\/museum-der-philosophie.de\/?author=4"},"uagb_featured_image_src":{"full":["https:\/\/museum-der-philosophie.de\/wp-content\/uploads\/2025\/10\/Hotspots-Thueringen2.jpg",1467,1008,false],"thumbnail":["https:\/\/museum-der-philosophie.de\/wp-content\/uploads\/2025\/10\/Hotspots-Thueringen2-150x103.jpg",150,103,true],"medium":["https:\/\/museum-der-philosophie.de\/wp-content\/uploads\/2025\/10\/Hotspots-Thueringen2-400x275.jpg",400,275,true],"medium_large":["https:\/\/museum-der-philosophie.de\/wp-content\/uploads\/2025\/10\/Hotspots-Thueringen2-768x528.jpg",750,516,true],"large":["https:\/\/museum-der-philosophie.de\/wp-content\/uploads\/2025\/10\/Hotspots-Thueringen2-1170x804.jpg",750,515,true],"1536x1536":["https:\/\/museum-der-philosophie.de\/wp-content\/uploads\/2025\/10\/Hotspots-Thueringen2.jpg",1467,1008,false],"2048x2048":["https:\/\/museum-der-philosophie.de\/wp-content\/uploads\/2025\/10\/Hotspots-Thueringen2.jpg",1467,1008,false],"education-zone-banner":["https:\/\/museum-der-philosophie.de\/wp-content\/uploads\/2025\/10\/Hotspots-Thueringen2-1467x692.jpg",1467,692,true],"education-zone-image-full":["https:\/\/museum-der-philosophie.de\/wp-content\/uploads\/2025\/10\/Hotspots-Thueringen2-1140x458.jpg",1140,458,true],"education-zone-image":["https:\/\/museum-der-philosophie.de\/wp-content\/uploads\/2025\/10\/Hotspots-Thueringen2-750x458.jpg",750,458,true],"education-zone-recent-post":["https:\/\/museum-der-philosophie.de\/wp-content\/uploads\/2025\/10\/Hotspots-Thueringen2-70x70.jpg",70,70,true],"education-zone-search-result":["https:\/\/museum-der-philosophie.de\/wp-content\/uploads\/2025\/10\/Hotspots-Thueringen2-246x246.jpg",246,246,true],"education-zone-featured-course":["https:\/\/museum-der-philosophie.de\/wp-content\/uploads\/2025\/10\/Hotspots-Thueringen2-276x276.jpg",276,276,true],"education-zone-testimonial":["https:\/\/museum-der-philosophie.de\/wp-content\/uploads\/2025\/10\/Hotspots-Thueringen2-125x125.jpg",125,125,true],"education-zone-blog-full":["https:\/\/museum-der-philosophie.de\/wp-content\/uploads\/2025\/10\/Hotspots-Thueringen2-848x480.jpg",848,480,true],"wpvr_mobile":["https:\/\/museum-der-philosophie.de\/wp-content\/uploads\/2025\/10\/Hotspots-Thueringen2.jpg",1467,1008,false]},"uagb_author_info":{"display_name":"MEP Redaktion","author_link":"https:\/\/museum-der-philosophie.de\/?author=4"},"uagb_comment_info":0,"uagb_excerpt":"Sonderausstellung zur Geschichte der Philosophie in Th\u00fcringen vom Mittealter bis zur Moderne","_links":{"self":[{"href":"https:\/\/museum-der-philosophie.de\/index.php?rest_route=\/wp\/v2\/posts\/16607","targetHints":{"allow":["GET"]}}],"collection":[{"href":"https:\/\/museum-der-philosophie.de\/index.php?rest_route=\/wp\/v2\/posts"}],"about":[{"href":"https:\/\/museum-der-philosophie.de\/index.php?rest_route=\/wp\/v2\/types\/post"}],"author":[{"embeddable":true,"href":"https:\/\/museum-der-philosophie.de\/index.php?rest_route=\/wp\/v2\/users\/4"}],"replies":[{"embeddable":true,"href":"https:\/\/museum-der-philosophie.de\/index.php?rest_route=%2Fwp%2Fv2%2Fcomments&post=16607"}],"version-history":[{"count":166,"href":"https:\/\/museum-der-philosophie.de\/index.php?rest_route=\/wp\/v2\/posts\/16607\/revisions"}],"predecessor-version":[{"id":17598,"href":"https:\/\/museum-der-philosophie.de\/index.php?rest_route=\/wp\/v2\/posts\/16607\/revisions\/17598"}],"wp:featuredmedia":[{"embeddable":true,"href":"https:\/\/museum-der-philosophie.de\/index.php?rest_route=\/wp\/v2\/media\/17185"}],"wp:attachment":[{"href":"https:\/\/museum-der-philosophie.de\/index.php?rest_route=%2Fwp%2Fv2%2Fmedia&parent=16607"}],"wp:term":[{"taxonomy":"category","embeddable":true,"href":"https:\/\/museum-der-philosophie.de\/index.php?rest_route=%2Fwp%2Fv2%2Fcategories&post=16607"},{"taxonomy":"post_tag","embeddable":true,"href":"https:\/\/museum-der-philosophie.de\/index.php?rest_route=%2Fwp%2Fv2%2Ftags&post=16607"}],"curies":[{"name":"wp","href":"https:\/\/api.w.org\/{rel}","templated":true}]}}