{"id":18178,"date":"2026-03-14T09:14:50","date_gmt":"2026-03-14T07:14:50","guid":{"rendered":"https:\/\/museum-der-philosophie.de\/?p=18178"},"modified":"2026-03-14T09:14:52","modified_gmt":"2026-03-14T07:14:52","slug":"neuerscheinung-philosophinnen-2-2","status":"publish","type":"post","link":"https:\/\/museum-der-philosophie.de\/?p=18178","title":{"rendered":"Neuerscheinung: Die Gegenwart der Philosophie"},"content":{"rendered":"\n<div class=\"wp-block-uagb-container uagb-block-d3b8d2fa alignfull uagb-is-root-container\"><div class=\"uagb-container-inner-blocks-wrap\">\n<div class=\"wp-block-uagb-container uagb-block-d773a6c3\">\n<p><strong>Die Gegenwart der Philosophie<\/strong><br>Wolfram Eilenberger<br>Clett-Kotta, K\u00f6ln 2026<\/p>\n<\/div>\n\n\n\n<div class=\"wp-block-uagb-container uagb-block-9e400435\">\n<p class=\"has-small-font-size\">Inmitten von Klimakatastrophen, KI-Revolutionen, politischen Umbr\u00fcchen und kultureller Orientierungslosigkeit stellt Wolfram Eilenberger die Frage nach der Aufgabe der Philosophie neu. Von Sokrates bis Foucault, von Kant bis Adorno durch die Tr\u00fcmmer der Nachkriegsphilosophie entfaltet er eine wirkm\u00e4chtige Philosophie der Gegenwart, die sich nicht l\u00e4nger mit Systemen, Dogmen oder akademischer Selbstbespiegelung begn\u00fcgt. Verstanden als lebendige Praxis der Geistes-Gegenw\u00e4rtigkeit, bedeutet Philosophie eine kritische Selbstsorge: Sie l\u00e4sst nachfragen, aufhorchen, diagnostiziert, pr\u00fcft, wartet das Jetzt. So erm\u00f6glicht sie den Weg aus unserer \u00bbselbstverschuldeten Unm\u00fcndigkeit\u00ab (Kant) hin zu einem lebendigen Denken, das im Hier und Heute beginnt. Ein Wegweiser aus dem Labyrinth, in dem wir uns als westliche Zivilisation so tief verirrt haben. (Verlagstext)<\/p>\n<\/div>\n<\/div><\/div>\n\n\n\n<div class=\"wp-block-uagb-container uagb-block-21062768 alignfull uagb-is-root-container\"><div class=\"uagb-container-inner-blocks-wrap\">\n<div class=\"wp-block-uagb-container uagb-block-45582649\">\n<div class=\"wp-block-uagb-image uagb-block-8b00809a wp-block-uagb-image--layout-default wp-block-uagb-image--effect-static wp-block-uagb-image--align-none\"><figure class=\"wp-block-uagb-image__figure\"><img decoding=\"async\"  sizes=\"auto, (max-width: 480px) 150px\" src=\"https:\/\/museum-der-philosophie.de\/wp-content\/uploads\/2026\/03\/1773244303297wolfram-eilenberger-gegenwart-der-philosophie-100_v-icon_-7bcdf069542bbe2d1d9ef71cb5865f2137c692b21.jpg\" alt=\"\" width=\"320\" height=\"503\" title=\"\" loading=\"lazy\" role=\"img\"\/><\/figure><\/div>\n<\/div>\n\n\n\n<div class=\"wp-block-uagb-container uagb-block-e608cfc8\">\n<p>Ich empfehle den Podcast mit dem Autor bei <a href=\"https:\/\/www.swr.de\/kultur\/literatur\/wolfram-eilenberger-die-gegenwart-der-philosophie-100.html\" target=\"_blank\" rel=\"noreferrer noopener\">SWR<\/a>.<\/p>\n\n\n\n<p><\/p>\n\n\n\n<div class=\"wp-block-uagb-container uagb-block-0793c7eb\">\n<div class=\"wp-block-uagb-advanced-heading uagb-block-ca16c2ae\"><h2 class=\"uagb-heading-text\">Du hast dieses Buch gelesen?<\/h2><p class=\"uagb-desc-text\">\u00dcber eine kurze Beschreibung deiner Eindr\u00fccke w\u00fcrden wir uns sehr freuen. Nutze bitte das Kommentarfeld unten.<\/p><\/div>\n<\/div>\n<\/div>\n<\/div><\/div>\n","protected":false},"excerpt":{"rendered":"<p>Was tun Philosophen eigentlich? Und warum ist Philosophie so wichtig f\u00fcr uns und unsere Gesellschaft? In diesem kraftvollen Text pl\u00e4diert Bestsellerautor Wolfram Eilenberger f\u00fcr einen Neustart der Philosophie in dunklen Zeiten. Ein erfrischender und h\u00f6chst origineller Aufruf zum unabh\u00e4ngigen Denken.<\/p>\n","protected":false},"author":1,"featured_media":18179,"comment_status":"open","ping_status":"closed","sticky":false,"template":"","format":"standard","meta":{"_uag_custom_page_level_css":"","footnotes":""},"categories":[152],"tags":[153],"class_list":["post-18178","post","type-post","status-publish","format-standard","has-post-thumbnail","hentry","category-rezensionen","tag-neuerscheinung"],"featured_image_src":"https:\/\/museum-der-philosophie.de\/wp-content\/uploads\/2026\/03\/1773244303297wolfram-eilenberger-gegenwart-der-philosophie-100_v-icon_-7bcdf069542bbe2d1d9ef71cb5865f2137c692b21.jpg","author_info":{"display_name":"Klaus F\u00fcrst","author_link":"https:\/\/museum-der-philosophie.de\/?author=1"},"uagb_featured_image_src":{"full":["https:\/\/museum-der-philosophie.de\/wp-content\/uploads\/2026\/03\/1773244303297wolfram-eilenberger-gegenwart-der-philosophie-100_v-icon_-7bcdf069542bbe2d1d9ef71cb5865f2137c692b21.jpg",320,503,false],"thumbnail":["https:\/\/museum-der-philosophie.de\/wp-content\/uploads\/2026\/03\/1773244303297wolfram-eilenberger-gegenwart-der-philosophie-100_v-icon_-7bcdf069542bbe2d1d9ef71cb5865f2137c692b21-150x236.jpg",150,236,true],"medium":["https:\/\/museum-der-philosophie.de\/wp-content\/uploads\/2026\/03\/1773244303297wolfram-eilenberger-gegenwart-der-philosophie-100_v-icon_-7bcdf069542bbe2d1d9ef71cb5865f2137c692b21.jpg",320,503,false],"medium_large":["https:\/\/museum-der-philosophie.de\/wp-content\/uploads\/2026\/03\/1773244303297wolfram-eilenberger-gegenwart-der-philosophie-100_v-icon_-7bcdf069542bbe2d1d9ef71cb5865f2137c692b21.jpg",320,503,false],"large":["https:\/\/museum-der-philosophie.de\/wp-content\/uploads\/2026\/03\/1773244303297wolfram-eilenberger-gegenwart-der-philosophie-100_v-icon_-7bcdf069542bbe2d1d9ef71cb5865f2137c692b21.jpg",320,503,false],"1536x1536":["https:\/\/museum-der-philosophie.de\/wp-content\/uploads\/2026\/03\/1773244303297wolfram-eilenberger-gegenwart-der-philosophie-100_v-icon_-7bcdf069542bbe2d1d9ef71cb5865f2137c692b21.jpg",320,503,false],"2048x2048":["https:\/\/museum-der-philosophie.de\/wp-content\/uploads\/2026\/03\/1773244303297wolfram-eilenberger-gegenwart-der-philosophie-100_v-icon_-7bcdf069542bbe2d1d9ef71cb5865f2137c692b21.jpg",320,503,false],"education-zone-banner":["https:\/\/museum-der-philosophie.de\/wp-content\/uploads\/2026\/03\/1773244303297wolfram-eilenberger-gegenwart-der-philosophie-100_v-icon_-7bcdf069542bbe2d1d9ef71cb5865f2137c692b21.jpg",320,503,false],"education-zone-image-full":["https:\/\/museum-der-philosophie.de\/wp-content\/uploads\/2026\/03\/1773244303297wolfram-eilenberger-gegenwart-der-philosophie-100_v-icon_-7bcdf069542bbe2d1d9ef71cb5865f2137c692b21-320x458.jpg",320,458,true],"education-zone-image":["https:\/\/museum-der-philosophie.de\/wp-content\/uploads\/2026\/03\/1773244303297wolfram-eilenberger-gegenwart-der-philosophie-100_v-icon_-7bcdf069542bbe2d1d9ef71cb5865f2137c692b21-320x458.jpg",320,458,true],"education-zone-recent-post":["https:\/\/museum-der-philosophie.de\/wp-content\/uploads\/2026\/03\/1773244303297wolfram-eilenberger-gegenwart-der-philosophie-100_v-icon_-7bcdf069542bbe2d1d9ef71cb5865f2137c692b21-70x70.jpg",70,70,true],"education-zone-search-result":["https:\/\/museum-der-philosophie.de\/wp-content\/uploads\/2026\/03\/1773244303297wolfram-eilenberger-gegenwart-der-philosophie-100_v-icon_-7bcdf069542bbe2d1d9ef71cb5865f2137c692b21-246x246.jpg",246,246,true],"education-zone-featured-course":["https:\/\/museum-der-philosophie.de\/wp-content\/uploads\/2026\/03\/1773244303297wolfram-eilenberger-gegenwart-der-philosophie-100_v-icon_-7bcdf069542bbe2d1d9ef71cb5865f2137c692b21-276x276.jpg",276,276,true],"education-zone-testimonial":["https:\/\/museum-der-philosophie.de\/wp-content\/uploads\/2026\/03\/1773244303297wolfram-eilenberger-gegenwart-der-philosophie-100_v-icon_-7bcdf069542bbe2d1d9ef71cb5865f2137c692b21-125x125.jpg",125,125,true],"education-zone-blog-full":["https:\/\/museum-der-philosophie.de\/wp-content\/uploads\/2026\/03\/1773244303297wolfram-eilenberger-gegenwart-der-philosophie-100_v-icon_-7bcdf069542bbe2d1d9ef71cb5865f2137c692b21-320x480.jpg",320,480,true],"wpvr_mobile":["https:\/\/museum-der-philosophie.de\/wp-content\/uploads\/2026\/03\/1773244303297wolfram-eilenberger-gegenwart-der-philosophie-100_v-icon_-7bcdf069542bbe2d1d9ef71cb5865f2137c692b21.jpg",320,503,false]},"uagb_author_info":{"display_name":"Klaus F\u00fcrst","author_link":"https:\/\/museum-der-philosophie.de\/?author=1"},"uagb_comment_info":1,"uagb_excerpt":"Was tun Philosophen eigentlich? Und warum ist Philosophie so wichtig f\u00fcr uns und unsere Gesellschaft? In diesem kraftvollen Text pl\u00e4diert Bestsellerautor Wolfram Eilenberger f\u00fcr einen Neustart der Philosophie in dunklen Zeiten. Ein erfrischender und h\u00f6chst origineller Aufruf zum unabh\u00e4ngigen Denken.","_links":{"self":[{"href":"https:\/\/museum-der-philosophie.de\/index.php?rest_route=\/wp\/v2\/posts\/18178","targetHints":{"allow":["GET"]}}],"collection":[{"href":"https:\/\/museum-der-philosophie.de\/index.php?rest_route=\/wp\/v2\/posts"}],"about":[{"href":"https:\/\/museum-der-philosophie.de\/index.php?rest_route=\/wp\/v2\/types\/post"}],"author":[{"embeddable":true,"href":"https:\/\/museum-der-philosophie.de\/index.php?rest_route=\/wp\/v2\/users\/1"}],"replies":[{"embeddable":true,"href":"https:\/\/museum-der-philosophie.de\/index.php?rest_route=%2Fwp%2Fv2%2Fcomments&post=18178"}],"version-history":[{"count":1,"href":"https:\/\/museum-der-philosophie.de\/index.php?rest_route=\/wp\/v2\/posts\/18178\/revisions"}],"predecessor-version":[{"id":18180,"href":"https:\/\/museum-der-philosophie.de\/index.php?rest_route=\/wp\/v2\/posts\/18178\/revisions\/18180"}],"wp:featuredmedia":[{"embeddable":true,"href":"https:\/\/museum-der-philosophie.de\/index.php?rest_route=\/wp\/v2\/media\/18179"}],"wp:attachment":[{"href":"https:\/\/museum-der-philosophie.de\/index.php?rest_route=%2Fwp%2Fv2%2Fmedia&parent=18178"}],"wp:term":[{"taxonomy":"category","embeddable":true,"href":"https:\/\/museum-der-philosophie.de\/index.php?rest_route=%2Fwp%2Fv2%2Fcategories&post=18178"},{"taxonomy":"post_tag","embeddable":true,"href":"https:\/\/museum-der-philosophie.de\/index.php?rest_route=%2Fwp%2Fv2%2Ftags&post=18178"}],"curies":[{"name":"wp","href":"https:\/\/api.w.org\/{rel}","templated":true}]}}