{"id":2968,"date":"2024-03-05T12:10:50","date_gmt":"2024-03-05T12:10:50","guid":{"rendered":"https:\/\/museum-der-philosophie.de\/?p=2968"},"modified":"2025-09-02T08:17:27","modified_gmt":"2025-09-02T06:17:27","slug":"mark-aurel-wenn-philosophen-herrschen-2","status":"publish","type":"post","link":"https:\/\/museum-der-philosophie.de\/?p=2968","title":{"rendered":"Mark Aurel &#8211; Wenn Philosophen herrschen"},"content":{"rendered":"\n<div class=\"wp-block-uagb-modal uagb-block-40cd57cd uagb-modal-wrapper uag-hide-desktop uag-hide-tab\" data-escpress=\"enable\" data-overlayclick=\"enable\"><img decoding=\"async\" src=\"https:\/\/museum-der-philosophie.de\/wp-content\/uploads\/2024\/11\/2000px-Hamburger_icon.svg1_-150x150.png\" alt=\"\" class=\"uagb-modal-trigger\" width=\"150\" height=\"150\" loading=\"lazy\"\/><div class=\"uagb-effect-default uagb-modal-popup uagb-block-40cd57cd uagb-modal-type-undefined\"><div class=\"uagb-modal-popup-wrap\"><div class=\"uagb-modal-popup-content\"><form role=\"search\" method=\"get\" action=\"https:\/\/museum-der-philosophie.de\/\" class=\"wp-block-search__button-outside wp-block-search__text-button wp-block-search\"    ><label class=\"wp-block-search__label\" for=\"wp-block-search__input-1\"  style=\"font-size: 20px\"><strong>Suchen<\/strong><\/label><div class=\"wp-block-search__inside-wrapper\" ><input class=\"wp-block-search__input\" id=\"wp-block-search__input-1\" placeholder=\"\" value=\"\" type=\"search\" name=\"s\" required  style=\"font-size: 20px\"\/><button aria-label=\"Suchen\" class=\"wp-block-search__button wp-element-button\" type=\"submit\"  style=\"font-size: 20px\">Suchen<\/button><\/div><\/form>\n\n\n<div style=\"height:30px\" aria-hidden=\"true\" class=\"wp-block-spacer\"><\/div>\n\n\n\n<div class=\"wp-block-columns is-layout-flex wp-container-core-columns-is-layout-9d6595d7 wp-block-columns-is-layout-flex\">\n<div class=\"wp-block-column is-layout-flow wp-block-column-is-layout-flow\">\n<p class=\"has-text-align-left\"><strong>Wegweiser<\/strong><\/p>\n\n\n\n<p><a href=\"https:\/\/museum-der-philosophie.de\/\">Startseite<\/a><br><a href=\"https:\/\/museum-der-philosophie.de\/?page_id=3109\" data-type=\"page\" data-id=\"3109\">Themen und Objekte<\/a><br><a href=\"https:\/\/museum-der-philosophie.de\/?page_id=12381\" data-type=\"page\" data-id=\"12381\">Ideen und Ereignisse<\/a><br><a href=\"https:\/\/museum-der-philosophie.de\/?page_id=9393#a0\" data-type=\"page\" data-id=\"9393\">Was gibt&#8217;s Neues<\/a><br><a href=\"https:\/\/museum-der-philosophie.de\/?page_id=11208#a0\" data-type=\"page\" data-id=\"11208\">Kalenderblatt<\/a><\/p>\n\n\n\n<p>Das Museum<br>\u2022 <a href=\"https:\/\/museum-der-philosophie.de\/?page_id=1336\" data-type=\"page\" data-id=\"1336\">\u00dcber uns<\/a><br>\u2022 <a href=\"https:\/\/museum-der-philosophie.de\/?p=13711\" data-type=\"post\" data-id=\"13711\">Bildschirmdarstellung<\/a><br>\u2022 <a href=\"https:\/\/museum-der-philosophie.de\/?page_id=9363\" data-type=\"page\" data-id=\"9363\">Partner und Unterst\u00fctzer<\/a><br>\u2022 <a href=\"https:\/\/museum-der-philosophie.de\/?page_id=2054\" data-type=\"page\" data-id=\"2054\">Mitmachen<\/a><br>\u2022 <a href=\"https:\/\/museum-der-philosophie.de\/?page_id=7106\" data-type=\"page\" data-id=\"7106\">Newsletter<\/a><\/p>\n\n\n\n<p class=\"has-text-align-left\"><strong>R\u00e4ume<\/strong><\/p>\n\n\n\n<p><a href=\"https:\/\/museum-der-philosophie.de\/?page_id=561#a0\" data-type=\"page\" data-id=\"561\">Empfangshalle<\/a><br><a href=\"https:\/\/museum-der-philosophie.de\/?page_id=3140\" data-type=\"page\" data-id=\"3140\">Sonderausstellung<\/a><br><a href=\"https:\/\/museum-der-philosophie.de\/?page_id=688\" data-type=\"page\" data-id=\"688\">Ruhmeshalle<\/a><br><a href=\"https:\/\/museum-der-philosophie.de\/?page_id=1171\" data-type=\"page\" data-id=\"1171\">Bibliothek<\/a><br><a href=\"https:\/\/museum-der-philosophie.de\/?page_id=3375\" data-type=\"page\" data-id=\"3375\">Zitaten-Schatzkammer<\/a><br><a href=\"https:\/\/museum-der-philosophie.de\/?page_id=838\" data-type=\"page\" data-id=\"838\">Kids&#8216; Philosophy<\/a><br><a href=\"https:\/\/museum-der-philosophie.de\/?page_id=6128\" data-type=\"page\" data-id=\"6128\">Kinosaal<\/a><br><a href=\"https:\/\/museum-der-philosophie.de\/?page_id=1959\" data-type=\"page\" data-id=\"1959\">Debattenraum<\/a><\/p>\n\n\n\n<p><a href=\"https:\/\/museum-der-philosophie.de\/?page_id=1900\" data-type=\"page\" data-id=\"1900\">G\u00e4stebuch<\/a><\/p>\n\n\n\n<p><a href=\"https:\/\/museum-der-philosophie.de\/?page_id=1375\" data-type=\"page\" data-id=\"1375\">Rechtliches \/ Impressum<\/a><\/p>\n<\/div>\n<\/div>\n<\/div><button class=\"uagb-modal-popup-close\" aria-label=\"Close Modal\"><svg xmlns=\"https:\/\/www.w3.org\/2000\/svg\" viewBox=\"0 0 320 512\"><path d=\"M310.6 361.4c12.5 12.5 12.5 32.75 0 45.25C304.4 412.9 296.2 416 288 416s-16.38-3.125-22.62-9.375L160 301.3L54.63 406.6C48.38 412.9 40.19 416 32 416S15.63 412.9 9.375 406.6c-12.5-12.5-12.5-32.75 0-45.25l105.4-105.4L9.375 150.6c-12.5-12.5-12.5-32.75 0-45.25s32.75-12.5 45.25 0L160 210.8l105.4-105.4c12.5-12.5 32.75-12.5 45.25 0s12.5 32.75 0 45.25l-105.4 105.4L310.6 361.4z\"><\/path><\/svg><\/button><\/div><\/div><\/div>\n\n\n\n<div class=\"wp-block-uagb-container uag-hide-desktop uag-hide-tab uagb-block-6afda995 alignfull uagb-is-root-container\"><div class=\"uagb-container-inner-blocks-wrap\">\n<p class=\"has-text-align-center has-white-color has-luminous-vivid-orange-background-color has-text-color has-background has-link-color uag-hide-desktop uag-hide-tab wp-elements-604b59db84068a3d44a47482301b3412\">Dies ist eine vereinfachte Darstellung f\u00fcr Mobiltelefone.<br>Die originalgetreue Wiedergabe des Exponats ist nur auf Bildschirm oder Tablet m\u00f6glich.<\/p>\n<\/div><\/div>\n\n\n\n<div data-aos= \"fade\" data-aos-duration=\"400\" data-aos-delay=\"0\" data-aos-easing=\"ease\" data-aos-once=\"true\" class=\"wp-block-uagb-container uagb-block-696f8583 default uagb-is-root-container\">\n<div class=\"wp-block-uagb-container uagb-block-15fb0590\">\n<div class=\"wp-block-uagb-container uag-hide-mob uagb-block-30ae4036\">\n<div class=\"wp-block-uagb-container uag-hide-mob uagb-block-d6948682 alignfull uagb-is-root-container\"><div class=\"uagb-container-inner-blocks-wrap\">\n<div class=\"wp-block-uagb-container uagb-block-55d7099b\">\n<div class=\"wp-block-uagb-modal uagb-block-8075ad28 uagb-modal-wrapper\" data-escpress=\"enable\" data-overlayclick=\"enable\"><img decoding=\"async\" src=\"https:\/\/museum-der-philosophie.de\/wp-content\/uploads\/2024\/11\/2000px-Hamburger_icon.svg1_-400x400.png\" alt=\"\" class=\"uagb-modal-trigger\" width=\"400\" height=\"400\" loading=\"lazy\"\/><div class=\"uagb-effect-default uagb-modal-popup uagb-block-8075ad28 uagb-modal-type-undefined\"><div class=\"uagb-modal-popup-wrap\"><div class=\"uagb-modal-popup-content\"><form role=\"search\" method=\"get\" action=\"https:\/\/museum-der-philosophie.de\/\" class=\"wp-block-search__button-outside wp-block-search__text-button wp-block-search\"    ><label class=\"wp-block-search__label\" for=\"wp-block-search__input-2\"  style=\"font-size: 20px\"><strong>Suchen<\/strong><\/label><div class=\"wp-block-search__inside-wrapper\" ><input class=\"wp-block-search__input\" id=\"wp-block-search__input-2\" placeholder=\"\" value=\"\" type=\"search\" name=\"s\" required  style=\"font-size: 20px\"\/><button aria-label=\"Suchen\" class=\"wp-block-search__button wp-element-button\" type=\"submit\"  style=\"font-size: 20px\">Suchen<\/button><\/div><\/form>\n\n\n<div style=\"height:30px\" aria-hidden=\"true\" class=\"wp-block-spacer\"><\/div>\n\n\n\n<div class=\"wp-block-columns is-layout-flex wp-container-core-columns-is-layout-9d6595d7 wp-block-columns-is-layout-flex\">\n<div class=\"wp-block-column is-layout-flow wp-block-column-is-layout-flow\" style=\"font-size:18px\">\n<p class=\"has-text-align-left\" style=\"font-size:20px\"><strong>Wegweiser<\/strong><\/p>\n\n\n\n<p style=\"font-size:20px\"><a href=\"https:\/\/museum-der-philosophie.de\/\">Startseite<\/a><\/p>\n\n\n\n<p style=\"font-size:20px\"><a href=\"https:\/\/museum-der-philosophie.de\/?page_id=561#a11\" data-type=\"page\" data-id=\"561\">Wegweiser<\/a><\/p>\n\n\n\n<p style=\"font-size:20px\"><a href=\"https:\/\/museum-der-philosophie.de\/?page_id=3109\" data-type=\"page\" data-id=\"3109\">Themen und Objekte<\/a><\/p>\n\n\n\n<p style=\"font-size:20px\"><a href=\"https:\/\/museum-der-philosophie.de\/?page_id=12381\">Ideen und Ereignisse<\/a><\/p>\n\n\n\n<p style=\"font-size:20px\"><a href=\"https:\/\/museum-der-philosophie.de\/?page_id=9393#a0\" data-type=\"page\" data-id=\"9393\">Was gibt&#8217;s Neues<\/a><\/p>\n\n\n\n<p style=\"font-size:20px\"><a href=\"https:\/\/museum-der-philosophie.de\/?page_id=11208#a0\" data-type=\"page\" data-id=\"11208\">Kalenderblatt<\/a><\/p>\n<\/div>\n\n\n\n<div class=\"wp-block-column is-layout-flow wp-block-column-is-layout-flow\">\n<p class=\"has-text-align-left\" style=\"font-size:20px\"><strong>R\u00e4ume<\/strong><\/p>\n\n\n\n<p style=\"font-size:20px\"><a href=\"https:\/\/museum-der-philosophie.de\/?page_id=561#a0\" data-type=\"page\" data-id=\"561\">Empfangshalle<\/a><\/p>\n\n\n\n<p style=\"font-size:20px\"><a href=\"https:\/\/museum-der-philosophie.de\/?page_id=3140\" data-type=\"page\" data-id=\"3140\">Sonderausstellung<\/a><\/p>\n\n\n\n<p style=\"font-size:20px\"><a href=\"https:\/\/museum-der-philosophie.de\/?page_id=688\" data-type=\"page\" data-id=\"688\">Ruhmeshalle<\/a><\/p>\n\n\n\n<p style=\"font-size:20px\"><a href=\"https:\/\/museum-der-philosophie.de\/?page_id=14612\" data-type=\"page\" data-id=\"688\">Kunstgalerie<\/a><\/p>\n\n\n\n<p style=\"font-size:20px\"><a href=\"https:\/\/museum-der-philosophie.de\/?page_id=1171\" data-type=\"page\" data-id=\"1171\">Bibliothek<\/a><\/p>\n\n\n\n<p style=\"font-size:20px\"><a href=\"https:\/\/museum-der-philosophie.de\/?page_id=3375\" data-type=\"page\" data-id=\"3375\">Zitaten-Schatzkammer<\/a><\/p>\n\n\n\n<p style=\"font-size:20px\"><a href=\"https:\/\/museum-der-philosophie.de\/?page_id=838\" data-type=\"page\" data-id=\"838\">Kids&#8216; Philosophy<\/a><\/p>\n\n\n\n<p style=\"font-size:20px\"><a href=\"https:\/\/museum-der-philosophie.de\/?page_id=6128\" data-type=\"page\" data-id=\"6128\">Kinosaal<\/a><\/p>\n\n\n\n<p style=\"font-size:20px\"><a href=\"https:\/\/museum-der-philosophie.de\/?page_id=1959\" data-type=\"page\" data-id=\"1959\">Debattenraum<\/a><\/p>\n<\/div>\n\n\n\n<div class=\"wp-block-column is-layout-flow wp-block-column-is-layout-flow\">\n<p style=\"font-size:20px\"><strong>Das Museum<\/strong><\/p>\n\n\n\n<p style=\"font-size:20px\"><a href=\"https:\/\/museum-der-philosophie.de\/?page_id=1336\" data-type=\"page\" data-id=\"1336\">\u00dcber uns<\/a><\/p>\n\n\n\n<p style=\"font-size:20px\"><a href=\"https:\/\/museum-der-philosophie.de\/?p=13711\" data-type=\"post\" data-id=\"13711\">Bildschirmdarstellung<\/a><\/p>\n\n\n\n<p style=\"font-size:20px\"><a href=\"https:\/\/museum-der-philosophie.de\/?page_id=9363\" data-type=\"page\" data-id=\"9363\">Partner und Unterst\u00fctzer<\/a><\/p>\n\n\n\n<p style=\"font-size:20px\"><a href=\"https:\/\/museum-der-philosophie.de\/?page_id=2054\" data-type=\"page\" data-id=\"2054\">Mitmachen<\/a><\/p>\n\n\n\n<p style=\"font-size:20px\"><a href=\"https:\/\/museum-der-philosophie.de\/?page_id=7106\" data-type=\"page\" data-id=\"7106\">Newsletter<\/a><\/p>\n\n\n\n<p style=\"font-size:20px\"><a href=\"https:\/\/museum-der-philosophie.de\/?page_id=1375\" data-type=\"page\" data-id=\"1375\">Rechtliches \/ Impressum<\/a><\/p>\n\n\n\n<p style=\"font-size:20px\"><strong><mark style=\"background-color:rgba(0, 0, 0, 0)\" class=\"has-inline-color has-luminous-vivid-orange-color\">Bitte trage dich in unser<br><a href=\"https:\/\/museum-der-philosophie.de\/?page_id=1900\" data-type=\"page\" data-id=\"1900\">G\u00e4stebuch<\/a> ein.<br>\u00dcber ein paar Zeilen w\u00fcrden wir uns sehr freuen.<\/mark><\/strong><\/p>\n<\/div>\n<\/div>\n<\/div><button class=\"uagb-modal-popup-close\" aria-label=\"Close Modal\"><svg xmlns=\"https:\/\/www.w3.org\/2000\/svg\" viewBox=\"0 0 320 512\"><path d=\"M310.6 361.4c12.5 12.5 12.5 32.75 0 45.25C304.4 412.9 296.2 416 288 416s-16.38-3.125-22.62-9.375L160 301.3L54.63 406.6C48.38 412.9 40.19 416 32 416S15.63 412.9 9.375 406.6c-12.5-12.5-12.5-32.75 0-45.25l105.4-105.4L9.375 150.6c-12.5-12.5-12.5-32.75 0-45.25s32.75-12.5 45.25 0L160 210.8l105.4-105.4c12.5-12.5 32.75-12.5 45.25 0s12.5 32.75 0 45.25l-105.4 105.4L310.6 361.4z\"><\/path><\/svg><\/button><\/div><\/div><\/div>\n<\/div>\n\n\n\n<div class=\"wp-block-uagb-container uag-hide-mob uagb-block-409a2407 alignfull uagb-is-root-container\"><div class=\"uagb-container-inner-blocks-wrap\">\n<div class=\"wp-block-uagb-advanced-heading uagb-block-f62181c7\"><div class=\"uagb-heading-text\">Men\u00fc<\/div><\/div>\n<\/div><\/div>\n<\/div><\/div>\n<\/div>\n\n\n\n<div class=\"wp-block-uagb-container uagb-block-272401f6\">\n<div class=\"wp-block-uagb-advanced-heading uagb-block-dcaae856\"><h1 class=\"uagb-heading-text\">Wenn Philosophen herrschen<\/h1><\/div>\n\n\n\n<div class=\"wp-block-uagb-container uagb-block-cd80a8fd\">\n<div class=\"wp-block-uagb-advanced-heading uagb-block-9771a27a\"><div class=\"uagb-heading-text\"><strong>Der einzige Philosoph, der ein bedeutender Herrscher wurde, war Mark Aurel. In den Jahren 161-180 r\u00f6mischer Kaiser, war er zugleich einer der bedeutendsten Vertreter der stoischen Philosophie.<\/strong><\/div><\/div>\n<\/div>\n<\/div>\n<\/div>\n\n\n\n<div class=\"wp-block-uagb-container uagb-block-f8090d74\">\n<div class=\"wp-block-uagb-container uagb-block-2b8ef154 alignfull uagb-is-root-container\"><div class=\"uagb-container-inner-blocks-wrap\">\n<div class=\"wp-block-uagb-image uagb-block-9b0bee10 wp-block-uagb-image--layout-default wp-block-uagb-image--effect-static wp-block-uagb-image--align-none uag-hide-mob\"><figure class=\"wp-block-uagb-image__figure\"><img decoding=\"async\"  sizes=\"auto, (max-width: 480px) 150px\" src=\"https:\/\/museum-der-philosophie.de\/wp-content\/uploads\/2024\/02\/800px-Statua_Marco_Aurelio_Musei_Capitolini_Fronte_1_-removebg-preview-e1707493637335.png\" alt=\"\" width=\"432\" height=\"498\" title=\"\" loading=\"lazy\" role=\"img\"\/><\/figure><\/div>\n\n\n\n<p class=\"has-text-align-center has-white-color has-text-color has-link-color wp-elements-eef6dc2ac9d8342e77307cb10157616c\" style=\"font-size:19px\"><em>Wenn nicht entweder <br><strong><big>die Philosophen K\u00f6nige <\/big><\/strong><\/em><br><em>oder die K\u00f6nige Philosophen werden, <br>und wenn nicht <br><strong><big>die politische Macht und die Philosophie zusammenfallen <\/big><\/strong><br>und all jene, die heute ausschlie\u00dflich nach dem einen oder dem anderen streben, <br>zwingend ausgeschlossen werden, <\/em><br><em>dann gibt es <\/em><br><em><strong><big>kein Ende der \u00dcbel f\u00fcr die Staaten und f\u00fcr die Menschheit.<\/big><\/strong><\/em><br>Platon<\/p>\n\n\n\n<div class=\"wp-block-uagb-image uagb-block-79af3c68 wp-block-uagb-image--layout-overlay wp-block-uagb-image--effect-static wp-block-uagb-image--align-none uag-hide-mob\"><figure class=\"wp-block-uagb-image__figure\"><img decoding=\"async\" srcset=\"https:\/\/museum-der-philosophie.de\/wp-content\/uploads\/2024\/03\/platon-politea-fragment.png ,https:\/\/museum-der-philosophie.de\/wp-content\/uploads\/2024\/03\/platon-politea-fragment.png 780w, https:\/\/museum-der-philosophie.de\/wp-content\/uploads\/2024\/03\/platon-politea-fragment.png 360w\" sizes=\"auto, (max-width: 480px) 150px\" src=\"https:\/\/museum-der-philosophie.de\/wp-content\/uploads\/2024\/03\/platon-politea-fragment.png\" alt=\"\" class=\"uag-image-7997\" width=\"486\" height=\"513\" title=\"platon politea fragment\" loading=\"lazy\" role=\"img\"\/><div class=\"wp-block-uagb-image--layout-overlay__color-wrapper\"><\/div><div class=\"wp-block-uagb-image--layout-overlay__inner center-center\"><figcaption class=\"uagb-image-caption\"><img loading=\"lazy\" decoding=\"async\" srcset=\"https:\/\/museum-der-philosophie.de\/wp-content\/uploads\/2024\/03\/platon-politea-fragment.png \" width=\"486\" height=\"513\" src=\"https:\/\/museum-der-philosophie.de\/wp-content\/uploads\/2024\/03\/platon-politea-fragment.png\" alt=\"\"><br>Fragment aus Platons &#8222;Politeia&#8220;<\/figcaption><\/div><\/figure><\/div>\n<\/div><\/div>\n\n\n\n<div class=\"wp-block-uagb-container uagb-block-baef1910\">\n<div class=\"wp-block-uagb-container uag-hide-mob uagb-block-3bc69a76\">\n<div class=\"wp-block-uagb-container uagb-block-e8ae3825\">\n<p class=\"has-white-color has-text-color has-link-color wp-elements-2cdecb565943b5dfe6345b4f97046bff\">Bekannt ist Mark Aurel vor allem durch seine <strong>&#8222;Selbstbetrachtungen&#8220;<\/strong>, die er w\u00e4hrend der zahlreichen Feldz\u00fcge verfasste. Sie geh\u00f6ren zu den ber\u00fchmtesten Werken antiker Philosophie.<\/p>\n\n\n\n<div class=\"wp-block-uagb-container uagb-block-a84ad00a default uagb-is-root-container\">\n<div class=\"wp-block-uagb-modal uagb-block-9e4a4387 uagb-modal-wrapper\" data-escpress=\"enable\" data-overlayclick=\"enable\"><img decoding=\"async\" src=\"https:\/\/museum-der-philosophie.de\/wp-content\/uploads\/2023\/11\/3-punkte.gif\" alt=\"\" class=\"uagb-modal-trigger\" width=\"300\" height=\"184\" loading=\"lazy\"\/><div class=\"uagb-effect-default uagb-modal-popup uagb-block-9e4a4387 uagb-modal-type-undefined\"><div class=\"uagb-modal-popup-wrap\"><div class=\"uagb-modal-popup-content\">\n<figure class=\"wp-block-image size-full\"><img loading=\"lazy\" decoding=\"async\" width=\"550\" height=\"443\" src=\"https:\/\/museum-der-philosophie.de\/wp-content\/uploads\/2023\/04\/mark-aurel-sb.png\" alt=\"\" class=\"wp-image-2969\" srcset=\"https:\/\/museum-der-philosophie.de\/wp-content\/uploads\/2023\/04\/mark-aurel-sb.png 550w, https:\/\/museum-der-philosophie.de\/wp-content\/uploads\/2023\/04\/mark-aurel-sb-300x242.png 300w\" sizes=\"auto, (max-width: 550px) 100vw, 550px\" \/><\/figure>\n\n\n\n<p>Die &#8222;Selbstbetrachtungen&#8220; von Mark Aurel, auch bekannt als &#8222;Die Gedanken des Kaisers Mark Aurel Antoninus&#8220;, sind eine Sammlung von pers\u00f6nlichen Notizen und Reflexionen, die der r\u00f6mische Kaiser Mark Aurel w\u00e4hrend seiner Regierungszeit niedergeschrieben hat. <br>Mark Aurel war ein Sch\u00fcler der Stoischen Philosophie, und die &#8222;Selbstbetrachtungen&#8220; reflektieren die Prinzipien dieser Lehre. Die Stoiker glaubten an die Notwendigkeit der Selbstbeherrschung, der Akzeptanz des Schicksals und der Tugend als h\u00f6chstem Gut. In den &#8222;Selbstbetrachtungen&#8220; denkt Mark Aurel \u00fcber Themen wie die Verg\u00e4nglichkeit des Lebens, die Kontrolle \u00fcber die eigenen Gedanken und Handlungen sowie die Bedeutung von Tugend und Moral nach.<\/p>\n\n\n\n<p class=\"has-text-align-center\" style=\"font-size:20px\"><strong><em>Was dem Staat nicht sch\u00e4dlich ist, besch\u00e4digt auch den B\u00fcrger nicht.<\/em><\/strong><\/p>\n\n\n\n<p>Mark Aurel betrachtete sich selbst nicht nur als Kaiser, sondern auch als Philosophenk\u00f6nig. Er strebte danach, seine Macht und Autorit\u00e4t in Einklang mit den Prinzipien der Stoiker zu nutzen. Die &#8222;Selbstbetrachtungen&#8220; zeigen, wie er sich selbst disziplinierte, um als gerechter Herrscher zu regieren und pers\u00f6nlich moralisch zu handeln. <\/p>\n\n\n\n<p class=\"has-text-align-center\" style=\"font-size:20px\"><strong><em>Wer das Unrecht nicht&nbsp;verbietet, wenn er kann, der befiehlt es.<\/em><\/strong><\/p>\n\n\n\n<p>Obwohl Mark Aurel ein m\u00e4chtiger Kaiser war, zeigt er in seinen Schriften auch eine bemerkenswerte Menschlichkeit und Mitgef\u00fchl. Er betont die Idee der Br\u00fcderlichkeit aller Menschen und erinnert sich oft daran, dass auch diejenigen, die Fehler machen, eine Art von Leid erfahren. Diese empathische Haltung spiegelt sich in seinem Verst\u00e4ndnis der menschlichen Natur wider und pr\u00e4gt seine politische Philosophie.<\/p>\n\n\n\n<p class=\"has-text-align-center\" style=\"font-size:20px\"><strong><em>Alexander der Gro\u00dfe und sein Maultiertreiber sind durch ihren Tod in den gleichen Zustand versetzt worden.<\/em><\/strong><\/p>\n\n\n\n<p>Ein zentrales Thema in den &#8222;Selbstbetrachtungen&#8220; ist die Idee der Resilienz und Gelassenheit inmitten von Herausforderungen und Schwierigkeiten. Mark Aurel ermutigt sich selbst und andere, ruhig und besonnen zu bleiben, auch wenn das Leben unvorhersehbare Ereignisse und Hindernisse mit sich bringt. Diese Haltung der Gelassenheit ist eine der Grundlagen der stoischen Philosophie.<\/p>\n\n\n\n<p class=\"has-text-align-center\" style=\"font-size:20px\"><strong><em>Diese Gurke ist bitter. Nun, so wirf sie weg. Hier sind Dorngestr\u00e4uche am Weg. Weiche ihnen aus. Das ist alles. Frage nicht noch: Wozu gibt es solche Dinge in der Welt?<\/em><\/strong><\/p>\n<\/div><button class=\"uagb-modal-popup-close\" aria-label=\"Close Modal\"><svg xmlns=\"https:\/\/www.w3.org\/2000\/svg\" viewBox=\"0 0 320 512\"><path d=\"M310.6 361.4c12.5 12.5 12.5 32.75 0 45.25C304.4 412.9 296.2 416 288 416s-16.38-3.125-22.62-9.375L160 301.3L54.63 406.6C48.38 412.9 40.19 416 32 416S15.63 412.9 9.375 406.6c-12.5-12.5-12.5-32.75 0-45.25l105.4-105.4L9.375 150.6c-12.5-12.5-12.5-32.75 0-45.25s32.75-12.5 45.25 0L160 210.8l105.4-105.4c12.5-12.5 32.75-12.5 45.25 0s12.5 32.75 0 45.25l-105.4 105.4L310.6 361.4z\"><\/path><\/svg><\/button><\/div><\/div><\/div>\n<\/div>\n<\/div>\n\n\n\n<div class=\"wp-block-uagb-modal uagb-block-935d1505 uagb-modal-wrapper\" data-escpress=\"enable\" data-overlayclick=\"enable\"><span class=\"uagb-modal-text uagb-modal-trigger\">Bildnachweis<\/span><div class=\"uagb-effect-default uagb-modal-popup uagb-block-935d1505 uagb-modal-type-undefined\"><div class=\"uagb-modal-popup-wrap\"><div class=\"uagb-modal-popup-content\">\n<p style=\"font-size:15px\"><strong>Bildnachweis<\/strong><br>Reiterstatue Mark Aurel: Rosco~commonswiki (<a href=\"https:\/\/creativecommons.org\/licenses\/by-sa\/2.5\/deed.de\" target=\"_blank\" rel=\"noreferrer noopener\">CC BY-SA 2.5 DEED<\/a>)<br>Buch Betrachtungen: Gerd Thiele (<a href=\"https:\/\/creativecommons.org\/licenses\/by-sa\/2.0\/de\/deed.en\" target=\"_blank\" rel=\"noreferrer noopener\">CC BY-SA 2.0 DE<\/a>)<br>Relief Mark Aurel begnadigt Germanenh\u00e4uptlinge (<a href=\"https:\/\/commons.wikimedia.org\/wiki\/Commons:GNU_Free_Documentation_License,_version_1.2\" target=\"_blank\" rel=\"noreferrer noopener\">GNU Free Documentation License<\/a>)<br>alle anderen Bilder gemeinfrei (public domain)<\/p>\n\n\n\n<p><\/p>\n<\/div><button class=\"uagb-modal-popup-close\" aria-label=\"Close Modal\"><svg xmlns=\"https:\/\/www.w3.org\/2000\/svg\" viewBox=\"0 0 320 512\"><path d=\"M310.6 361.4c12.5 12.5 12.5 32.75 0 45.25C304.4 412.9 296.2 416 288 416s-16.38-3.125-22.62-9.375L160 301.3L54.63 406.6C48.38 412.9 40.19 416 32 416S15.63 412.9 9.375 406.6c-12.5-12.5-12.5-32.75 0-45.25l105.4-105.4L9.375 150.6c-12.5-12.5-12.5-32.75 0-45.25s32.75-12.5 45.25 0L160 210.8l105.4-105.4c12.5-12.5 32.75-12.5 45.25 0s12.5 32.75 0 45.25l-105.4 105.4L310.6 361.4z\"><\/path><\/svg><\/button><\/div><\/div><\/div>\n<\/div>\n\n\n\n<div class=\"wp-block-uagb-container uag-hide-mob uagb-block-035db65a\">\n<div class=\"wp-block-uagb-image uagb-block-b59dbab9 wp-block-uagb-image--layout-overlay wp-block-uagb-image--effect-static wp-block-uagb-image--align-none\"><figure class=\"wp-block-uagb-image__figure\"><img decoding=\"async\"  sizes=\"auto, (max-width: 480px) 150px\" src=\"https:\/\/museum-der-philosophie.de\/wp-content\/uploads\/2023\/04\/Marco_aurelio_e_barbaros_-_museus_capitolinos1.jpg\" alt=\"\" width=\"495\" height=\"640\" title=\"\" loading=\"lazy\" role=\"img\"\/><div class=\"wp-block-uagb-image--layout-overlay__color-wrapper\"><\/div><div class=\"wp-block-uagb-image--layout-overlay__inner center-center\"><figcaption class=\"uagb-image-caption\">Mark Aurel begnadigt Germanenh\u00e4uptlinge<br>(Relief, Rom, Kapitolinische Museen)<\/figcaption><\/div><\/figure><\/div>\n<\/div>\n\n\n\n<div class=\"wp-block-uagb-container uagb-block-548462bf\">\n<div class=\"wp-block-uagb-container uagb-block-e984f28a\">\n<p class=\"has-white-color has-text-color has-link-color wp-elements-d87dca69f99c7d3577d68662f40778ff\">Platons Idee der Philosophenherrschaft wurde \u00fcber die Jahrhunderte hinweg heftig diskutiert. Erprobt wurde sie nie, zumindest nicht in der Ausgestaltung, wie Platon sie formuliert hatte. <\/p>\n\n\n\n<div class=\"wp-block-uagb-container uagb-block-10da7903\">\n<div class=\"wp-block-uagb-container uagb-block-3e90de50\">\n<div class=\"wp-block-uagb-modal uagb-block-8a3bc2bb uagb-modal-wrapper\" data-escpress=\"enable\" data-overlayclick=\"enable\"><img decoding=\"async\" src=\"https:\/\/museum-der-philosophie.de\/wp-content\/uploads\/2023\/11\/3-punkte.gif\" alt=\"\" class=\"uagb-modal-trigger\" width=\"300\" height=\"184\" loading=\"lazy\"\/><div class=\"uagb-effect-default uagb-modal-popup uagb-block-8a3bc2bb uagb-modal-type-undefined\"><div class=\"uagb-modal-popup-wrap\"><div class=\"uagb-modal-popup-content\">\n<p>Platons Idee der Philosophenherrschaft, wie sie in seinem Werk &#8222;Der Staat&#8220; dargelegt ist, postuliert, dass die ideale Regierung von Philosophenk\u00f6nigen gef\u00fchrt werden sollte. Diese Herrscherklasse soll durch ihre Liebe zur Wahrheit und ihrem Streben nach Weisheit die F\u00e4higkeit besitzen, die Gesellschaft gerecht und zum Wohl aller zu lenken. <\/p>\n\n\n\n<p>Platon pr\u00e4ferierte diese Herrschaftsform gegen\u00fcber der Demokratie, weil diese seiner Ansicht nach zu Instabilit\u00e4t und Unordnung f\u00fchrt, da sie von den Launen und W\u00fcnschen der Mehrheit abh\u00e4ngig ist, die sich schnell \u00e4ndern k\u00f6nnen. Er argumentierte auch, dass die Demokratie die Gefahr birgt, dass unqualifizierte oder populistische F\u00fchrer an die Macht gelangen, die nicht die notwendige Weisheit und Kompetenz besitzen, um das Gemeinwohl zu f\u00f6rdern, sondern an jene, die die Massen am besten manipulieren k\u00f6nnen.<\/p>\n\n\n\n<p>Platon argumentiert, dass die Philosophenherrschaft aufgrund der nat\u00fcrlichen F\u00e4higkeit der Philosophen, das Gute zu erkennen und danach zu handeln, \u00fcberlegen sei. Da Philosophen nach Wahrheit und Weisheit streben und nicht von den Begierden oder egoistischen Motiven beeinflusst werden, w\u00fcrden sie in der Lage sein, gerechte und weise Entscheidungen zum Wohl der gesamten Gesellschaft zu treffen.<\/p>\n\n\n\n<p>Platon schlug vor, dass die Philosophenk\u00f6nige durch ein strenges Auswahlverfahren berufen werden, das  ihre nat\u00fcrlichen Neigung zur Philosophie, ihre intellektuellen F\u00e4higkeit und ihre moralische Integrit\u00e4t bewertet. Dieses Verfahren sollte eine umfassende Ausbildung in Mathematik, Dialektik, Ethik und anderen philosophischen Disziplinen beinhalten, um sicherzustellen, dass die Kandidaten die notwendigen F\u00e4higkeiten und Kenntnisse f\u00fcr die Herrschaft erlangen, die sie vern\u00fcnftige und moralisch richtige Entscheidungen treffen lassen, ohne von Begierden oder Egoismus beeinflusst zu werden.<\/p>\n\n\n\n<div class=\"wp-block-uagb-container uagb-block-d26afcfc\">\n<p class=\"has-text-align-center\">Platons Idee der Philosophenherrschaft wurde zu allen Zeiten \u00fcberwiegend abgelehnt oder als utopisch angesehen.<\/p>\n\n\n\n<div class=\"wp-block-uagb-container uagb-block-8c21e5b5\">\n<div class=\"wp-block-uagb-container uagb-block-2743d3d9\">\n<p class=\"has-text-align-center\"><strong><em>Dass K\u00f6nige philosophieren, oder Philosophen K\u00f6nige w\u00fcrden, ist nicht zu erwarten, aber auch nicht zu w\u00fcnschen; weil der Besitz der Gewalt das freie Urteil der Vernunft unvermeidlich verdirbt.<\/em><\/strong><br><sup>Immanuel Kant<\/sup><\/p>\n\n\n\n<p class=\"has-text-align-center\"><strong><em>Wenn ich eine franz\u00f6sische Provinz zu bestrafen h\u00e4tte, w\u00fcrde ich sie von einem Philosophen regieren lassen.<\/em><\/strong><br><sup>Georges Clemenceau<\/sup><\/p>\n<\/div>\n\n\n\n<div class=\"wp-block-uagb-container uagb-block-4062908b\">\n<p class=\"has-text-align-center\"><strong><em>Das w\u00e4re mir die rechte H\u00f6he, &nbsp;&nbsp;<\/em><\/strong><br><strong><em>Da zu befehlen, wo ich nichts verstehe!<\/em><\/strong><br><sup>J.W. Goethe<\/sup><\/p>\n\n\n\n<p class=\"has-text-align-center\"><em style=\"\"><b>Es scheint mir Wahnsinn, alle unsere politischen Bem\u00fchungen auf die schwache Hoffnung zu gr\u00fcnden, <\/b><\/em><strong><em>dass die Auswahl hervorragender oder auch nur kompetenter Herrscher von Erfolg begleitet sein wird.<\/em><\/strong><br><sup>Karl Popper<\/sup><\/p>\n<\/div>\n<\/div>\n<\/div>\n<\/div><button class=\"uagb-modal-popup-close\" aria-label=\"Close Modal\"><svg xmlns=\"https:\/\/www.w3.org\/2000\/svg\" viewBox=\"0 0 320 512\"><path d=\"M310.6 361.4c12.5 12.5 12.5 32.75 0 45.25C304.4 412.9 296.2 416 288 416s-16.38-3.125-22.62-9.375L160 301.3L54.63 406.6C48.38 412.9 40.19 416 32 416S15.63 412.9 9.375 406.6c-12.5-12.5-12.5-32.75 0-45.25l105.4-105.4L9.375 150.6c-12.5-12.5-12.5-32.75 0-45.25s32.75-12.5 45.25 0L160 210.8l105.4-105.4c12.5-12.5 32.75-12.5 45.25 0s12.5 32.75 0 45.25l-105.4 105.4L310.6 361.4z\"><\/path><\/svg><\/button><\/div><\/div><\/div>\n<\/div>\n<\/div>\n<\/div>\n\n\n\n<div class=\"wp-block-uagb-modal uagb-block-ad3ca17f uagb-modal-wrapper\" data-escpress=\"enable\" data-overlayclick=\"enable\"><span class=\"uagb-modal-text uagb-modal-trigger\">Zitatnachweis<\/span><div class=\"uagb-effect-default uagb-modal-popup uagb-block-ad3ca17f uagb-modal-type-undefined\"><div class=\"uagb-modal-popup-wrap\"><div class=\"uagb-modal-popup-content\">\n<p style=\"font-size:15px\"><strong>Zitatnachweis<\/strong><br>Platon (Wenn nicht entweder die Philosophen K\u00f6nige): &#8222;Politea&#8220; Buch V <br>Immanuel Kant (Dass K\u00f6nige philosophieren): &#8222;Zum ewigen Frieden&#8220; (1795)<br>J.W. Goethe (Das w\u00e4re mir die rechte H\u00f6he): &#8222;Faust&#8220; II (1832)<br>Georges Clemenceau (Wenn ich eine franz\u00f6sische Provinz) &#8211; Quelle nicht gefunden<br>Karl Popper (Es scheint mir Wahnsinn): &#8222;Die offene Gesellschaft und ihre Feinde&#8220; Bd.1 (1945)<\/p>\n<\/div><button class=\"uagb-modal-popup-close\" aria-label=\"Close Modal\"><svg xmlns=\"https:\/\/www.w3.org\/2000\/svg\" viewBox=\"0 0 320 512\"><path d=\"M310.6 361.4c12.5 12.5 12.5 32.75 0 45.25C304.4 412.9 296.2 416 288 416s-16.38-3.125-22.62-9.375L160 301.3L54.63 406.6C48.38 412.9 40.19 416 32 416S15.63 412.9 9.375 406.6c-12.5-12.5-12.5-32.75 0-45.25l105.4-105.4L9.375 150.6c-12.5-12.5-12.5-32.75 0-45.25s32.75-12.5 45.25 0L160 210.8l105.4-105.4c12.5-12.5 32.75-12.5 45.25 0s12.5 32.75 0 45.25l-105.4 105.4L310.6 361.4z\"><\/path><\/svg><\/button><\/div><\/div><\/div>\n<\/div>\n<\/div>\n<\/div>\n\n\n\n<div class=\"wp-block-uagb-container uag-hide-mob uagb-block-745fd470\">\n<div class=\"wp-block-uagb-container uagb-block-4d8fa3b5\">\n<p class=\"has-text-align-center has-black-color has-text-color has-link-color wp-elements-df11ef9f998d21e3fe474406fc359e80\">In der Geschichte gab es immer wieder Machthaber, die zwar keine Philosophenk\u00f6nige waren, aber als <em><strong>aufgekl\u00e4rte Herrscher<\/strong><\/em> bekannt sind.<\/p>\n\n\n\n<div class=\"wp-block-columns are-vertically-aligned-center is-layout-flex wp-container-core-columns-is-layout-9d6595d7 wp-block-columns-is-layout-flex\">\n<div class=\"wp-block-column is-vertically-aligned-center is-layout-flow wp-block-column-is-layout-flow\">\n<div class=\"wp-block-uagb-modal uagb-block-5510628e uagb-modal-wrapper\" data-escpress=\"enable\" data-overlayclick=\"enable\"><img decoding=\"async\" src=\"https:\/\/museum-der-philosophie.de\/wp-content\/uploads\/2024\/02\/Karl-der-grosse1-e1707498766380.jpg\" alt=\"\" class=\"uagb-modal-trigger\" width=\"412\" height=\"588\" loading=\"lazy\"\/><div class=\"uagb-effect-default uagb-modal-popup uagb-block-5510628e uagb-modal-type-undefined\"><div class=\"uagb-modal-popup-wrap\"><div class=\"uagb-modal-popup-content\">\n<p><strong>Karl der Gro\u00dfe (742-814)<\/strong><\/p>\n\n\n\n<p>Karl der Gro\u00dfe, auch bekannt als Karl I., war K\u00f6nig der Franken und sp\u00e4ter Kaiser des Fr\u00e4nkischen Reiches (Karolingisches Reich) von 768 bis zu seinem Tod 814. Er f\u00f6rderte Bildung und Kultur in seinem Reich, gr\u00fcndete Schulen und unterst\u00fctzte Gelehrte wie Alkuin von York. Seine Bem\u00fchungen trugen zur Karolingischen Renaissance bei, einer Wiederbelebung des Lernens und der Kultur im fr\u00e4nkischen Reich.<\/p>\n<\/div><button class=\"uagb-modal-popup-close\" aria-label=\"Close Modal\"><svg xmlns=\"https:\/\/www.w3.org\/2000\/svg\" viewBox=\"0 0 320 512\"><path d=\"M310.6 361.4c12.5 12.5 12.5 32.75 0 45.25C304.4 412.9 296.2 416 288 416s-16.38-3.125-22.62-9.375L160 301.3L54.63 406.6C48.38 412.9 40.19 416 32 416S15.63 412.9 9.375 406.6c-12.5-12.5-12.5-32.75 0-45.25l105.4-105.4L9.375 150.6c-12.5-12.5-12.5-32.75 0-45.25s32.75-12.5 45.25 0L160 210.8l105.4-105.4c12.5-12.5 32.75-12.5 45.25 0s12.5 32.75 0 45.25l-105.4 105.4L310.6 361.4z\"><\/path><\/svg><\/button><\/div><\/div><\/div>\n<\/div>\n\n\n\n<div class=\"wp-block-column is-vertically-aligned-center is-layout-flow wp-block-column-is-layout-flow\">\n<div class=\"wp-block-uagb-modal uagb-block-8dbcc10a uagb-modal-wrapper\" data-escpress=\"enable\" data-overlayclick=\"enable\"><img decoding=\"async\" src=\"https:\/\/museum-der-philosophie.de\/wp-content\/uploads\/2024\/02\/alfonso-kastilien.jpeg\" alt=\"\" class=\"uagb-modal-trigger\" width=\"195\" height=\"258\" loading=\"lazy\"\/><div class=\"uagb-effect-default uagb-modal-popup uagb-block-8dbcc10a uagb-modal-type-undefined\"><div class=\"uagb-modal-popup-wrap\"><div class=\"uagb-modal-popup-content\">\n<p><strong>Alfonso X. von Kastilien (1221-1284)<\/strong><\/p>\n\n\n\n<p>Alfonso X., bekannt als Alfonso der Weise, war K\u00f6nig von Kastilien und Le\u00f3n von 1252 bis 1284. Er war ein F\u00f6rderer der Wissenschaften und der K\u00fcnste und lie\u00df zahlreiche literarische und wissenschaftliche Werke ins Spanische \u00fcbersetzen. Er gr\u00fcndete auch die ber\u00fchmte Schule von \u00dcbersetzern in Toledo, wo arabische, hebr\u00e4ische und griechische Texte ins Lateinische \u00fcbersetzt wurden.<\/p>\n<\/div><button class=\"uagb-modal-popup-close\" aria-label=\"Close Modal\"><svg xmlns=\"https:\/\/www.w3.org\/2000\/svg\" viewBox=\"0 0 320 512\"><path d=\"M310.6 361.4c12.5 12.5 12.5 32.75 0 45.25C304.4 412.9 296.2 416 288 416s-16.38-3.125-22.62-9.375L160 301.3L54.63 406.6C48.38 412.9 40.19 416 32 416S15.63 412.9 9.375 406.6c-12.5-12.5-12.5-32.75 0-45.25l105.4-105.4L9.375 150.6c-12.5-12.5-12.5-32.75 0-45.25s32.75-12.5 45.25 0L160 210.8l105.4-105.4c12.5-12.5 32.75-12.5 45.25 0s12.5 32.75 0 45.25l-105.4 105.4L310.6 361.4z\"><\/path><\/svg><\/button><\/div><\/div><\/div>\n<\/div>\n<\/div>\n\n\n\n<div class=\"wp-block-columns are-vertically-aligned-center is-layout-flex wp-container-core-columns-is-layout-9d6595d7 wp-block-columns-is-layout-flex\">\n<div class=\"wp-block-column is-vertically-aligned-center is-layout-flow wp-block-column-is-layout-flow\">\n<div class=\"wp-block-uagb-modal uagb-block-ca0d49a5 uagb-modal-wrapper\" data-escpress=\"enable\" data-overlayclick=\"enable\"><img decoding=\"async\" src=\"https:\/\/museum-der-philosophie.de\/wp-content\/uploads\/2024\/02\/Friedrich_Zweite_Alt1.jpg\" alt=\"\" class=\"uagb-modal-trigger\" width=\"1048\" height=\"1321\" loading=\"lazy\"\/><div class=\"uagb-effect-default uagb-modal-popup uagb-block-ca0d49a5 uagb-modal-type-undefined\"><div class=\"uagb-modal-popup-wrap\"><div class=\"uagb-modal-popup-content\">\n<p><strong>Friedrich II. von Preu\u00dfen (1712-1786)<\/strong><\/p>\n\n\n\n<p>Friedrich der Gro\u00dfe, auch als &#8222;Der Alte Fritz&#8220; bekannt, regierte Preu\u00dfen von 1740 bis 1786. Er war ein Anh\u00e4nger der Aufkl\u00e4rung und f\u00fchrte Reformen im Bereich der Justiz, Bildung und Landwirtschaft durch. Friedrich unterst\u00fctzte auch die Religionsfreiheit und f\u00f6rderte die K\u00fcnste.<\/p>\n<\/div><button class=\"uagb-modal-popup-close\" aria-label=\"Close Modal\"><svg xmlns=\"https:\/\/www.w3.org\/2000\/svg\" viewBox=\"0 0 320 512\"><path d=\"M310.6 361.4c12.5 12.5 12.5 32.75 0 45.25C304.4 412.9 296.2 416 288 416s-16.38-3.125-22.62-9.375L160 301.3L54.63 406.6C48.38 412.9 40.19 416 32 416S15.63 412.9 9.375 406.6c-12.5-12.5-12.5-32.75 0-45.25l105.4-105.4L9.375 150.6c-12.5-12.5-12.5-32.75 0-45.25s32.75-12.5 45.25 0L160 210.8l105.4-105.4c12.5-12.5 32.75-12.5 45.25 0s12.5 32.75 0 45.25l-105.4 105.4L310.6 361.4z\"><\/path><\/svg><\/button><\/div><\/div><\/div>\n<\/div>\n\n\n\n<div class=\"wp-block-column is-vertically-aligned-center is-layout-flow wp-block-column-is-layout-flow\">\n<div class=\"wp-block-uagb-modal uagb-block-591002e5 uagb-modal-wrapper\" data-escpress=\"enable\" data-overlayclick=\"enable\"><img decoding=\"async\" src=\"https:\/\/museum-der-philosophie.de\/wp-content\/uploads\/2024\/02\/381px-Jose_del_Castillo._Retrato_de_Carlos_III_con_traje_de_corte1.jpg\" alt=\"\" class=\"uagb-modal-trigger\" width=\"381\" height=\"480\" loading=\"lazy\"\/><div class=\"uagb-effect-default uagb-modal-popup uagb-block-591002e5 uagb-modal-type-undefined\"><div class=\"uagb-modal-popup-wrap\"><div class=\"uagb-modal-popup-content\">\n<p><strong>Karl III. von Spanien (1716-1788)<\/strong><\/p>\n\n\n\n<p>Karl III. regierte von 1759 bis 1788 und f\u00fchrte in Spanien wirtschaftliche und administrative Reformen durch. Sein besonderes Anliegen war es, die B\u00fcrokratie zu modernisieren, das Bildungssystem zu verbessern und Handel und Landwirtschaft zu f\u00f6rdern.<\/p>\n<\/div><button class=\"uagb-modal-popup-close\" aria-label=\"Close Modal\"><svg xmlns=\"https:\/\/www.w3.org\/2000\/svg\" viewBox=\"0 0 320 512\"><path d=\"M310.6 361.4c12.5 12.5 12.5 32.75 0 45.25C304.4 412.9 296.2 416 288 416s-16.38-3.125-22.62-9.375L160 301.3L54.63 406.6C48.38 412.9 40.19 416 32 416S15.63 412.9 9.375 406.6c-12.5-12.5-12.5-32.75 0-45.25l105.4-105.4L9.375 150.6c-12.5-12.5-12.5-32.75 0-45.25s32.75-12.5 45.25 0L160 210.8l105.4-105.4c12.5-12.5 32.75-12.5 45.25 0s12.5 32.75 0 45.25l-105.4 105.4L310.6 361.4z\"><\/path><\/svg><\/button><\/div><\/div><\/div>\n<\/div>\n<\/div>\n\n\n\n<div class=\"wp-block-columns are-vertically-aligned-center is-layout-flex wp-container-core-columns-is-layout-9d6595d7 wp-block-columns-is-layout-flex\">\n<div class=\"wp-block-column is-vertically-aligned-center is-layout-flow wp-block-column-is-layout-flow\">\n<div class=\"wp-block-uagb-modal uagb-block-f16e319e uagb-modal-wrapper\" data-escpress=\"enable\" data-overlayclick=\"enable\"><img decoding=\"async\" src=\"https:\/\/museum-der-philosophie.de\/wp-content\/uploads\/2024\/02\/640px-Catherine_II_by_J.B.Lampi_1780s_Kunsthistorisches_Museum1.jpg\" alt=\"\" class=\"uagb-modal-trigger\" width=\"640\" height=\"763\" loading=\"lazy\"\/><div class=\"uagb-effect-default uagb-modal-popup uagb-block-f16e319e uagb-modal-type-undefined\"><div class=\"uagb-modal-popup-wrap\"><div class=\"uagb-modal-popup-content\">\n<p><strong>Katharina die Gro\u00dfe von Russland (1729-1796)<\/strong><\/p>\n\n\n\n<p>Katharina II. regierte das russische Reich von 1762 bis 1796. Sie versuchte, eine umfassende Modernisierung durchzuf\u00fchren und reformierte das Rechtssystem, die Verwaltung und das Bildungssystem. Sie korrespondierte auch mit einigen der f\u00fchrenden K\u00f6pfe der europ\u00e4ischen Aufkl\u00e4rung.<\/p>\n<\/div><button class=\"uagb-modal-popup-close\" aria-label=\"Close Modal\"><svg xmlns=\"https:\/\/www.w3.org\/2000\/svg\" viewBox=\"0 0 320 512\"><path d=\"M310.6 361.4c12.5 12.5 12.5 32.75 0 45.25C304.4 412.9 296.2 416 288 416s-16.38-3.125-22.62-9.375L160 301.3L54.63 406.6C48.38 412.9 40.19 416 32 416S15.63 412.9 9.375 406.6c-12.5-12.5-12.5-32.75 0-45.25l105.4-105.4L9.375 150.6c-12.5-12.5-12.5-32.75 0-45.25s32.75-12.5 45.25 0L160 210.8l105.4-105.4c12.5-12.5 32.75-12.5 45.25 0s12.5 32.75 0 45.25l-105.4 105.4L310.6 361.4z\"><\/path><\/svg><\/button><\/div><\/div><\/div>\n<\/div>\n\n\n\n<div class=\"wp-block-column is-vertically-aligned-center is-layout-flow wp-block-column-is-layout-flow\">\n<div class=\"wp-block-uagb-modal uagb-block-826fb778 uagb-modal-wrapper\" data-escpress=\"enable\" data-overlayclick=\"enable\"><img decoding=\"async\" src=\"https:\/\/museum-der-philosophie.de\/wp-content\/uploads\/2024\/02\/standard_compressed_Carl_von_Sales_Bildnis_Joseph_II_posthum_1823_1_1.jpg\" alt=\"\" class=\"uagb-modal-trigger\" width=\"940\" height=\"1200\" loading=\"lazy\"\/><div class=\"uagb-effect-default uagb-modal-popup uagb-block-826fb778 uagb-modal-type-undefined\"><div class=\"uagb-modal-popup-wrap\"><div class=\"uagb-modal-popup-content\">\n<p><strong>Joseph II. von \u00d6sterreich (1741-1790)<\/strong><\/p>\n\n\n\n<p>Joseph II., Kaiser des Heiligen R\u00f6mischen Reiches von 1765 bis 1790, unternahm viele Reformen, um das Leben seiner Untertanen zu verbessern. Er erlie\u00df Gesetze zur Religionsfreiheit, f\u00fchrte eine Justizreform durch und unterst\u00fctzte Bildungsinitiativen.<\/p>\n<\/div><button class=\"uagb-modal-popup-close\" aria-label=\"Close Modal\"><svg xmlns=\"https:\/\/www.w3.org\/2000\/svg\" viewBox=\"0 0 320 512\"><path d=\"M310.6 361.4c12.5 12.5 12.5 32.75 0 45.25C304.4 412.9 296.2 416 288 416s-16.38-3.125-22.62-9.375L160 301.3L54.63 406.6C48.38 412.9 40.19 416 32 416S15.63 412.9 9.375 406.6c-12.5-12.5-12.5-32.75 0-45.25l105.4-105.4L9.375 150.6c-12.5-12.5-12.5-32.75 0-45.25s32.75-12.5 45.25 0L160 210.8l105.4-105.4c12.5-12.5 32.75-12.5 45.25 0s12.5 32.75 0 45.25l-105.4 105.4L310.6 361.4z\"><\/path><\/svg><\/button><\/div><\/div><\/div>\n<\/div>\n<\/div>\n<\/div>\n<\/div>\n<\/div>\n","protected":false},"excerpt":{"rendered":"<p>Platons Idee der Philosophenherrschaft wurde \u00fcber die Jahrhunderte hinweg heftig diskutiert. Erprobt wurde sie nie, zumindest nicht in der Ausgestaltung, wie Platon sie formuliert hatte.<br \/>\nDer einzige Philosoph, der ein bedeutender Herrscher wurde, war Mark Aurel.<\/p>\n","protected":false},"author":1,"featured_media":7857,"comment_status":"closed","ping_status":"closed","sticky":false,"template":"template-page-builder-no-header-footer.php","format":"standard","meta":{"_uag_custom_page_level_css":"","footnotes":""},"categories":[108,1],"tags":[86,145,144],"class_list":["post-2968","post","type-post","status-publish","format-standard","has-post-thumbnail","hentry","category-ideen-und-theorien","category-objekte","tag-antike","tag-herrschaft","tag-mark-aurel"],"featured_image_src":"https:\/\/museum-der-philosophie.de\/wp-content\/uploads\/2024\/02\/800px-Statua_Marco_Aurelio_Musei_Capitolini_Fronte_1_-removebg-preview-e1707493637335.png","author_info":{"display_name":"Klaus F\u00fcrst","author_link":"https:\/\/museum-der-philosophie.de\/?author=1"},"uagb_featured_image_src":{"full":["https:\/\/museum-der-philosophie.de\/wp-content\/uploads\/2024\/02\/800px-Statua_Marco_Aurelio_Musei_Capitolini_Fronte_1_-removebg-preview-e1707493637335.png",432,498,false],"thumbnail":["https:\/\/museum-der-philosophie.de\/wp-content\/uploads\/2024\/02\/800px-Statua_Marco_Aurelio_Musei_Capitolini_Fronte_1_-removebg-preview-e1707493637335-150x173.png",150,173,true],"medium":["https:\/\/museum-der-philosophie.de\/wp-content\/uploads\/2024\/02\/800px-Statua_Marco_Aurelio_Musei_Capitolini_Fronte_1_-removebg-preview-e1707493637335-400x461.png",400,461,true],"medium_large":["https:\/\/museum-der-philosophie.de\/wp-content\/uploads\/2024\/02\/800px-Statua_Marco_Aurelio_Musei_Capitolini_Fronte_1_-removebg-preview-e1707493637335.png",432,498,false],"large":["https:\/\/museum-der-philosophie.de\/wp-content\/uploads\/2024\/02\/800px-Statua_Marco_Aurelio_Musei_Capitolini_Fronte_1_-removebg-preview-e1707493637335.png",432,498,false],"1536x1536":["https:\/\/museum-der-philosophie.de\/wp-content\/uploads\/2024\/02\/800px-Statua_Marco_Aurelio_Musei_Capitolini_Fronte_1_-removebg-preview-e1707493637335.png",432,498,false],"2048x2048":["https:\/\/museum-der-philosophie.de\/wp-content\/uploads\/2024\/02\/800px-Statua_Marco_Aurelio_Musei_Capitolini_Fronte_1_-removebg-preview-e1707493637335.png",432,498,false],"education-zone-banner":["https:\/\/museum-der-philosophie.de\/wp-content\/uploads\/2024\/02\/800px-Statua_Marco_Aurelio_Musei_Capitolini_Fronte_1_-removebg-preview-e1707493637335.png",432,498,false],"education-zone-image-full":["https:\/\/museum-der-philosophie.de\/wp-content\/uploads\/2024\/02\/800px-Statua_Marco_Aurelio_Musei_Capitolini_Fronte_1_-removebg-preview-e1707493637335-432x458.png",432,458,true],"education-zone-image":["https:\/\/museum-der-philosophie.de\/wp-content\/uploads\/2024\/02\/800px-Statua_Marco_Aurelio_Musei_Capitolini_Fronte_1_-removebg-preview-e1707493637335-432x458.png",432,458,true],"education-zone-recent-post":["https:\/\/museum-der-philosophie.de\/wp-content\/uploads\/2024\/02\/800px-Statua_Marco_Aurelio_Musei_Capitolini_Fronte_1_-removebg-preview-e1707493637335-70x70.png",70,70,true],"education-zone-search-result":["https:\/\/museum-der-philosophie.de\/wp-content\/uploads\/2024\/02\/800px-Statua_Marco_Aurelio_Musei_Capitolini_Fronte_1_-removebg-preview-e1707493637335-246x246.png",246,246,true],"education-zone-featured-course":["https:\/\/museum-der-philosophie.de\/wp-content\/uploads\/2024\/02\/800px-Statua_Marco_Aurelio_Musei_Capitolini_Fronte_1_-removebg-preview-e1707493637335-276x276.png",276,276,true],"education-zone-testimonial":["https:\/\/museum-der-philosophie.de\/wp-content\/uploads\/2024\/02\/800px-Statua_Marco_Aurelio_Musei_Capitolini_Fronte_1_-removebg-preview-e1707493637335-125x125.png",125,125,true],"education-zone-blog-full":["https:\/\/museum-der-philosophie.de\/wp-content\/uploads\/2024\/02\/800px-Statua_Marco_Aurelio_Musei_Capitolini_Fronte_1_-removebg-preview-e1707493637335-432x480.png",432,480,true],"wpvr_mobile":["https:\/\/museum-der-philosophie.de\/wp-content\/uploads\/2024\/02\/800px-Statua_Marco_Aurelio_Musei_Capitolini_Fronte_1_-removebg-preview-e1707493637335.png",432,498,false]},"uagb_author_info":{"display_name":"Klaus F\u00fcrst","author_link":"https:\/\/museum-der-philosophie.de\/?author=1"},"uagb_comment_info":0,"uagb_excerpt":"Platons Idee der Philosophenherrschaft wurde \u00fcber die Jahrhunderte hinweg heftig diskutiert. Erprobt wurde sie nie, zumindest nicht in der Ausgestaltung, wie Platon sie formuliert hatte. Der einzige Philosoph, der ein bedeutender Herrscher wurde, war Mark Aurel.","_links":{"self":[{"href":"https:\/\/museum-der-philosophie.de\/index.php?rest_route=\/wp\/v2\/posts\/2968","targetHints":{"allow":["GET"]}}],"collection":[{"href":"https:\/\/museum-der-philosophie.de\/index.php?rest_route=\/wp\/v2\/posts"}],"about":[{"href":"https:\/\/museum-der-philosophie.de\/index.php?rest_route=\/wp\/v2\/types\/post"}],"author":[{"embeddable":true,"href":"https:\/\/museum-der-philosophie.de\/index.php?rest_route=\/wp\/v2\/users\/1"}],"replies":[{"embeddable":true,"href":"https:\/\/museum-der-philosophie.de\/index.php?rest_route=%2Fwp%2Fv2%2Fcomments&post=2968"}],"version-history":[{"count":94,"href":"https:\/\/museum-der-philosophie.de\/index.php?rest_route=\/wp\/v2\/posts\/2968\/revisions"}],"predecessor-version":[{"id":15984,"href":"https:\/\/museum-der-philosophie.de\/index.php?rest_route=\/wp\/v2\/posts\/2968\/revisions\/15984"}],"wp:featuredmedia":[{"embeddable":true,"href":"https:\/\/museum-der-philosophie.de\/index.php?rest_route=\/wp\/v2\/media\/7857"}],"wp:attachment":[{"href":"https:\/\/museum-der-philosophie.de\/index.php?rest_route=%2Fwp%2Fv2%2Fmedia&parent=2968"}],"wp:term":[{"taxonomy":"category","embeddable":true,"href":"https:\/\/museum-der-philosophie.de\/index.php?rest_route=%2Fwp%2Fv2%2Fcategories&post=2968"},{"taxonomy":"post_tag","embeddable":true,"href":"https:\/\/museum-der-philosophie.de\/index.php?rest_route=%2Fwp%2Fv2%2Ftags&post=2968"}],"curies":[{"name":"wp","href":"https:\/\/api.w.org\/{rel}","templated":true}]}}