{"id":3713,"date":"2023-05-27T06:22:27","date_gmt":"2023-05-27T06:22:27","guid":{"rendered":"https:\/\/museum-der-philosophie.de\/?p=3713"},"modified":"2025-04-26T19:39:43","modified_gmt":"2025-04-26T17:39:43","slug":"thomas-hobbes","status":"publish","type":"post","link":"https:\/\/museum-der-philosophie.de\/?p=3713","title":{"rendered":"Thomas Hobbes"},"content":{"rendered":"\n<div class=\"wp-block-uagb-container uag-hide-desktop uag-hide-tab uagb-block-6afda995 default uagb-is-root-container\">\n<p class=\"has-text-align-center has-white-color has-luminous-vivid-orange-background-color has-text-color has-background has-link-color wp-elements-b74c3535adda05e26ca094c90956f99f\">Dies ist eine vereinfachte Darstellung f\u00fcr Mobiltelefone.<br>Die originalgetreue Wiedergabe des Exponats ist nur auf Bildschirm oder Tablet m\u00f6glich.<\/p>\n<\/div>\n\n\n\n<div data-aos= \"fade\" data-aos-duration=\"400\" data-aos-delay=\"0\" data-aos-easing=\"ease\" data-aos-once=\"true\" id=\"a0\" class=\"wp-block-uagb-container uagb-block-696f8583 default uagb-is-root-container\">\n<div class=\"wp-block-uagb-container uagb-block-15fb0590\">\n<div class=\"wp-block-uagb-container uagb-block-30ae4036\">\n<div class=\"wp-block-uagb-container uagb-block-55d7099b\">\n<div class=\"wp-block-uagb-modal uagb-block-8075ad28 uagb-modal-wrapper\" data-escpress=\"enable\" data-overlayclick=\"enable\"><img decoding=\"async\" src=\"https:\/\/museum-der-philosophie.de\/wp-content\/uploads\/2024\/11\/2000px-Hamburger_icon.svg1_-400x400.png\" alt=\"\" class=\"uagb-modal-trigger\" width=\"400\" height=\"400\" loading=\"lazy\"\/><div class=\"uagb-effect-default uagb-modal-popup uagb-block-8075ad28 uagb-modal-type-undefined\"><div class=\"uagb-modal-popup-wrap\"><div class=\"uagb-modal-popup-content\"><form role=\"search\" method=\"get\" action=\"https:\/\/museum-der-philosophie.de\/\" class=\"wp-block-search__button-outside wp-block-search__text-button wp-block-search\"    ><label class=\"wp-block-search__label\" for=\"wp-block-search__input-1\"  style=\"font-size: 20px\"><strong>Suchen<\/strong><\/label><div class=\"wp-block-search__inside-wrapper\" ><input class=\"wp-block-search__input\" id=\"wp-block-search__input-1\" placeholder=\"\" value=\"\" type=\"search\" name=\"s\" required  style=\"font-size: 20px\"\/><button aria-label=\"Suchen\" class=\"wp-block-search__button wp-element-button\" type=\"submit\"  style=\"font-size: 20px\">Suchen<\/button><\/div><\/form>\n\n\n<div style=\"height:30px\" aria-hidden=\"true\" class=\"wp-block-spacer\"><\/div>\n\n\n\n<div class=\"wp-block-columns is-layout-flex wp-container-core-columns-is-layout-9d6595d7 wp-block-columns-is-layout-flex\">\n<div class=\"wp-block-column is-layout-flow wp-block-column-is-layout-flow\" style=\"font-size:18px\">\n<p class=\"has-text-align-left\" style=\"font-size:20px\"><strong>Wegweiser<\/strong><\/p>\n\n\n\n<p style=\"font-size:20px\"><a href=\"https:\/\/museum-der-philosophie.de\/\">Startseite<\/a><\/p>\n\n\n\n<p style=\"font-size:20px\"><a href=\"https:\/\/museum-der-philosophie.de\/?page_id=561#a11\" data-type=\"page\" data-id=\"561\">Wegweiser<\/a><\/p>\n\n\n\n<p style=\"font-size:20px\"><a href=\"https:\/\/museum-der-philosophie.de\/?page_id=3109\" data-type=\"page\" data-id=\"3109\">Themen und Objekte<\/a><\/p>\n\n\n\n<p style=\"font-size:20px\"><a href=\"https:\/\/museum-der-philosophie.de\/?page_id=12381\">Ideen und Ereignisse<\/a><\/p>\n\n\n\n<p style=\"font-size:20px\"><a href=\"https:\/\/museum-der-philosophie.de\/?page_id=9393#a0\" data-type=\"page\" data-id=\"9393\">Was gibt&#8217;s Neues<\/a><\/p>\n\n\n\n<p style=\"font-size:20px\"><a href=\"https:\/\/museum-der-philosophie.de\/?page_id=11208#a0\" data-type=\"page\" data-id=\"11208\">Kalenderblatt<\/a><\/p>\n<\/div>\n\n\n\n<div class=\"wp-block-column is-layout-flow wp-block-column-is-layout-flow\">\n<p class=\"has-text-align-left\" style=\"font-size:20px\"><strong>R\u00e4ume<\/strong><\/p>\n\n\n\n<p style=\"font-size:20px\"><a href=\"https:\/\/museum-der-philosophie.de\/?page_id=561#a0\" data-type=\"page\" data-id=\"561\">Empfangshalle<\/a><\/p>\n\n\n\n<p style=\"font-size:20px\"><a href=\"https:\/\/museum-der-philosophie.de\/?page_id=3140\" data-type=\"page\" data-id=\"3140\">Sonderausstellung<\/a><\/p>\n\n\n\n<p style=\"font-size:20px\"><a href=\"https:\/\/museum-der-philosophie.de\/?page_id=688\" data-type=\"page\" data-id=\"688\">Ruhmeshalle<\/a><\/p>\n\n\n\n<p style=\"font-size:20px\"><a href=\"https:\/\/museum-der-philosophie.de\/?page_id=14612\" data-type=\"page\" data-id=\"688\">Kunstgalerie<\/a><\/p>\n\n\n\n<p style=\"font-size:20px\"><a href=\"https:\/\/museum-der-philosophie.de\/?page_id=1171\" data-type=\"page\" data-id=\"1171\">Bibliothek<\/a><\/p>\n\n\n\n<p style=\"font-size:20px\"><a href=\"https:\/\/museum-der-philosophie.de\/?page_id=3375\" data-type=\"page\" data-id=\"3375\">Zitaten-Schatzkammer<\/a><\/p>\n\n\n\n<p style=\"font-size:20px\"><a href=\"https:\/\/museum-der-philosophie.de\/?page_id=838\" data-type=\"page\" data-id=\"838\">Kids&#8216; Philosophy<\/a><\/p>\n\n\n\n<p style=\"font-size:20px\"><a href=\"https:\/\/museum-der-philosophie.de\/?page_id=6128\" data-type=\"page\" data-id=\"6128\">Kinosaal<\/a><\/p>\n\n\n\n<p style=\"font-size:20px\"><a href=\"https:\/\/museum-der-philosophie.de\/?page_id=1959\" data-type=\"page\" data-id=\"1959\">Debattenraum<\/a><\/p>\n<\/div>\n\n\n\n<div class=\"wp-block-column is-layout-flow wp-block-column-is-layout-flow\">\n<p style=\"font-size:20px\"><strong>Das Museum<\/strong><\/p>\n\n\n\n<p style=\"font-size:20px\"><a href=\"https:\/\/museum-der-philosophie.de\/?page_id=1336\" data-type=\"page\" data-id=\"1336\">\u00dcber uns<\/a><\/p>\n\n\n\n<p style=\"font-size:20px\"><a href=\"https:\/\/museum-der-philosophie.de\/?p=13711\" data-type=\"post\" data-id=\"13711\">Bildschirmdarstellung<\/a><\/p>\n\n\n\n<p style=\"font-size:20px\"><a href=\"https:\/\/museum-der-philosophie.de\/?page_id=9363\" data-type=\"page\" data-id=\"9363\">Partner und Unterst\u00fctzer<\/a><\/p>\n\n\n\n<p style=\"font-size:20px\"><a href=\"https:\/\/museum-der-philosophie.de\/?page_id=2054\" data-type=\"page\" data-id=\"2054\">Mitmachen<\/a><\/p>\n\n\n\n<p style=\"font-size:20px\"><a href=\"https:\/\/museum-der-philosophie.de\/?page_id=7106\" data-type=\"page\" data-id=\"7106\">Newsletter<\/a><\/p>\n\n\n\n<p style=\"font-size:20px\"><a href=\"https:\/\/museum-der-philosophie.de\/?page_id=1375\" data-type=\"page\" data-id=\"1375\">Rechtliches \/ Impressum<\/a><\/p>\n\n\n\n<p style=\"font-size:20px\"><strong><mark style=\"background-color:rgba(0, 0, 0, 0)\" class=\"has-inline-color has-luminous-vivid-orange-color\">Bitte trage dich in unser<br><a href=\"https:\/\/museum-der-philosophie.de\/?page_id=1900\" data-type=\"page\" data-id=\"1900\">G\u00e4stebuch<\/a> ein.<br>\u00dcber ein paar Zeilen w\u00fcrden wir uns sehr freuen.<\/mark><\/strong><\/p>\n<\/div>\n<\/div>\n<\/div><button class=\"uagb-modal-popup-close\" aria-label=\"Close Modal\"><svg xmlns=\"https:\/\/www.w3.org\/2000\/svg\" viewBox=\"0 0 320 512\"><path d=\"M310.6 361.4c12.5 12.5 12.5 32.75 0 45.25C304.4 412.9 296.2 416 288 416s-16.38-3.125-22.62-9.375L160 301.3L54.63 406.6C48.38 412.9 40.19 416 32 416S15.63 412.9 9.375 406.6c-12.5-12.5-12.5-32.75 0-45.25l105.4-105.4L9.375 150.6c-12.5-12.5-12.5-32.75 0-45.25s32.75-12.5 45.25 0L160 210.8l105.4-105.4c12.5-12.5 32.75-12.5 45.25 0s12.5 32.75 0 45.25l-105.4 105.4L310.6 361.4z\"><\/path><\/svg><\/button><\/div><\/div><\/div>\n<\/div>\n\n\n\n<div class=\"wp-block-uagb-container uag-hide-mob uagb-block-409a2407 alignfull uagb-is-root-container\"><div class=\"uagb-container-inner-blocks-wrap\">\n<div class=\"wp-block-uagb-advanced-heading uagb-block-f62181c7\"><div class=\"uagb-heading-text\">Men\u00fc<\/div><\/div>\n<\/div><\/div>\n<\/div>\n\n\n\n<div class=\"wp-block-uagb-advanced-heading uagb-block-dcaae856\"><h2 class=\"uagb-heading-text\">Thomas Hobbes<\/h2><p class=\"uagb-desc-text\">* 05.04.1588 in Westport<br>\u2020 04.12.1679 in Hardwick Hall, Derbyshire<br>war ein englischer Philosoph, der als einer der einflussreichsten Denker des 17. Jahrhunderts gilt. Sein bekanntestes Werk ist &#8222;Leviathan&#8220;, in dem er seine politische Theorie darlegt.<\/p><\/div>\n\n\n\n<div class=\"wp-block-uagb-container uagb-block-a5587f82\">\n<div class=\"wp-block-uagb-modal uagb-block-f10ec4dc uagb-modal-wrapper\" data-escpress=\"enable\" data-overlayclick=\"enable\"><img decoding=\"async\" src=\"https:\/\/museum-der-philosophie.de\/wp-content\/uploads\/2024\/03\/Biografie3.png\" alt=\"\" class=\"uagb-modal-trigger\" width=\"249\" height=\"212\" loading=\"lazy\"\/><div class=\"uagb-effect-default uagb-modal-popup uagb-block-f10ec4dc uagb-modal-type-undefined\"><div class=\"uagb-modal-popup-wrap\"><div class=\"uagb-modal-popup-content\">\n<p>Thomas Hobbes wurde am 5. April 1588 in Westport (Malmesbury, England) geboren. Sein Vater, ein anglikanischer Geistlicher, verlie\u00df die Familie, als Hobbes noch ein Kind war, sodass sein Onkel seine Erziehung \u00fcbernahm. Fr\u00fch zeigte Hobbes eine au\u00dfergew\u00f6hnliche Begabung f\u00fcr Sprachen und Wissenschaft. Im Alter von 14 Jahren begann er ein Studium am Magdalen College in Oxford, wo er sich intensiv mit der klassischen Philosophie besch\u00e4ftigte. Diese Ausbildung pr\u00e4gte seine methodische und analytische Herangehensweise an die Philosophie.<\/p>\n\n\n<div class=\"wp-block-image\">\n<figure class=\"alignright size-full is-resized\"><img loading=\"lazy\" decoding=\"async\" width=\"839\" height=\"1024\" src=\"https:\/\/museum-der-philosophie.de\/wp-content\/uploads\/2023\/04\/839px-Thomas_Hobbes_by_John_Michael_Wright1.jpg\" alt=\"\" class=\"wp-image-2749\" style=\"width:339px;height:auto\" srcset=\"https:\/\/museum-der-philosophie.de\/wp-content\/uploads\/2023\/04\/839px-Thomas_Hobbes_by_John_Michael_Wright1.jpg 839w, https:\/\/museum-der-philosophie.de\/wp-content\/uploads\/2023\/04\/839px-Thomas_Hobbes_by_John_Michael_Wright1-246x300.jpg 246w, https:\/\/museum-der-philosophie.de\/wp-content\/uploads\/2023\/04\/839px-Thomas_Hobbes_by_John_Michael_Wright1-768x937.jpg 768w\" sizes=\"auto, (max-width: 839px) 100vw, 839px\" \/><figcaption class=\"wp-element-caption\">Portr\u00e4t von John Michael Wright<\/figcaption><\/figure>\n<\/div>\n\n\n<p>Nach seinem Studium wurde Hobbes Hauslehrer bei der aristokratischen Familie Cavendish. Diese Position er\u00f6ffnete ihm Zugang zu Bildungseliten und erm\u00f6glichte ihm Reisen durch Europa. Besonders pr\u00e4gend waren seine Aufenthalte in Frankreich und Italien, wo er f\u00fchrende Denker wie Galileo Galilei und Ren\u00e9 Descartes kennenlernte. <\/p>\n\n\n\n<p>Hobbes verlie\u00df England 1640, kurz vor Ausbruch des B\u00fcrgerkriegs, da er bef\u00fcrchtete, wegen seiner kontroversen politischen Ansichten verfolgt zu werden. Er suchte Zuflucht in Paris, wo er sich einer Gemeinschaft englischer Royalisten anschloss. W\u00e4hrend seines Aufenthalts in Frankreich setzte er seine philosophische Arbeit fort und verkehrte mit f\u00fchrenden Intellektuellen, darunter Ren\u00e9 Descartes und Marin Mersenne. <br>W\u00e4hrend seines Exils ver\u00f6ffentlichte Hobbes <em>De Cive<\/em> (\u201e\u00dcber den B\u00fcrger\u201c 1642), ein Werk, das viele der Ideen vorwegnahm, die sp\u00e4ter in <em>Leviathan<\/em> ausgearbeitet wurden. In <em>De Cive<\/em> untersuchte Hobbes die Grundlagen von Gesellschaft und Politik und verteidigte die Notwendigkeit eines starken, zentralisierten Staates, um Frieden und Ordnung aufrechtzuerhalten. 1647 wurde Hobbes Lehrer von Karl II., dem sp\u00e4teren englischen K\u00f6nig, der ebenfalls im Exil lebte. Diese Verbindung st\u00e4rkte Hobbes\u2019 Loyalit\u00e4t zur Monarchie.<\/p>\n\n\n<div class=\"wp-block-image\">\n<figure class=\"alignleft size-full is-resized\"><img loading=\"lazy\" decoding=\"async\" width=\"480\" height=\"599\" src=\"https:\/\/museum-der-philosophie.de\/wp-content\/uploads\/2023\/05\/480px-Houghton_EC65_H6525_642e_-_Hobbes_16421.jpg\" alt=\"\" class=\"wp-image-13019\" style=\"width:361px;height:auto\" srcset=\"https:\/\/museum-der-philosophie.de\/wp-content\/uploads\/2023\/05\/480px-Houghton_EC65_H6525_642e_-_Hobbes_16421.jpg 480w, https:\/\/museum-der-philosophie.de\/wp-content\/uploads\/2023\/05\/480px-Houghton_EC65_H6525_642e_-_Hobbes_16421-400x499.jpg 400w, https:\/\/museum-der-philosophie.de\/wp-content\/uploads\/2023\/05\/480px-Houghton_EC65_H6525_642e_-_Hobbes_16421-150x187.jpg 150w\" sizes=\"auto, (max-width: 480px) 100vw, 480px\" \/><figcaption class=\"wp-element-caption\">&#8222;De Cive&#8220; (Band 3 der \u201cElementa Philosophiae\u201d<\/figcaption><\/figure>\n<\/div>\n\n\n<p>Hobbes\u2019 bekanntestes Werk, <em>Leviathan<\/em>, wurde 1651 ver\u00f6ffentlicht. Es entstand w\u00e4hrend einer Phase intensiver politischer Konflikte in England und stellt eine systematische Analyse der Gesellschaft und der Notwendigkeit von staatlicher Autorit\u00e4t dar. Das Buch sorgte f\u00fcr erhebliche Kontroversen. Royalisten und Republikaner kritisierten das Werk gleicherma\u00dfen: Die Royalisten st\u00f6rten sich an Hobbes\u2019 Verteidigung des Staates als eine Konstruktion des Gesellschaftsvertrags, w\u00e4hrend Republikaner die uneingeschr\u00e4nkte Macht des Souver\u00e4ns ablehnten.<\/p>\n\n\n\n<p>Neben <em>Leviathan<\/em> verfasste Hobbes weitere wichtige Werke, darunter <em>De Corpore<\/em> und <em>De Homine<\/em>, die sich mit Naturphilosophie und Anthropologie besch\u00e4ftigen. Seine Arbeiten waren nicht nur politischer, sondern auch wissenschaftlicher Natur und zeigten seine interdisziplin\u00e4re Herangehensweise.<\/p>\n\n\n\n<p>Nach der Wiederherstellung der Monarchie 1660 wurde Hobbes\u2019 Verbindung zu Karl II. wiederbelebt. Der K\u00f6nig gew\u00e4hrte ihm eine Pension und Schutz. Dennoch geriet Hobbes in den 1660er Jahren erneut in Konflikt mit kirchlichen und politischen Autorit\u00e4ten. Seine materialistische Philosophie, die Religion als Werkzeug der politischen Kontrolle betrachtete, f\u00fchrte zu Auseinandersetzungen. Sein Werk <em>Leviathan<\/em> wurde von vielen Theologen als atheistisch angesehen.1666 beantragte das englische Parlament eine Untersuchung gegen ihn wegen Ketzerei, doch Karl II. sch\u00fctzte ihn vor ernsthaften Konsequenzen.<\/p>\n\n\n\n<p>Hobbes blieb bis ins hohe Alter produktiv. Am 4. Dezember 1679 starb er im Alter von 91 Jahren in Hardwick Hall, Derbyshire. Sein Werk pr\u00e4gt bis heute die politische Theorie und Philosophie und liefert wertvolle Perspektiven auf die Natur von Macht, Gesellschaft und staatlicher Ordnung. <\/p>\n<\/div><button class=\"uagb-modal-popup-close\" aria-label=\"Close Modal\"><svg xmlns=\"https:\/\/www.w3.org\/2000\/svg\" viewBox=\"0 0 320 512\"><path d=\"M310.6 361.4c12.5 12.5 12.5 32.75 0 45.25C304.4 412.9 296.2 416 288 416s-16.38-3.125-22.62-9.375L160 301.3L54.63 406.6C48.38 412.9 40.19 416 32 416S15.63 412.9 9.375 406.6c-12.5-12.5-12.5-32.75 0-45.25l105.4-105.4L9.375 150.6c-12.5-12.5-12.5-32.75 0-45.25s32.75-12.5 45.25 0L160 210.8l105.4-105.4c12.5-12.5 32.75-12.5 45.25 0s12.5 32.75 0 45.25l-105.4 105.4L310.6 361.4z\"><\/path><\/svg><\/button><\/div><\/div><\/div>\n<\/div>\n\n\n\n<div class=\"wp-block-uagb-container uagb-block-05cb220a\">\n<div class=\"wp-block-uagb-modal uagb-block-2d669e5d uagb-modal-wrapper\" data-escpress=\"enable\" data-overlayclick=\"enable\"><img decoding=\"async\" src=\"https:\/\/museum-der-philosophie.de\/wp-content\/uploads\/2024\/01\/pictwerke.png\" alt=\"\" class=\"uagb-modal-trigger\" width=\"249\" height=\"193\" loading=\"lazy\"\/><div class=\"uagb-effect-default uagb-modal-popup uagb-block-2d669e5d uagb-modal-type-undefined\"><div class=\"uagb-modal-popup-wrap\"><div class=\"uagb-modal-popup-content\">\n<div class=\"wp-block-columns are-vertically-aligned-center has-background is-layout-flex wp-container-core-columns-is-layout-9d6595d7 wp-block-columns-is-layout-flex\" style=\"background-color:#b8b58c52\">\n<div class=\"wp-block-column is-vertically-aligned-center is-layout-flow wp-block-column-is-layout-flow\">\n<div class=\"wp-block-uagb-advanced-heading uagb-block-f968f660\"><h2 class=\"uagb-heading-text\"><strong><strong>Grundz\u00fcge der Philosophie<\/strong><\/strong><\/h2><p class=\"uagb-desc-text\">Originaltitel: \u201c<em>Elementa Philosophiae\u201d<\/em><br>Das dreiteilige Hauptwerk von Thomas Hobbes erschien zwischen 1642 und 1658. Es ist gegliedert in die Teile \u201c\u00dcber den K\u00f6rper\u201d, \u201c\u00dcber den Menschen\u201d, \u201c\u00dcber den B\u00fcrger\u201d. Besondere Beachtung fand bis heute der staatstheoretische 3. Teil.<br><br>lesen bei&nbsp;<a href=\"http:\/\/www.zeno.org\/Lesesaal\/N\/9781484105139?page=0\" target=\"_blank\" rel=\"noreferrer noopener\">Zeno<\/a><\/p><\/div>\n<\/div>\n\n\n\n<div class=\"wp-block-column is-vertically-aligned-center is-layout-flow wp-block-column-is-layout-flow\"><div class=\"wp-block-image\">\n<figure class=\"aligncenter size-full is-resized\"><img loading=\"lazy\" decoding=\"async\" width=\"480\" height=\"599\" src=\"https:\/\/museum-der-philosophie.de\/wp-content\/uploads\/2023\/05\/480px-Houghton_EC65_H6525_642e_-_Hobbes_16421.jpg\" alt=\"\" class=\"wp-image-13019\" style=\"width:254px;height:auto\" srcset=\"https:\/\/museum-der-philosophie.de\/wp-content\/uploads\/2023\/05\/480px-Houghton_EC65_H6525_642e_-_Hobbes_16421.jpg 480w, https:\/\/museum-der-philosophie.de\/wp-content\/uploads\/2023\/05\/480px-Houghton_EC65_H6525_642e_-_Hobbes_16421-400x499.jpg 400w, https:\/\/museum-der-philosophie.de\/wp-content\/uploads\/2023\/05\/480px-Houghton_EC65_H6525_642e_-_Hobbes_16421-150x187.jpg 150w\" sizes=\"auto, (max-width: 480px) 100vw, 480px\" \/><figcaption class=\"wp-element-caption\">&#8222;De Cive&#8220; (Band 3 der \u201cElementa Philosophiae\u201d<\/figcaption><\/figure>\n<\/div><\/div>\n\n\n\n<div class=\"wp-block-column is-vertically-aligned-center is-layout-flow wp-block-column-is-layout-flow\">\n<p>\u00ab<em>Nun sind sicher beide S\u00e4tze wahr:<br>Der Mensch ist ein Gott f\u00fcr den Menschen, und: Der Mensch ist ein Wolf f\u00fcr den Menschen;<br>jener, wenn man die B\u00fcrger untereinander, dieser, wenn man die Staaten untereinander vergleicht. Dort n\u00e4hert man sich durch Gerechtigkeit, Liebe und alle Tugenden des Friedens der \u00c4hnlichkeit mit Gott; hier m\u00fcssen selbst die Guten bei der Verdorbenheit der Schlechten ihres Schutzes wegen die kriegerischen Tugenden, die Gewalt und die List, d.h. die Raubsucht der wilden Tiere, zu Hilfe nehmen.<\/em>\u00bb<\/p>\n<\/div>\n<\/div>\n\n\n\n<div class=\"wp-block-columns has-background is-layout-flex wp-container-core-columns-is-layout-9d6595d7 wp-block-columns-is-layout-flex\" style=\"background-color:#b8b58c52\">\n<div class=\"wp-block-column is-vertically-aligned-center is-layout-flow wp-block-column-is-layout-flow\">\n<div class=\"wp-block-uagb-advanced-heading uagb-block-3d454439\"><h2 class=\"uagb-heading-text\"><strong><strong><strong>Leviathan<\/strong><\/strong><\/strong><\/h2><p class=\"uagb-desc-text\">Originaltitel: \u201c<em>Leviathan or the Matter, Forme and Power of a Commonwealth Ecclesiasticall and Civil\u201d<\/em><br>Es ist Hobbes\u2019 bekanntestes Werk und eines der wirkm\u00e4chtigsten B\u00fccher zur Staatsphilosophie.<br><\/p><\/div>\n<\/div>\n\n\n\n<div class=\"wp-block-column is-vertically-aligned-center is-layout-flow wp-block-column-is-layout-flow\"><div class=\"wp-block-image\">\n<figure class=\"aligncenter size-medium is-resized\"><img loading=\"lazy\" decoding=\"async\" width=\"400\" height=\"638\" src=\"https:\/\/museum-der-philosophie.de\/wp-content\/uploads\/2023\/05\/642px-Leviathan_frontispiece_cropped_British_Library1-400x638.jpg\" alt=\"\" class=\"wp-image-13018\" style=\"width:296px;height:auto\" srcset=\"https:\/\/museum-der-philosophie.de\/wp-content\/uploads\/2023\/05\/642px-Leviathan_frontispiece_cropped_British_Library1-400x638.jpg 400w, https:\/\/museum-der-philosophie.de\/wp-content\/uploads\/2023\/05\/642px-Leviathan_frontispiece_cropped_British_Library1-150x239.jpg 150w, https:\/\/museum-der-philosophie.de\/wp-content\/uploads\/2023\/05\/642px-Leviathan_frontispiece_cropped_British_Library1.jpg 642w\" sizes=\"auto, (max-width: 400px) 100vw, 400px\" \/><\/figure>\n<\/div><\/div>\n\n\n\n<div class=\"wp-block-column is-vertically-aligned-center is-layout-flow wp-block-column-is-layout-flow\">\n<p><em>\u00abUnd Vertr\u00e4ge ohne Schwert sind blo\u00dfe Worte und besitzen nicht die Kraft, einem Menschen auch nur die geringste Sicherheit zu bieten.\u00bb<\/em><\/p>\n<\/div>\n<\/div>\n<\/div><button class=\"uagb-modal-popup-close\" aria-label=\"Close Modal\"><svg xmlns=\"https:\/\/www.w3.org\/2000\/svg\" viewBox=\"0 0 320 512\"><path d=\"M310.6 361.4c12.5 12.5 12.5 32.75 0 45.25C304.4 412.9 296.2 416 288 416s-16.38-3.125-22.62-9.375L160 301.3L54.63 406.6C48.38 412.9 40.19 416 32 416S15.63 412.9 9.375 406.6c-12.5-12.5-12.5-32.75 0-45.25l105.4-105.4L9.375 150.6c-12.5-12.5-12.5-32.75 0-45.25s32.75-12.5 45.25 0L160 210.8l105.4-105.4c12.5-12.5 32.75-12.5 45.25 0s12.5 32.75 0 45.25l-105.4 105.4L310.6 361.4z\"><\/path><\/svg><\/button><\/div><\/div><\/div>\n<\/div>\n\n\n\n<div class=\"wp-block-uagb-container uagb-block-0a2d2743\">\n<div class=\"wp-block-uagb-modal uagb-block-2935be4b uagb-modal-wrapper\" data-escpress=\"enable\" data-overlayclick=\"enable\"><img decoding=\"async\" src=\"https:\/\/museum-der-philosophie.de\/wp-content\/uploads\/2024\/03\/pictehrung3.png\" alt=\"\" class=\"uagb-modal-trigger\" width=\"249\" height=\"194\" loading=\"lazy\"\/><div class=\"uagb-effect-default uagb-modal-popup uagb-block-2935be4b uagb-modal-type-undefined\"><div class=\"uagb-modal-popup-wrap\"><div class=\"uagb-modal-popup-content\">\n<p class=\"has-text-align-center has-white-color has-text-color has-background\" id=\"a3\" style=\"background-color:#370c03d9;font-size:30px\"><strong>Ehrungen<\/strong><\/p>\n\n\n\n<div class=\"wp-block-columns are-vertically-aligned-center is-layout-flex wp-container-core-columns-is-layout-9d6595d7 wp-block-columns-is-layout-flex\">\n<div class=\"wp-block-column is-vertically-aligned-center is-layout-flow wp-block-column-is-layout-flow\"><div class=\"wp-block-image\">\n<figure class=\"aligncenter size-full\"><img loading=\"lazy\" decoding=\"async\" width=\"839\" height=\"1024\" src=\"https:\/\/museum-der-philosophie.de\/wp-content\/uploads\/2023\/04\/839px-Thomas_Hobbes_by_John_Michael_Wright1.jpg\" alt=\"\" class=\"wp-image-2749\" srcset=\"https:\/\/museum-der-philosophie.de\/wp-content\/uploads\/2023\/04\/839px-Thomas_Hobbes_by_John_Michael_Wright1.jpg 839w, https:\/\/museum-der-philosophie.de\/wp-content\/uploads\/2023\/04\/839px-Thomas_Hobbes_by_John_Michael_Wright1-246x300.jpg 246w, https:\/\/museum-der-philosophie.de\/wp-content\/uploads\/2023\/04\/839px-Thomas_Hobbes_by_John_Michael_Wright1-768x937.jpg 768w\" sizes=\"auto, (max-width: 839px) 100vw, 839px\" \/><figcaption class=\"wp-element-caption\">Portr\u00e4t von John Michael Wright<\/figcaption><\/figure>\n<\/div><\/div>\n\n\n\n<div class=\"wp-block-column is-vertically-aligned-center is-layout-flow wp-block-column-is-layout-flow\"><div class=\"wp-block-image\">\n<figure class=\"aligncenter size-full\"><img loading=\"lazy\" decoding=\"async\" width=\"296\" height=\"370\" src=\"https:\/\/museum-der-philosophie.de\/wp-content\/uploads\/2023\/04\/Hobbes-Hardwick-Hall.png\" alt=\"\" class=\"wp-image-2752\" srcset=\"https:\/\/museum-der-philosophie.de\/wp-content\/uploads\/2023\/04\/Hobbes-Hardwick-Hall.png 296w, https:\/\/museum-der-philosophie.de\/wp-content\/uploads\/2023\/04\/Hobbes-Hardwick-Hall-240x300.png 240w\" sizes=\"auto, (max-width: 296px) 100vw, 296px\" \/><figcaption class=\"wp-element-caption\">B\u00fcste in Hardwick Hall, Derbyshire<\/figcaption><\/figure>\n<\/div><\/div>\n\n\n\n<div class=\"wp-block-column is-vertically-aligned-center is-layout-flow wp-block-column-is-layout-flow\"><div class=\"wp-block-image\">\n<figure class=\"aligncenter size-full\"><img loading=\"lazy\" decoding=\"async\" width=\"519\" height=\"643\" src=\"https:\/\/museum-der-philosophie.de\/wp-content\/uploads\/2023\/04\/Hobbes-Hoskins.png\" alt=\"\" class=\"wp-image-2753\" srcset=\"https:\/\/museum-der-philosophie.de\/wp-content\/uploads\/2023\/04\/Hobbes-Hoskins.png 519w, https:\/\/museum-der-philosophie.de\/wp-content\/uploads\/2023\/04\/Hobbes-Hoskins-242x300.png 242w\" sizes=\"auto, (max-width: 519px) 100vw, 519px\" \/><figcaption class=\"wp-element-caption\">Portr\u00e4t von John Hoskins<\/figcaption><\/figure>\n<\/div><\/div>\n<\/div>\n\n\n\n<div class=\"wp-block-columns are-vertically-aligned-center is-layout-flex wp-container-core-columns-is-layout-9d6595d7 wp-block-columns-is-layout-flex\">\n<div class=\"wp-block-column is-vertically-aligned-center is-layout-flow wp-block-column-is-layout-flow\"><div class=\"wp-block-image\">\n<figure class=\"aligncenter size-full\"><img loading=\"lazy\" decoding=\"async\" width=\"694\" height=\"819\" src=\"https:\/\/museum-der-philosophie.de\/wp-content\/uploads\/2023\/08\/thomashobbesunknownartist.jpg\" alt=\"\" class=\"wp-image-5030\" srcset=\"https:\/\/museum-der-philosophie.de\/wp-content\/uploads\/2023\/08\/thomashobbesunknownartist.jpg 694w, https:\/\/museum-der-philosophie.de\/wp-content\/uploads\/2023\/08\/thomashobbesunknownartist-400x472.jpg 400w, https:\/\/museum-der-philosophie.de\/wp-content\/uploads\/2023\/08\/thomashobbesunknownartist-150x177.jpg 150w\" sizes=\"auto, (max-width: 694px) 100vw, 694px\" \/><figcaption class=\"wp-element-caption\">unbekannter K\u00fcnstler<\/figcaption><\/figure>\n<\/div><\/div>\n\n\n\n<div class=\"wp-block-column is-vertically-aligned-center is-layout-flow wp-block-column-is-layout-flow\">\n<figure class=\"wp-block-image size-full  gpls-ibzoh-zoom-on-hover\"><img loading=\"lazy\" decoding=\"async\" width=\"414\" height=\"255\" data-zoomed=\"https:\/\/museum-der-philosophie.de\/wp-content\/uploads\/2023\/05\/640px-2019_Vrijheid_van_Amsterdam_2_Hobbes1-e1733229066355.jpg\" src=\"https:\/\/museum-der-philosophie.de\/wp-content\/uploads\/2023\/05\/640px-2019_Vrijheid_van_Amsterdam_2_Hobbes1-e1733229066355.jpg\" alt=\"\" class=\"wp-image-13095\" srcset=\"https:\/\/museum-der-philosophie.de\/wp-content\/uploads\/2023\/05\/640px-2019_Vrijheid_van_Amsterdam_2_Hobbes1-e1733229066355.jpg 414w, https:\/\/museum-der-philosophie.de\/wp-content\/uploads\/2023\/05\/640px-2019_Vrijheid_van_Amsterdam_2_Hobbes1-e1733229066355-400x246.jpg 400w, https:\/\/museum-der-philosophie.de\/wp-content\/uploads\/2023\/05\/640px-2019_Vrijheid_van_Amsterdam_2_Hobbes1-e1733229066355-150x92.jpg 150w\" sizes=\"auto, (max-width: 414px) 100vw, 414px\" \/><figcaption class=\"wp-element-caption\">Pflastersteine f\u00fcr das Projekt Freiheit in Amsterdam (Dezember 2019)<\/figcaption><\/figure>\n<\/div>\n\n\n\n<div class=\"wp-block-column is-vertically-aligned-center is-layout-flow wp-block-column-is-layout-flow\"><div class=\"wp-block-image\">\n<figure class=\"aligncenter size-large is-resized\"><img loading=\"lazy\" decoding=\"async\" width=\"713\" height=\"1024\" src=\"https:\/\/museum-der-philosophie.de\/wp-content\/uploads\/2023\/05\/339_0011-713x1024.jpg\" alt=\"\" class=\"wp-image-3147\" style=\"width:146px;height:210px\" srcset=\"https:\/\/museum-der-philosophie.de\/wp-content\/uploads\/2023\/05\/339_0011-713x1024.jpg 713w, https:\/\/museum-der-philosophie.de\/wp-content\/uploads\/2023\/05\/339_0011-209x300.jpg 209w, https:\/\/museum-der-philosophie.de\/wp-content\/uploads\/2023\/05\/339_0011-768x1103.jpg 768w, https:\/\/museum-der-philosophie.de\/wp-content\/uploads\/2023\/05\/339_0011.jpg 788w\" sizes=\"auto, (max-width: 713px) 100vw, 713px\" \/><figcaption class=\"wp-element-caption\">Briefmarke Ukraine 2018<\/figcaption><\/figure>\n<\/div>\n\n<div class=\"wp-block-image\">\n<figure class=\"aligncenter size-full is-resized\"><img loading=\"lazy\" decoding=\"async\" width=\"885\" height=\"690\" src=\"https:\/\/museum-der-philosophie.de\/wp-content\/uploads\/2023\/05\/BM-hobbes.jpg\" alt=\"\" class=\"wp-image-3146\" style=\"width:199px;height:156px\" srcset=\"https:\/\/museum-der-philosophie.de\/wp-content\/uploads\/2023\/05\/BM-hobbes.jpg 885w, https:\/\/museum-der-philosophie.de\/wp-content\/uploads\/2023\/05\/BM-hobbes-300x234.jpg 300w, https:\/\/museum-der-philosophie.de\/wp-content\/uploads\/2023\/05\/BM-hobbes-768x599.jpg 768w\" sizes=\"auto, (max-width: 885px) 100vw, 885px\" \/><figcaption class=\"wp-element-caption\">Briefmarke Mosambik 2012<\/figcaption><\/figure>\n<\/div><\/div>\n<\/div>\n<\/div><button class=\"uagb-modal-popup-close\" aria-label=\"Close Modal\"><svg xmlns=\"https:\/\/www.w3.org\/2000\/svg\" viewBox=\"0 0 320 512\"><path d=\"M310.6 361.4c12.5 12.5 12.5 32.75 0 45.25C304.4 412.9 296.2 416 288 416s-16.38-3.125-22.62-9.375L160 301.3L54.63 406.6C48.38 412.9 40.19 416 32 416S15.63 412.9 9.375 406.6c-12.5-12.5-12.5-32.75 0-45.25l105.4-105.4L9.375 150.6c-12.5-12.5-12.5-32.75 0-45.25s32.75-12.5 45.25 0L160 210.8l105.4-105.4c12.5-12.5 32.75-12.5 45.25 0s12.5 32.75 0 45.25l-105.4 105.4L310.6 361.4z\"><\/path><\/svg><\/button><\/div><\/div><\/div>\n<\/div>\n<\/div>\n\n\n\n<div class=\"wp-block-uagb-container uag-hide-mob uagb-block-f8090d74\">\n<div class=\"wp-block-uagb-container uagb-block-41453401\">\n<div class=\"wp-block-uagb-container uagb-block-6b3696e5\">\n<div class=\"wp-block-uagb-container uagb-block-707dbac9\">\n<div class=\"wp-block-uagb-modal uagb-block-4c9bfc7c uagb-modal-wrapper\" data-escpress=\"enable\" data-overlayclick=\"enable\"><img decoding=\"async\" src=\"https:\/\/museum-der-philosophie.de\/wp-content\/uploads\/2023\/05\/Fama_Newton_Locke_Hobbes-removebg-preview-150x199.png\" alt=\"\" class=\"uagb-modal-trigger\" width=\"150\" height=\"199\" loading=\"lazy\"\/><div class=\"uagb-effect-default uagb-modal-popup uagb-block-4c9bfc7c uagb-modal-type-undefined\"><div class=\"uagb-modal-popup-wrap\"><div class=\"uagb-modal-popup-content\">\n<figure class=\"wp-block-image size-full\"><img loading=\"lazy\" decoding=\"async\" width=\"800\" height=\"1061\" src=\"https:\/\/museum-der-philosophie.de\/wp-content\/uploads\/2023\/05\/Fama-Newton-Locke-Hobbes.jpg\" alt=\"\" class=\"wp-image-13094\" srcset=\"https:\/\/museum-der-philosophie.de\/wp-content\/uploads\/2023\/05\/Fama-Newton-Locke-Hobbes.jpg 800w, https:\/\/museum-der-philosophie.de\/wp-content\/uploads\/2023\/05\/Fama-Newton-Locke-Hobbes-400x531.jpg 400w, https:\/\/museum-der-philosophie.de\/wp-content\/uploads\/2023\/05\/Fama-Newton-Locke-Hobbes-150x199.jpg 150w, https:\/\/museum-der-philosophie.de\/wp-content\/uploads\/2023\/05\/Fama-Newton-Locke-Hobbes-768x1019.jpg 768w\" sizes=\"auto, (max-width: 800px) 100vw, 800px\" \/><\/figure>\n\n\n\n<div class=\"wp-block-uagb-advanced-heading uagb-block-b09e1639\"><h2 class=\"uagb-heading-text\">Fama<\/h2><p class=\"uagb-desc-text\">Kupferstich von T. Millow, 1804, nach R. Smirke<br>(public domin)<\/p><\/div>\n\n\n\n<p>Das Bild ist ein allegorisches Kunstwerk, das aus der Sammlung der Wellcome Library stammt. Es zeigt die Figur der Fama (Ruhm, Ber\u00fchmtheit) als zentrale Darstellung. Fama ist eine allegorische Personifikation, die h\u00e4ufig in Kunst und Literatur verwendet wird, um die Verbreitung von Ruhm, Wissen oder Informationen zu symbolisieren. Die Figur, dargestellt als gefl\u00fcgelte Frau, schwebt \u00fcber der Erde. Sie tr\u00e4gt eine Lampe, die als Symbol des Wissens, der Aufkl\u00e4rung oder der Wahrheit interpretiert werden kann. Die Lampe weist darauf hin, dass Fama Licht in die Dunkelheit bringt, \u00e4hnlich wie Wissen oder Bekanntheit in der Welt verbreitet wird.<br>Gew\u00fcrdigt werden in diesem Bild neben Thomas Hobbes: Isaac Newton, Robert Boyle, Kenelm Digby, Isaac Barrow, John Locke, Edmond Halley.<\/p>\n<\/div><button class=\"uagb-modal-popup-close\" aria-label=\"Close Modal\"><svg xmlns=\"https:\/\/www.w3.org\/2000\/svg\" viewBox=\"0 0 320 512\"><path d=\"M310.6 361.4c12.5 12.5 12.5 32.75 0 45.25C304.4 412.9 296.2 416 288 416s-16.38-3.125-22.62-9.375L160 301.3L54.63 406.6C48.38 412.9 40.19 416 32 416S15.63 412.9 9.375 406.6c-12.5-12.5-12.5-32.75 0-45.25l105.4-105.4L9.375 150.6c-12.5-12.5-12.5-32.75 0-45.25s32.75-12.5 45.25 0L160 210.8l105.4-105.4c12.5-12.5 32.75-12.5 45.25 0s12.5 32.75 0 45.25l-105.4 105.4L310.6 361.4z\"><\/path><\/svg><\/button><\/div><\/div><\/div>\n<\/div>\n<\/div>\n\n\n\n<div class=\"wp-block-uagb-container uagb-block-53cca82b\"><\/div>\n\n\n\n<div class=\"wp-block-uagb-container uagb-block-513bec9a\"><\/div>\n<\/div>\n\n\n\n<div class=\"wp-block-uagb-container uagb-block-7f296174\">\n<p style=\"font-size:14px\"><strong>Bildnachweis<\/strong><br>Hintergrund: Gem\u00e4lde von 1676, unbekannter K\u00fcnstler \/ Ausschnitt aus Titelblatt &#8222;Leviathan&#8220; &#8211; public domain<br><br><strong>Zitatnachweis<\/strong><br>John Rawls &#8222;Lectures on the History of Political Philosophy&#8220;<br><\/p>\n<\/div>\n<\/div>\n\n\n\n<div class=\"wp-block-uagb-container uag-hide-mob uagb-block-99a46a12\">\n<div class=\"wp-block-uagb-advanced-heading uagb-block-df22a6c2\"><h2 class=\"uagb-heading-text\">Hobbes&#8216; Leviathan ist das gr\u00f6\u00dfte Einzelwerk politischen Denkens in englischer Sprache.<br><sub>John Rawls<\/sub><\/h2><\/div>\n<\/div>\n<\/div>\n\n\n\n<div class=\"wp-block-uagb-modal uagb-block-40cd57cd uagb-modal-wrapper uag-hide-desktop uag-hide-tab\" data-escpress=\"enable\" data-overlayclick=\"enable\"><img decoding=\"async\" src=\"https:\/\/museum-der-philosophie.de\/wp-content\/uploads\/2024\/11\/2000px-Hamburger_icon.svg1_-150x150.png\" alt=\"\" class=\"uagb-modal-trigger\" width=\"150\" height=\"150\" loading=\"lazy\"\/><div class=\"uagb-effect-default uagb-modal-popup uagb-block-40cd57cd uagb-modal-type-undefined\"><div class=\"uagb-modal-popup-wrap\"><div class=\"uagb-modal-popup-content\"><form role=\"search\" method=\"get\" action=\"https:\/\/museum-der-philosophie.de\/\" class=\"wp-block-search__button-outside wp-block-search__text-button wp-block-search\"    ><label class=\"wp-block-search__label\" for=\"wp-block-search__input-2\"  style=\"font-size: 20px\"><strong>Suchen<\/strong><\/label><div class=\"wp-block-search__inside-wrapper\" ><input class=\"wp-block-search__input\" id=\"wp-block-search__input-2\" placeholder=\"\" value=\"\" type=\"search\" name=\"s\" required  style=\"font-size: 20px\"\/><button aria-label=\"Suchen\" class=\"wp-block-search__button wp-element-button\" type=\"submit\"  style=\"font-size: 20px\">Suchen<\/button><\/div><\/form>\n\n\n<div style=\"height:30px\" aria-hidden=\"true\" class=\"wp-block-spacer\"><\/div>\n\n\n\n<div class=\"wp-block-columns is-layout-flex wp-container-core-columns-is-layout-9d6595d7 wp-block-columns-is-layout-flex\">\n<div class=\"wp-block-column is-layout-flow wp-block-column-is-layout-flow\">\n<p class=\"has-text-align-left\"><strong>Wegweiser<\/strong><\/p>\n\n\n\n<p><a href=\"https:\/\/museum-der-philosophie.de\/\">Startseite<\/a><br><a href=\"https:\/\/museum-der-philosophie.de\/?page_id=3109\" data-type=\"page\" data-id=\"3109\">Themen und Objekte<\/a><br><a href=\"https:\/\/museum-der-philosophie.de\/?page_id=12381\" data-type=\"page\" data-id=\"12381\">Ideen und Ereignisse<\/a><br><a href=\"https:\/\/museum-der-philosophie.de\/?page_id=9393#a0\" data-type=\"page\" data-id=\"9393\">Was gibt&#8217;s Neues<\/a><br><a href=\"https:\/\/museum-der-philosophie.de\/?page_id=11208#a0\" data-type=\"page\" data-id=\"11208\">Kalenderblatt<\/a><\/p>\n\n\n\n<p>Das Museum<br>\u2022 <a href=\"https:\/\/museum-der-philosophie.de\/?page_id=1336\" data-type=\"page\" data-id=\"1336\">\u00dcber uns<\/a><br>\u2022 <a href=\"https:\/\/museum-der-philosophie.de\/?p=13711\" data-type=\"post\" data-id=\"13711\">Bildschirmdarstellung<\/a><br>\u2022 <a href=\"https:\/\/museum-der-philosophie.de\/?page_id=9363\" data-type=\"page\" data-id=\"9363\">Partner und Unterst\u00fctzer<\/a><br>\u2022 <a href=\"https:\/\/museum-der-philosophie.de\/?page_id=2054\" data-type=\"page\" data-id=\"2054\">Mitmachen<\/a><br>\u2022 <a href=\"https:\/\/museum-der-philosophie.de\/?page_id=7106\" data-type=\"page\" data-id=\"7106\">Newsletter<\/a><\/p>\n\n\n\n<p class=\"has-text-align-left\"><strong>R\u00e4ume<\/strong><\/p>\n\n\n\n<p><a href=\"https:\/\/museum-der-philosophie.de\/?page_id=561#a0\" data-type=\"page\" data-id=\"561\">Empfangshalle<\/a><br><a href=\"https:\/\/museum-der-philosophie.de\/?page_id=3140\" data-type=\"page\" data-id=\"3140\">Sonderausstellung<\/a><br><a href=\"https:\/\/museum-der-philosophie.de\/?page_id=688\" data-type=\"page\" data-id=\"688\">Ruhmeshalle<\/a><br><a href=\"https:\/\/museum-der-philosophie.de\/?page_id=1171\" data-type=\"page\" data-id=\"1171\">Bibliothek<\/a><br><a href=\"https:\/\/museum-der-philosophie.de\/?page_id=3375\" data-type=\"page\" data-id=\"3375\">Zitaten-Schatzkammer<\/a><br><a href=\"https:\/\/museum-der-philosophie.de\/?page_id=838\" data-type=\"page\" data-id=\"838\">Kids&#8216; Philosophy<\/a><br><a href=\"https:\/\/museum-der-philosophie.de\/?page_id=6128\" data-type=\"page\" data-id=\"6128\">Kinosaal<\/a><br><a href=\"https:\/\/museum-der-philosophie.de\/?page_id=1959\" data-type=\"page\" data-id=\"1959\">Debattenraum<\/a><\/p>\n\n\n\n<p><a href=\"https:\/\/museum-der-philosophie.de\/?page_id=1900\" data-type=\"page\" data-id=\"1900\">G\u00e4stebuch<\/a><\/p>\n\n\n\n<p><a href=\"https:\/\/museum-der-philosophie.de\/?page_id=1375\" data-type=\"page\" data-id=\"1375\">Rechtliches \/ Impressum<\/a><\/p>\n<\/div>\n<\/div>\n<\/div><button class=\"uagb-modal-popup-close\" aria-label=\"Close Modal\"><svg xmlns=\"https:\/\/www.w3.org\/2000\/svg\" viewBox=\"0 0 320 512\"><path d=\"M310.6 361.4c12.5 12.5 12.5 32.75 0 45.25C304.4 412.9 296.2 416 288 416s-16.38-3.125-22.62-9.375L160 301.3L54.63 406.6C48.38 412.9 40.19 416 32 416S15.63 412.9 9.375 406.6c-12.5-12.5-12.5-32.75 0-45.25l105.4-105.4L9.375 150.6c-12.5-12.5-12.5-32.75 0-45.25s32.75-12.5 45.25 0L160 210.8l105.4-105.4c12.5-12.5 32.75-12.5 45.25 0s12.5 32.75 0 45.25l-105.4 105.4L310.6 361.4z\"><\/path><\/svg><\/button><\/div><\/div><\/div>\n","protected":false},"excerpt":{"rendered":"<p>Thomas Hobbes war ein englischer Philosoph, der als einer der einflussreichsten Denker des 17. Jahrhunderts gilt. Sein bekanntestes Werk ist &#8222;Leviathan&#8220;, in dem er seine politische Theorie darlegt.<\/p>\n","protected":false},"author":1,"featured_media":2749,"comment_status":"closed","ping_status":"open","sticky":false,"template":"template-page-builder-no-header-footer.php","format":"standard","meta":{"_uag_custom_page_level_css":"","footnotes":""},"categories":[76],"tags":[92,104],"class_list":["post-3713","post","type-post","status-publish","format-standard","has-post-thumbnail","hentry","category-portraets","tag-barock","tag-hobbes"],"featured_image_src":"https:\/\/museum-der-philosophie.de\/wp-content\/uploads\/2023\/04\/839px-Thomas_Hobbes_by_John_Michael_Wright1.jpg","author_info":{"display_name":"Klaus F\u00fcrst","author_link":"https:\/\/museum-der-philosophie.de\/?author=1"},"uagb_featured_image_src":{"full":["https:\/\/museum-der-philosophie.de\/wp-content\/uploads\/2023\/04\/839px-Thomas_Hobbes_by_John_Michael_Wright1.jpg",839,1024,false],"thumbnail":["https:\/\/museum-der-philosophie.de\/wp-content\/uploads\/2023\/04\/839px-Thomas_Hobbes_by_John_Michael_Wright1-150x150.jpg",150,150,true],"medium":["https:\/\/museum-der-philosophie.de\/wp-content\/uploads\/2023\/04\/839px-Thomas_Hobbes_by_John_Michael_Wright1-246x300.jpg",246,300,true],"medium_large":["https:\/\/museum-der-philosophie.de\/wp-content\/uploads\/2023\/04\/839px-Thomas_Hobbes_by_John_Michael_Wright1-768x937.jpg",750,915,true],"large":["https:\/\/museum-der-philosophie.de\/wp-content\/uploads\/2023\/04\/839px-Thomas_Hobbes_by_John_Michael_Wright1.jpg",750,915,false],"1536x1536":["https:\/\/museum-der-philosophie.de\/wp-content\/uploads\/2023\/04\/839px-Thomas_Hobbes_by_John_Michael_Wright1.jpg",839,1024,false],"2048x2048":["https:\/\/museum-der-philosophie.de\/wp-content\/uploads\/2023\/04\/839px-Thomas_Hobbes_by_John_Michael_Wright1.jpg",839,1024,false],"education-zone-banner":["https:\/\/museum-der-philosophie.de\/wp-content\/uploads\/2023\/04\/839px-Thomas_Hobbes_by_John_Michael_Wright1-839x692.jpg",839,692,true],"education-zone-image-full":["https:\/\/museum-der-philosophie.de\/wp-content\/uploads\/2023\/04\/839px-Thomas_Hobbes_by_John_Michael_Wright1-839x458.jpg",839,458,true],"education-zone-image":["https:\/\/museum-der-philosophie.de\/wp-content\/uploads\/2023\/04\/839px-Thomas_Hobbes_by_John_Michael_Wright1-750x458.jpg",750,458,true],"education-zone-recent-post":["https:\/\/museum-der-philosophie.de\/wp-content\/uploads\/2023\/04\/839px-Thomas_Hobbes_by_John_Michael_Wright1-70x70.jpg",70,70,true],"education-zone-search-result":["https:\/\/museum-der-philosophie.de\/wp-content\/uploads\/2023\/04\/839px-Thomas_Hobbes_by_John_Michael_Wright1-246x246.jpg",246,246,true],"education-zone-featured-course":["https:\/\/museum-der-philosophie.de\/wp-content\/uploads\/2023\/04\/839px-Thomas_Hobbes_by_John_Michael_Wright1-276x276.jpg",276,276,true],"education-zone-testimonial":["https:\/\/museum-der-philosophie.de\/wp-content\/uploads\/2023\/04\/839px-Thomas_Hobbes_by_John_Michael_Wright1-125x125.jpg",125,125,true],"education-zone-blog-full":["https:\/\/museum-der-philosophie.de\/wp-content\/uploads\/2023\/04\/839px-Thomas_Hobbes_by_John_Michael_Wright1-839x480.jpg",839,480,true],"wpvr_mobile":["https:\/\/museum-der-philosophie.de\/wp-content\/uploads\/2023\/04\/839px-Thomas_Hobbes_by_John_Michael_Wright1.jpg",839,1024,false]},"uagb_author_info":{"display_name":"Klaus F\u00fcrst","author_link":"https:\/\/museum-der-philosophie.de\/?author=1"},"uagb_comment_info":0,"uagb_excerpt":"Thomas Hobbes war ein englischer Philosoph, der als einer der einflussreichsten Denker des 17. Jahrhunderts gilt. Sein bekanntestes Werk ist \"Leviathan\", in dem er seine politische Theorie darlegt.","_links":{"self":[{"href":"https:\/\/museum-der-philosophie.de\/index.php?rest_route=\/wp\/v2\/posts\/3713","targetHints":{"allow":["GET"]}}],"collection":[{"href":"https:\/\/museum-der-philosophie.de\/index.php?rest_route=\/wp\/v2\/posts"}],"about":[{"href":"https:\/\/museum-der-philosophie.de\/index.php?rest_route=\/wp\/v2\/types\/post"}],"author":[{"embeddable":true,"href":"https:\/\/museum-der-philosophie.de\/index.php?rest_route=\/wp\/v2\/users\/1"}],"replies":[{"embeddable":true,"href":"https:\/\/museum-der-philosophie.de\/index.php?rest_route=%2Fwp%2Fv2%2Fcomments&post=3713"}],"version-history":[{"count":53,"href":"https:\/\/museum-der-philosophie.de\/index.php?rest_route=\/wp\/v2\/posts\/3713\/revisions"}],"predecessor-version":[{"id":15701,"href":"https:\/\/museum-der-philosophie.de\/index.php?rest_route=\/wp\/v2\/posts\/3713\/revisions\/15701"}],"wp:featuredmedia":[{"embeddable":true,"href":"https:\/\/museum-der-philosophie.de\/index.php?rest_route=\/wp\/v2\/media\/2749"}],"wp:attachment":[{"href":"https:\/\/museum-der-philosophie.de\/index.php?rest_route=%2Fwp%2Fv2%2Fmedia&parent=3713"}],"wp:term":[{"taxonomy":"category","embeddable":true,"href":"https:\/\/museum-der-philosophie.de\/index.php?rest_route=%2Fwp%2Fv2%2Fcategories&post=3713"},{"taxonomy":"post_tag","embeddable":true,"href":"https:\/\/museum-der-philosophie.de\/index.php?rest_route=%2Fwp%2Fv2%2Ftags&post=3713"}],"curies":[{"name":"wp","href":"https:\/\/api.w.org\/{rel}","templated":true}]}}