{"id":5709,"date":"2023-10-03T15:45:35","date_gmt":"2023-10-03T15:45:35","guid":{"rendered":"https:\/\/museum-der-philosophie.de\/?p=5709"},"modified":"2025-01-30T08:49:55","modified_gmt":"2025-01-30T06:49:55","slug":"georg-wilhelm-friedrich-hegel","status":"publish","type":"post","link":"https:\/\/museum-der-philosophie.de\/?p=5709","title":{"rendered":"Georg Wilhelm Friedrich Hegel"},"content":{"rendered":"\n<div class=\"wp-block-uagb-modal uagb-block-40cd57cd uagb-modal-wrapper uag-hide-desktop uag-hide-tab\" data-escpress=\"enable\" data-overlayclick=\"enable\"><img decoding=\"async\" src=\"https:\/\/museum-der-philosophie.de\/wp-content\/uploads\/2024\/11\/2000px-Hamburger_icon.svg1_-150x150.png\" alt=\"\" class=\"uagb-modal-trigger\" width=\"150\" height=\"150\" loading=\"lazy\"\/><div class=\"uagb-effect-default uagb-modal-popup uagb-block-40cd57cd uagb-modal-type-undefined\"><div class=\"uagb-modal-popup-wrap\"><div class=\"uagb-modal-popup-content\"><form role=\"search\" method=\"get\" action=\"https:\/\/museum-der-philosophie.de\/\" class=\"wp-block-search__button-outside wp-block-search__text-button wp-block-search\"    ><label class=\"wp-block-search__label\" for=\"wp-block-search__input-1\"  style=\"font-size: 20px\"><strong>Suchen<\/strong><\/label><div class=\"wp-block-search__inside-wrapper\" ><input class=\"wp-block-search__input\" id=\"wp-block-search__input-1\" placeholder=\"\" value=\"\" type=\"search\" name=\"s\" required  style=\"font-size: 20px\"\/><button aria-label=\"Suchen\" class=\"wp-block-search__button wp-element-button\" type=\"submit\"  style=\"font-size: 20px\">Suchen<\/button><\/div><\/form>\n\n\n<div style=\"height:30px\" aria-hidden=\"true\" class=\"wp-block-spacer\"><\/div>\n\n\n\n<div class=\"wp-block-columns is-layout-flex wp-container-core-columns-is-layout-9d6595d7 wp-block-columns-is-layout-flex\">\n<div class=\"wp-block-column is-layout-flow wp-block-column-is-layout-flow\">\n<p class=\"has-text-align-left\"><strong>Wegweiser<\/strong><\/p>\n\n\n\n<p><a href=\"https:\/\/museum-der-philosophie.de\/\">Startseite<\/a><br><a href=\"https:\/\/museum-der-philosophie.de\/?page_id=3109\" data-type=\"page\" data-id=\"3109\">Themen und Objekte<\/a><br><a href=\"https:\/\/museum-der-philosophie.de\/?page_id=12381\" data-type=\"page\" data-id=\"12381\">Ideen und Ereignisse<\/a><br><a href=\"https:\/\/museum-der-philosophie.de\/?page_id=9393#a0\" data-type=\"page\" data-id=\"9393\">Was gibt&#8217;s Neues<\/a><br><a href=\"https:\/\/museum-der-philosophie.de\/?page_id=11208#a0\" data-type=\"page\" data-id=\"11208\">Kalenderblatt<\/a><\/p>\n\n\n\n<p>Das Museum<br>\u2022 <a href=\"https:\/\/museum-der-philosophie.de\/?page_id=1336\" data-type=\"page\" data-id=\"1336\">\u00dcber uns<\/a><br>\u2022 <a href=\"https:\/\/museum-der-philosophie.de\/?p=13711\" data-type=\"post\" data-id=\"13711\">Bildschirmdarstellung<\/a><br>\u2022 <a href=\"https:\/\/museum-der-philosophie.de\/?page_id=9363\" data-type=\"page\" data-id=\"9363\">Partner und Unterst\u00fctzer<\/a><br>\u2022 <a href=\"https:\/\/museum-der-philosophie.de\/?page_id=2054\" data-type=\"page\" data-id=\"2054\">Mitmachen<\/a><br>\u2022 <a href=\"https:\/\/museum-der-philosophie.de\/?page_id=7106\" data-type=\"page\" data-id=\"7106\">Newsletter<\/a><\/p>\n\n\n\n<p class=\"has-text-align-left\"><strong>R\u00e4ume<\/strong><\/p>\n\n\n\n<p><a href=\"https:\/\/museum-der-philosophie.de\/?page_id=561#a0\" data-type=\"page\" data-id=\"561\">Empfangshalle<\/a><br><a href=\"https:\/\/museum-der-philosophie.de\/?page_id=3140\" data-type=\"page\" data-id=\"3140\">Sonderausstellung<\/a><br><a href=\"https:\/\/museum-der-philosophie.de\/?page_id=688\" data-type=\"page\" data-id=\"688\">Ruhmeshalle<\/a><br><a href=\"https:\/\/museum-der-philosophie.de\/?page_id=1171\" data-type=\"page\" data-id=\"1171\">Bibliothek<\/a><br><a href=\"https:\/\/museum-der-philosophie.de\/?page_id=3375\" data-type=\"page\" data-id=\"3375\">Zitaten-Schatzkammer<\/a><br><a href=\"https:\/\/museum-der-philosophie.de\/?page_id=838\" data-type=\"page\" data-id=\"838\">Kids&#8216; Philosophy<\/a><br><a href=\"https:\/\/museum-der-philosophie.de\/?page_id=6128\" data-type=\"page\" data-id=\"6128\">Kinosaal<\/a><br><a href=\"https:\/\/museum-der-philosophie.de\/?page_id=1959\" data-type=\"page\" data-id=\"1959\">Debattenraum<\/a><\/p>\n\n\n\n<p><a href=\"https:\/\/museum-der-philosophie.de\/?page_id=1900\" data-type=\"page\" data-id=\"1900\">G\u00e4stebuch<\/a><\/p>\n\n\n\n<p><a href=\"https:\/\/museum-der-philosophie.de\/?page_id=1375\" data-type=\"page\" data-id=\"1375\">Rechtliches \/ Impressum<\/a><\/p>\n<\/div>\n<\/div>\n<\/div><button class=\"uagb-modal-popup-close\" aria-label=\"Close Modal\"><svg xmlns=\"https:\/\/www.w3.org\/2000\/svg\" viewBox=\"0 0 320 512\"><path d=\"M310.6 361.4c12.5 12.5 12.5 32.75 0 45.25C304.4 412.9 296.2 416 288 416s-16.38-3.125-22.62-9.375L160 301.3L54.63 406.6C48.38 412.9 40.19 416 32 416S15.63 412.9 9.375 406.6c-12.5-12.5-12.5-32.75 0-45.25l105.4-105.4L9.375 150.6c-12.5-12.5-12.5-32.75 0-45.25s32.75-12.5 45.25 0L160 210.8l105.4-105.4c12.5-12.5 32.75-12.5 45.25 0s12.5 32.75 0 45.25l-105.4 105.4L310.6 361.4z\"><\/path><\/svg><\/button><\/div><\/div><\/div>\n\n\n\n<div class=\"wp-block-uagb-container uag-hide-desktop uag-hide-tab uagb-block-6afda995 alignfull uagb-is-root-container\"><div class=\"uagb-container-inner-blocks-wrap\">\n<p class=\"has-text-align-center has-white-color has-luminous-vivid-orange-background-color has-text-color has-background has-link-color uag-hide-desktop uag-hide-tab wp-elements-604b59db84068a3d44a47482301b3412\">Dies ist eine vereinfachte Darstellung f\u00fcr Mobiltelefone.<br>Die originalgetreue Wiedergabe des Exponats ist nur auf Bildschirm oder Tablet m\u00f6glich.<\/p>\n<\/div><\/div>\n\n\n\n<div id=\"a0\" class=\"wp-block-uagb-container uagb-block-ae6d3886 default uagb-is-root-container\">\n<div class=\"wp-block-uagb-container uagb-block-309d4a35\">\n<div class=\"wp-block-uagb-container uag-hide-mob uagb-block-55d7099b\">\n<div class=\"wp-block-uagb-modal uagb-block-8075ad28 uagb-modal-wrapper\" data-escpress=\"enable\" data-overlayclick=\"enable\"><img decoding=\"async\" src=\"https:\/\/museum-der-philosophie.de\/wp-content\/uploads\/2024\/11\/2000px-Hamburger_icon.svg1_-400x400.png\" alt=\"\" class=\"uagb-modal-trigger\" width=\"400\" height=\"400\" loading=\"lazy\"\/><div class=\"uagb-effect-default uagb-modal-popup uagb-block-8075ad28 uagb-modal-type-undefined\"><div class=\"uagb-modal-popup-wrap\"><div class=\"uagb-modal-popup-content\"><form role=\"search\" method=\"get\" action=\"https:\/\/museum-der-philosophie.de\/\" class=\"wp-block-search__button-outside wp-block-search__text-button wp-block-search\"    ><label class=\"wp-block-search__label\" for=\"wp-block-search__input-2\"  style=\"font-size: 20px\"><strong>Suchen<\/strong><\/label><div class=\"wp-block-search__inside-wrapper\" ><input class=\"wp-block-search__input\" id=\"wp-block-search__input-2\" placeholder=\"\" value=\"\" type=\"search\" name=\"s\" required  style=\"font-size: 20px\"\/><button aria-label=\"Suchen\" class=\"wp-block-search__button wp-element-button\" type=\"submit\"  style=\"font-size: 20px\">Suchen<\/button><\/div><\/form>\n\n\n<div style=\"height:30px\" aria-hidden=\"true\" class=\"wp-block-spacer\"><\/div>\n\n\n\n<div class=\"wp-block-columns is-layout-flex wp-container-core-columns-is-layout-9d6595d7 wp-block-columns-is-layout-flex\">\n<div class=\"wp-block-column is-layout-flow wp-block-column-is-layout-flow\" style=\"font-size:18px\">\n<p class=\"has-text-align-left\" style=\"font-size:20px\"><strong>Wegweiser<\/strong><\/p>\n\n\n\n<p style=\"font-size:20px\"><a href=\"https:\/\/museum-der-philosophie.de\/\">Startseite<\/a><\/p>\n\n\n\n<p style=\"font-size:20px\"><a href=\"https:\/\/museum-der-philosophie.de\/?page_id=561#a11\" data-type=\"page\" data-id=\"561\">Wegweiser<\/a><\/p>\n\n\n\n<p style=\"font-size:20px\"><a href=\"https:\/\/museum-der-philosophie.de\/?page_id=3109\" data-type=\"page\" data-id=\"3109\">Themen und Objekte<\/a><\/p>\n\n\n\n<p style=\"font-size:20px\"><a href=\"https:\/\/museum-der-philosophie.de\/?page_id=12381\">Ideen und Ereignisse<\/a><\/p>\n\n\n\n<p style=\"font-size:20px\"><a href=\"https:\/\/museum-der-philosophie.de\/?page_id=9393#a0\" data-type=\"page\" data-id=\"9393\">Was gibt&#8217;s Neues<\/a><\/p>\n\n\n\n<p style=\"font-size:20px\"><a href=\"https:\/\/museum-der-philosophie.de\/?page_id=11208#a0\" data-type=\"page\" data-id=\"11208\">Kalenderblatt<\/a><\/p>\n<\/div>\n\n\n\n<div class=\"wp-block-column is-layout-flow wp-block-column-is-layout-flow\">\n<p class=\"has-text-align-left\" style=\"font-size:20px\"><strong>R\u00e4ume<\/strong><\/p>\n\n\n\n<p style=\"font-size:20px\"><a href=\"https:\/\/museum-der-philosophie.de\/?page_id=561#a0\" data-type=\"page\" data-id=\"561\">Empfangshalle<\/a><\/p>\n\n\n\n<p style=\"font-size:20px\"><a href=\"https:\/\/museum-der-philosophie.de\/?page_id=3140\" data-type=\"page\" data-id=\"3140\">Sonderausstellung<\/a><\/p>\n\n\n\n<p style=\"font-size:20px\"><a href=\"https:\/\/museum-der-philosophie.de\/?page_id=688\" data-type=\"page\" data-id=\"688\">Ruhmeshalle<\/a><\/p>\n\n\n\n<p style=\"font-size:20px\"><a href=\"https:\/\/museum-der-philosophie.de\/?page_id=14612\" data-type=\"page\" data-id=\"688\">Kunstgalerie<\/a><\/p>\n\n\n\n<p style=\"font-size:20px\"><a href=\"https:\/\/museum-der-philosophie.de\/?page_id=1171\" data-type=\"page\" data-id=\"1171\">Bibliothek<\/a><\/p>\n\n\n\n<p style=\"font-size:20px\"><a href=\"https:\/\/museum-der-philosophie.de\/?page_id=3375\" data-type=\"page\" data-id=\"3375\">Zitaten-Schatzkammer<\/a><\/p>\n\n\n\n<p style=\"font-size:20px\"><a href=\"https:\/\/museum-der-philosophie.de\/?page_id=838\" data-type=\"page\" data-id=\"838\">Kids&#8216; Philosophy<\/a><\/p>\n\n\n\n<p style=\"font-size:20px\"><a href=\"https:\/\/museum-der-philosophie.de\/?page_id=6128\" data-type=\"page\" data-id=\"6128\">Kinosaal<\/a><\/p>\n\n\n\n<p style=\"font-size:20px\"><a href=\"https:\/\/museum-der-philosophie.de\/?page_id=1959\" data-type=\"page\" data-id=\"1959\">Debattenraum<\/a><\/p>\n<\/div>\n\n\n\n<div class=\"wp-block-column is-layout-flow wp-block-column-is-layout-flow\">\n<p style=\"font-size:20px\"><strong>Das Museum<\/strong><\/p>\n\n\n\n<p style=\"font-size:20px\"><a href=\"https:\/\/museum-der-philosophie.de\/?page_id=1336\" data-type=\"page\" data-id=\"1336\">\u00dcber uns<\/a><\/p>\n\n\n\n<p style=\"font-size:20px\"><a href=\"https:\/\/museum-der-philosophie.de\/?p=13711\" data-type=\"post\" data-id=\"13711\">Bildschirmdarstellung<\/a><\/p>\n\n\n\n<p style=\"font-size:20px\"><a href=\"https:\/\/museum-der-philosophie.de\/?page_id=9363\" data-type=\"page\" data-id=\"9363\">Partner und Unterst\u00fctzer<\/a><\/p>\n\n\n\n<p style=\"font-size:20px\"><a href=\"https:\/\/museum-der-philosophie.de\/?page_id=2054\" data-type=\"page\" data-id=\"2054\">Mitmachen<\/a><\/p>\n\n\n\n<p style=\"font-size:20px\"><a href=\"https:\/\/museum-der-philosophie.de\/?page_id=7106\" data-type=\"page\" data-id=\"7106\">Newsletter<\/a><\/p>\n\n\n\n<p style=\"font-size:20px\"><a href=\"https:\/\/museum-der-philosophie.de\/?page_id=1375\" data-type=\"page\" data-id=\"1375\">Rechtliches \/ Impressum<\/a><\/p>\n\n\n\n<p style=\"font-size:20px\"><strong><mark style=\"background-color:rgba(0, 0, 0, 0)\" class=\"has-inline-color has-luminous-vivid-orange-color\">Bitte trage dich in unser<br><a href=\"https:\/\/museum-der-philosophie.de\/?page_id=1900\" data-type=\"page\" data-id=\"1900\">G\u00e4stebuch<\/a> ein.<br>\u00dcber ein paar Zeilen w\u00fcrden wir uns sehr freuen.<\/mark><\/strong><\/p>\n<\/div>\n<\/div>\n<\/div><button class=\"uagb-modal-popup-close\" aria-label=\"Close Modal\"><svg xmlns=\"https:\/\/www.w3.org\/2000\/svg\" viewBox=\"0 0 320 512\"><path d=\"M310.6 361.4c12.5 12.5 12.5 32.75 0 45.25C304.4 412.9 296.2 416 288 416s-16.38-3.125-22.62-9.375L160 301.3L54.63 406.6C48.38 412.9 40.19 416 32 416S15.63 412.9 9.375 406.6c-12.5-12.5-12.5-32.75 0-45.25l105.4-105.4L9.375 150.6c-12.5-12.5-12.5-32.75 0-45.25s32.75-12.5 45.25 0L160 210.8l105.4-105.4c12.5-12.5 32.75-12.5 45.25 0s12.5 32.75 0 45.25l-105.4 105.4L310.6 361.4z\"><\/path><\/svg><\/button><\/div><\/div><\/div>\n\n\n\n<div class=\"wp-block-uagb-advanced-heading uagb-block-3c927f7b\"><div class=\"uagb-heading-text\">Men\u00fc<\/div><\/div>\n<\/div>\n\n\n\n<div class=\"wp-block-uagb-container uagb-block-27f57c07\">\n<div class=\"wp-block-uagb-container uagb-block-54910ede\">\n<div class=\"wp-block-uagb-advanced-heading uagb-block-383f54a2\"><h2 class=\"uagb-heading-text\"><strong><strong>Georg Wilhelm Friedrich Hegel<\/strong><\/strong><br><a href=\"#a1\"><\/a><\/h2><p class=\"uagb-desc-text\"><strong>* <\/strong>27.08.1770 Stuttgart<br>\u2020 14.11.1831 Berlin<strong><br><\/strong>war ein deutscher Philosoph, der f\u00fcr die Entwicklung der dialektischen Methode und seine Ideen zur Geschichtsphilosophie bekannt ist, welche die Grundlagen f\u00fcr das Verst\u00e4ndnis von Gesellschaft, Geschichte und Vernunft gelegt haben.<\/p><\/div>\n\n\n\n<p class=\"has-white-color has-text-color has-link-color has-small-font-size wp-elements-80532532a08d5342edb5259f09ab8d4d\">Bild: Hegel w\u00e4hrend einer Vorlesung<br>Lithografie von Franz Theodor Kugler (1828) <br>Kupferstichkabinett Berlin \/ J\u00f6rg P. Anders <br>(<a href=\"https:\/\/creativecommons.org\/licenses\/by-nc-sa\/4.0\/\" data-type=\"link\" data-id=\"https:\/\/creativecommons.org\/licenses\/by-nc-sa\/4.0\/\" target=\"_blank\" rel=\"noreferrer noopener\">public domain mark 1<\/a>)<\/p>\n<\/div>\n<\/div>\n<\/div>\n\n\n\n<div class=\"wp-block-uagb-container uag-hide-mob uag-blocks-common-selector uagb-block-fd294d21\">\n<div class=\"wp-block-uagb-advanced-heading uagb-block-92c41643\"><div class=\"uagb-heading-text\"><em>Das Wahre ist das Ganze<\/em><\/div><\/div>\n\n\n\n<div class=\"wp-block-uagb-container uagb-block-c107189d\">\n<div class=\"wp-block-uagb-testimonial uagb-slick-carousel uagb-tm__arrow-outside uagb-block-3f3ce948\"><div class=\"is-carousel uagb-tm__columns-1 uagb-tm__items\"><div class=\"uagb-testimonial__wrap  uagb-tm__imgicon-style-circle uagb-tm__image-position-bottom uagb-tm__bg-type-color \"><div class=\"uagb-tm__content\"><div class=\"uagb-tm__overlay\"><\/div><div class=\"uagb-tm__text-wrap\"><div class=\"uagb-tm__desc\"><br><em><em><strong>Geschichte ist nur das, was in der Entwicklung des Geistes eine wesentliche Epoche ausmacht.<\/strong><\/em><\/em><br><\/div><div class=\"uagb-tm__meta-inner\"><div class=\"uagb-testimonial-details\"><span class=\"uagb-tm__author-name\"><\/span><span class=\"uagb-tm__company\">Company Name<\/span><\/div><\/div><\/div><\/div><\/div><div class=\"uagb-testimonial__wrap  uagb-tm__imgicon-style-circle uagb-tm__image-position-bottom uagb-tm__bg-type-color \"><div class=\"uagb-tm__content\"><div class=\"uagb-tm__overlay\"><\/div><div class=\"uagb-tm__text-wrap\"><div class=\"uagb-tm__desc\"><strong><em>Was die Erfahrung aber und die Geschichte lehren, ist dieses, dass V\u00f6lker und Regierungen niemals etwas aus der Geschichte gelernt haben<\/em>.<\/strong><\/div><div class=\"uagb-tm__meta-inner\"><div class=\"uagb-testimonial-details\"><span class=\"uagb-tm__author-name\"> <\/span><span class=\"uagb-tm__company\">Company Name<\/span><\/div><\/div><\/div><\/div><\/div><div class=\"uagb-testimonial__wrap  uagb-tm__imgicon-style-circle uagb-tm__image-position-bottom uagb-tm__bg-type-color \"><div class=\"uagb-tm__content\"><div class=\"uagb-tm__overlay\"><\/div><div class=\"uagb-tm__text-wrap\"><div class=\"uagb-tm__desc\"><br><br><br><strong><em>Das reine Sein und das reine Nichts ist also dasselbe.<\/em><\/strong><br><br><br><br><\/div><div class=\"uagb-tm__meta-inner\"><div class=\"uagb-testimonial-details\"><span class=\"uagb-tm__author-name\"><\/span><span class=\"uagb-tm__company\">Company Name<\/span><\/div><\/div><\/div><\/div><\/div><div class=\"uagb-testimonial__wrap  uagb-tm__imgicon-style-circle uagb-tm__image-position-bottom uagb-tm__bg-type-color \"><div class=\"uagb-tm__content\"><div class=\"uagb-tm__overlay\"><\/div><div class=\"uagb-tm__text-wrap\"><div class=\"uagb-tm__desc\"><br><em><strong>Der Mut der Wahrheit, der Glaube an die Macht des Geistes ist die erste Bedingung der Philosophie.<\/strong><\/em><\/div><div class=\"uagb-tm__meta-inner\"><div class=\"uagb-testimonial-details\"><span class=\"uagb-tm__author-name\"><\/span><span class=\"uagb-tm__company\">Company Name<\/span><\/div><\/div><\/div><\/div><\/div><div class=\"uagb-testimonial__wrap  uagb-tm__imgicon-style-circle uagb-tm__image-position-bottom uagb-tm__bg-type-color \"><div class=\"uagb-tm__content\"><div class=\"uagb-tm__overlay\"><\/div><div class=\"uagb-tm__text-wrap\"><div class=\"uagb-tm__desc\"><strong><br><br><em>Die Weltgeschichte ist der Fortschritt im Bewusstsein der Freiheit.<\/em><\/strong><br><br><br><\/div><div class=\"uagb-tm__meta-inner\"><div class=\"uagb-testimonial-details\"><span class=\"uagb-tm__author-name\">John Doe<\/span><span class=\"uagb-tm__company\">Company Name<\/span><\/div><\/div><\/div><\/div><\/div><div class=\"uagb-testimonial__wrap  uagb-tm__imgicon-style-circle uagb-tm__image-position-bottom uagb-tm__bg-type-color \"><div class=\"uagb-tm__content\"><div class=\"uagb-tm__overlay\"><\/div><div class=\"uagb-tm__text-wrap\"><div class=\"uagb-tm__desc\"><br><strong><em>Was vern\u00fcnftig ist, das ist Wirklich; und was wirklich ist, das ist vern\u00fcnftig.<\/em><\/strong><br><br><\/div><div class=\"uagb-tm__meta-inner\"><div class=\"uagb-testimonial-details\"><span class=\"uagb-tm__author-name\">John Doe<\/span><span class=\"uagb-tm__company\">Company Name<\/span><\/div><\/div><\/div><\/div><\/div><\/div><\/div>\n<\/div>\n<\/div>\n\n\n\n<div class=\"wp-block-uagb-container uag-blocks-common-selector uagb-block-55348c87\">\n<div class=\"wp-block-uagb-container uagb-block-425ef6a5\">\n<div class=\"wp-block-uagb-container uagb-block-27e976ec\">\n<div class=\"wp-block-uagb-modal uagb-block-4beafe1a uagb-modal-wrapper\" data-escpress=\"enable\" data-overlayclick=\"enable\"><img decoding=\"async\" src=\"https:\/\/museum-der-philosophie.de\/wp-content\/uploads\/2024\/03\/Biografie3.png\" alt=\"\" class=\"uagb-modal-trigger\" width=\"249\" height=\"212\" loading=\"lazy\"\/><div class=\"uagb-effect-default uagb-modal-popup uagb-block-4beafe1a uagb-modal-type-undefined\"><div class=\"uagb-modal-popup-wrap\"><div class=\"uagb-modal-popup-content\"><div class=\"wp-block-image\">\n<figure class=\"alignright size-full is-resized\"><img loading=\"lazy\" decoding=\"async\" width=\"997\" height=\"587\" src=\"https:\/\/museum-der-philosophie.de\/wp-content\/uploads\/2024\/12\/Hegel-schelling-hoelderlin-Tuebingen.jpg\" alt=\"\" class=\"wp-image-13648\" style=\"width:404px;height:auto\" srcset=\"https:\/\/museum-der-philosophie.de\/wp-content\/uploads\/2024\/12\/Hegel-schelling-hoelderlin-Tuebingen.jpg 997w, https:\/\/museum-der-philosophie.de\/wp-content\/uploads\/2024\/12\/Hegel-schelling-hoelderlin-Tuebingen-400x236.jpg 400w, https:\/\/museum-der-philosophie.de\/wp-content\/uploads\/2024\/12\/Hegel-schelling-hoelderlin-Tuebingen-150x88.jpg 150w, https:\/\/museum-der-philosophie.de\/wp-content\/uploads\/2024\/12\/Hegel-schelling-hoelderlin-Tuebingen-768x452.jpg 768w\" sizes=\"auto, (max-width: 997px) 100vw, 997px\" \/><\/figure>\n<\/div>\n\n\n<p>Georg Wilhelm Friedrich Hegel, 1770 in Stuttgart geboren, war ein deutscher Philosoph, der eng mit Schelling und H\u00f6lderlin verbunden war, da sie gemeinsam am T\u00fcbinger Stift Philosophie studierten und eine Begeisterung f\u00fcr die Antike sowie die Franz\u00f6sische Revolution teilten. Hegels lebenslange Bewunderung f\u00fcr die Griechen pr\u00e4gte sein Denken.<br>Im Vergleich zu Schelling, der f\u00fcnf Jahre j\u00fcnger war und fr\u00fch als genial galt, fiel Hegels Begabung zun\u00e4chst nicht besonders auf. Er war ein tiefgr\u00fcndiger, aber langsamer Denker, der lange Zeit brauchte, um seine Gedanken zur Ver\u00f6ffentlichung vorzubereiten. Als er jedoch seine Schriften ver\u00f6ffentlichte, zeigten sie eine koh\u00e4rente Einheit seiner Gedanken im Gegensatz zu Schelling, der seine Positionen oft \u00e4nderte.<\/p>\n\n\n<div class=\"wp-block-image\">\n<figure class=\"alignleft size-full is-resized\"><img loading=\"lazy\" decoding=\"async\" width=\"365\" height=\"653\" src=\"https:\/\/museum-der-philosophie.de\/wp-content\/uploads\/2023\/10\/hegel-phaenomenologie.jpg\" alt=\"\" class=\"wp-image-5720\" style=\"width:280px;height:auto\" srcset=\"https:\/\/museum-der-philosophie.de\/wp-content\/uploads\/2023\/10\/hegel-phaenomenologie.jpg 365w, https:\/\/museum-der-philosophie.de\/wp-content\/uploads\/2023\/10\/hegel-phaenomenologie-150x268.jpg 150w\" sizes=\"auto, (max-width: 365px) 100vw, 365px\" \/><\/figure>\n<\/div>\n\n\n<p>Nach einigen Jahren als Hauslehrer erm\u00f6glichte ihm eine Erbschaft, seiner inneren Berufung zu folgen, und er habilitierte sich auf Empfehlung von Schelling an der Universit\u00e4t Jena. Dort, inmitten eines geistigen Zentrums, das von bekannten Pers\u00f6nlichkeiten wie Schiller, Fichte, Schelling und den Romantikern frequentiert wurde, lehrte Hegel von 1801 bis 1806 und vollendete sein bedeutendes Werk &#8222;Ph\u00e4nomenologie des Geistes&#8220;.<br>Als Preu\u00dfen 1806 in der Schlacht bei Jena besiegt wurde, verlie\u00df Hegel die Stadt. Nach Stationen als Redakteur und Rektor eines Gymnasiums in N\u00fcrnberg schrieb Hegel seine &#8222;Wissenschaft der Logik&#8220; und wurde schlie\u00dflich nach Heidelberg berufen, wo er die &#8222;Enzyklop\u00e4die der philosophischen Wissenschaften&#8220; verfasste. <\/p>\n\n\n<div class=\"wp-block-image\">\n<figure class=\"alignright size-full is-resized\"><img loading=\"lazy\" decoding=\"async\" width=\"434\" height=\"546\" src=\"https:\/\/museum-der-philosophie.de\/wp-content\/uploads\/2023\/10\/Hegel-das-gelehrte-Berlin.jpg\" alt=\"\" class=\"wp-image-5806\" style=\"width:340px;height:auto\" srcset=\"https:\/\/museum-der-philosophie.de\/wp-content\/uploads\/2023\/10\/Hegel-das-gelehrte-Berlin.jpg 434w, https:\/\/museum-der-philosophie.de\/wp-content\/uploads\/2023\/10\/Hegel-das-gelehrte-Berlin-400x503.jpg 400w, https:\/\/museum-der-philosophie.de\/wp-content\/uploads\/2023\/10\/Hegel-das-gelehrte-Berlin-150x189.jpg 150w\" sizes=\"auto, (max-width: 434px) 100vw, 434px\" \/><figcaption class=\"wp-element-caption\">\u201c<em>Das gelehrte Berlin<\/em>\u201d&nbsp;(Beschreibung siehe unter EHRUNGEN)<\/figcaption><\/figure>\n<\/div>\n\n\n<p>Schlie\u00dflich folgte der Ruf nach Berlin, wo Hegel seinen gr\u00f6\u00dften Einfluss aus\u00fcbte. Seine Vorlesungen fesselten f\u00fchrende Pers\u00f6nlichkeiten des Staates, und er wurde als der &#8222;preu\u00dfische Staatsphilosoph&#8220; anerkannt. Seine Sch\u00fcler \u00fcbernahmen Lehrst\u00fchle an Universit\u00e4ten, und die Hegelschen Ideen dominierte die deutsche Philosophieszene. Hegel behandelte eine breite Palette von Themen, darunter Rechts-, Kunst-, Religionsphilosophie, Philosophie der Geschichte und Geschichte der Philosophie. Nach seinem Tod im Jahr 1831 wurden viele seiner Vorlesungen von Sch\u00fclern ver\u00f6ffentlicht und bildeten einen wichtigen Teil seiner Werke.<\/p>\n\n\n\n<p>Hegel ist am bekanntesten f\u00fcr seine Entwicklung der dialektischen Methode, die er in Werken wie der &#8222;<em>Wissenschaft der Logik<\/em>&#8220; und der &#8222;<em>Ph\u00e4nomenologie des Geistes<\/em>&#8220; entwickelte. Diese Methode betont die Entwicklung von Ideen und Konzepten durch den Widerspruch und die Synthese von Gegens\u00e4tzen. F\u00fcr Hegel ist die Realit\u00e4t in st\u00e4ndiger Ver\u00e4nderung, und die Geschichte ist ein Prozess, in dem Ideen und Geist sich entwickeln. Diese dialektische Methode ist zentral f\u00fcr sein philosophisches System und beeinflusst viele sp\u00e4tere Denker.<br>Ein weiteres Schl\u00fcsselkonzept in Hegels Philosophie ist der &#8222;Weltgeist&#8220; oder die &#8222;Idee&#8220;. Hegel glaubte, dass die Wirklichkeit letztendlich von einem allumfassenden Geist oder einer Idee gepr\u00e4gt ist, die sich in der Geschichte entfaltet. Dieser Weltgeist entwickelt sich durch die Geschichte, und die Aufgabe der Philosophie besteht darin, diesen Prozess zu verstehen und zu beschreiben.<br>In der politischen Philosophie hat Hegel die Idee des Staates als h\u00f6chste Verwirklichung der Freiheit entwickelt. Er argumentierte, dass der Staat die Institution ist, in der individuelle Freiheit und Gemeinwohl in Einklang gebracht werden. Seine Vorstellung vom Staat beeinflusste sp\u00e4tere politische Theorien und trug zur Entstehung des modernen Staatsverst\u00e4ndnisses bei.<br>Hegels Arbeit in der \u00c4sthetik und Kunsttheorie betonte die Bedeutung von Kunst als Ausdruck des Geistes. Er betrachtete die Kunst als einen Weg, die Ideen und Werte einer Kultur darzustellen und zu reflektieren. Seine Ideen zur Kunst haben die Kunsttheorie und die \u00e4sthetische Philosophie stark beeinflusst.<br>Die Bedeutung von Hegel erstreckt sich weit \u00fcber die Philosophie hinaus. Seine Ideen haben die Sozialwissenschaften, die Literatur, die Theologie und die politische Theorie beeinflusst. Viele Denker, darunter Ludwig Feuerbach, Karl Marx und Friedrich Engels, wurden von Hegels Ideen inspiriert und entwickelten ihre eigenen Theorien auf der Grundlage seiner Arbeit. <\/p>\n\n\n\n<p><sub>Quelle: St\u00f6rig (1950)<\/sub><\/p>\n<\/div><button class=\"uagb-modal-popup-close\" aria-label=\"Close Modal\"><svg xmlns=\"https:\/\/www.w3.org\/2000\/svg\" viewBox=\"0 0 320 512\"><path d=\"M310.6 361.4c12.5 12.5 12.5 32.75 0 45.25C304.4 412.9 296.2 416 288 416s-16.38-3.125-22.62-9.375L160 301.3L54.63 406.6C48.38 412.9 40.19 416 32 416S15.63 412.9 9.375 406.6c-12.5-12.5-12.5-32.75 0-45.25l105.4-105.4L9.375 150.6c-12.5-12.5-12.5-32.75 0-45.25s32.75-12.5 45.25 0L160 210.8l105.4-105.4c12.5-12.5 32.75-12.5 45.25 0s12.5 32.75 0 45.25l-105.4 105.4L310.6 361.4z\"><\/path><\/svg><\/button><\/div><\/div><\/div>\n\n\n\n<div class=\"wp-block-uagb-modal uagb-block-423bb15d uagb-modal-wrapper\" data-escpress=\"enable\" data-overlayclick=\"enable\"><img decoding=\"async\" src=\"https:\/\/museum-der-philosophie.de\/wp-content\/uploads\/2024\/01\/pictwerke.png\" alt=\"\" class=\"uagb-modal-trigger\" width=\"249\" height=\"193\" loading=\"lazy\"\/><div class=\"uagb-effect-default uagb-modal-popup uagb-block-423bb15d uagb-modal-type-undefined\"><div class=\"uagb-modal-popup-wrap\"><div class=\"uagb-modal-popup-content\">\n<div class=\"wp-block-columns are-vertically-aligned-center is-layout-flex wp-container-core-columns-is-layout-9d6595d7 wp-block-columns-is-layout-flex\">\n<div class=\"wp-block-column is-vertically-aligned-center is-layout-flow wp-block-column-is-layout-flow\">\n<figure class=\"wp-block-image size-full\"><img loading=\"lazy\" decoding=\"async\" width=\"365\" height=\"653\" src=\"https:\/\/museum-der-philosophie.de\/wp-content\/uploads\/2023\/10\/hegel-phaenomenologie.jpg\" alt=\"\" class=\"wp-image-5720\" srcset=\"https:\/\/museum-der-philosophie.de\/wp-content\/uploads\/2023\/10\/hegel-phaenomenologie.jpg 365w, https:\/\/museum-der-philosophie.de\/wp-content\/uploads\/2023\/10\/hegel-phaenomenologie-150x268.jpg 150w\" sizes=\"auto, (max-width: 365px) 100vw, 365px\" \/><\/figure>\n<\/div>\n\n\n\n<div class=\"wp-block-column is-vertically-aligned-center is-layout-flow wp-block-column-is-layout-flow\">\n<div class=\"wp-block-uagb-advanced-heading uagb-block-9998453c\"><h2 class=\"uagb-heading-text\"><strong><strong>Ph\u00e4nomenologie des Geistes<\/strong><\/strong><\/h2><p class=\"uagb-desc-text\">Dies ist das erste Hauptwerk Hegels. Es erschien 1807 als Band 1 der Reihe &#8222;System der Wissenschaft&#8220;. Darin versucht Hegel, die Entwicklung des menschlichen Bewusstseins und des Geistes von seinen einfachsten und unmittelbaren Formen bis zu seinem h\u00f6chsten Ausdruck, dem absoluten Geist, zu beschreiben und zu erkl\u00e4ren. Das Werk ist von grundlegender Bedeutung f\u00fcr das Verst\u00e4ndnis seiner Dialektik und hat einen erheblichen Einfluss auf die moderne Philosophie.<br><br>lesen bei <a href=\"http:\/\/www.zeno.org\/Lesesaal\/N\/9781484031810?page=0\" target=\"_blank\" rel=\"noreferrer noopener\">Zeno<\/a><\/p><\/div>\n<\/div>\n<\/div>\n\n\n\n<div class=\"wp-block-columns are-vertically-aligned-center is-layout-flex wp-container-core-columns-is-layout-9d6595d7 wp-block-columns-is-layout-flex\">\n<div class=\"wp-block-column is-vertically-aligned-center is-layout-flow wp-block-column-is-layout-flow\">\n<figure class=\"wp-block-image size-full\"><img loading=\"lazy\" decoding=\"async\" width=\"570\" height=\"946\" src=\"https:\/\/museum-der-philosophie.de\/wp-content\/uploads\/2023\/10\/Wissenschaft_der_Logik1.jpg\" alt=\"\" class=\"wp-image-5718\" srcset=\"https:\/\/museum-der-philosophie.de\/wp-content\/uploads\/2023\/10\/Wissenschaft_der_Logik1.jpg 570w, https:\/\/museum-der-philosophie.de\/wp-content\/uploads\/2023\/10\/Wissenschaft_der_Logik1-400x664.jpg 400w, https:\/\/museum-der-philosophie.de\/wp-content\/uploads\/2023\/10\/Wissenschaft_der_Logik1-150x249.jpg 150w\" sizes=\"auto, (max-width: 570px) 100vw, 570px\" \/><\/figure>\n<\/div>\n\n\n\n<div class=\"wp-block-column is-vertically-aligned-center is-layout-flow wp-block-column-is-layout-flow\">\n<div class=\"wp-block-uagb-advanced-heading uagb-block-677271e8\"><h2 class=\"uagb-heading-text\"><strong><strong><strong><strong>Wissenschaft der Logik<\/strong><\/strong><\/strong><\/strong><\/h2><p class=\"uagb-desc-text\">Es ist das auf der &#8222;Ph\u00e4nomenologie des Geistes&#8220; aufbauende zweite Hauptwerk Hegels. Es erschien zwischen 1812 und 1816 in 2 B\u00e4nden. Darin untersucht Hegel die Struktur des Denkens, die Beziehung von Begriffen und Kategorien sowie die Entwicklung von Erkenntnisprozessen, was einen tiefgreifenden Einfluss auf die Philosophie und das Verst\u00e4ndnis der Welt ausge\u00fcbt hat.<br><br>lesen bei <a href=\"http:\/\/www.zeno.org\/Lesesaal\/N\/9781484031834?page=0\" target=\"_blank\" rel=\"noreferrer noopener\">Zeno<\/a><\/p><\/div>\n<\/div>\n<\/div>\n\n\n\n<div class=\"wp-block-columns are-vertically-aligned-center is-layout-flex wp-container-core-columns-is-layout-9d6595d7 wp-block-columns-is-layout-flex\">\n<div class=\"wp-block-column is-vertically-aligned-center is-layout-flow wp-block-column-is-layout-flow\">\n<div class=\"wp-block-uagb-advanced-heading uagb-block-a79e1dea\"><h2 class=\"uagb-heading-text\">\u201e<em>Was vern\u00fcnftig ist, das ist wirklich; und was wirklich ist, das ist vern\u00fcnftig.<\/em>\u201c<\/h2><\/div>\n<\/div>\n\n\n\n<div class=\"wp-block-column is-vertically-aligned-center is-layout-flow wp-block-column-is-layout-flow\">\n<div class=\"wp-block-uagb-advanced-heading uagb-block-45484beb\"><h2 class=\"uagb-heading-text\"><strong><strong><strong><strong><strong><strong>Grundlinien der Philosophie des Rechts<\/strong><\/strong><\/strong><\/strong><\/strong><\/strong><\/h2><p class=\"uagb-desc-text\">Das Grundwerk der Hegelschen Rechtsphilosophie erschien 1820 als Lehrbuch f\u00fcr die Berliner Studenten. Im Zentrum steht der Begriffe <em>objektiver Geist<\/em> und <em>Freiheit<\/em>.<br><br>lesen bei <a href=\"http:\/\/www.zeno.org\/Lesesaal\/N\/9781484031919?page=0\" target=\"_blank\" rel=\"noreferrer noopener\">Zeno<\/a><\/p><\/div>\n<\/div>\n<\/div>\n<\/div><button class=\"uagb-modal-popup-close\" aria-label=\"Close Modal\"><svg xmlns=\"https:\/\/www.w3.org\/2000\/svg\" viewBox=\"0 0 320 512\"><path d=\"M310.6 361.4c12.5 12.5 12.5 32.75 0 45.25C304.4 412.9 296.2 416 288 416s-16.38-3.125-22.62-9.375L160 301.3L54.63 406.6C48.38 412.9 40.19 416 32 416S15.63 412.9 9.375 406.6c-12.5-12.5-12.5-32.75 0-45.25l105.4-105.4L9.375 150.6c-12.5-12.5-12.5-32.75 0-45.25s32.75-12.5 45.25 0L160 210.8l105.4-105.4c12.5-12.5 32.75-12.5 45.25 0s12.5 32.75 0 45.25l-105.4 105.4L310.6 361.4z\"><\/path><\/svg><\/button><\/div><\/div><\/div>\n\n\n\n<div class=\"wp-block-uagb-modal uagb-block-bbcca5f3 uagb-modal-wrapper\" data-escpress=\"enable\" data-overlayclick=\"enable\"><img decoding=\"async\" src=\"https:\/\/museum-der-philosophie.de\/wp-content\/uploads\/2024\/03\/pictehrung3.png\" alt=\"\" class=\"uagb-modal-trigger\" width=\"249\" height=\"194\" loading=\"lazy\"\/><div class=\"uagb-effect-default uagb-modal-popup uagb-block-bbcca5f3 uagb-modal-type-undefined\"><div class=\"uagb-modal-popup-wrap\"><div class=\"uagb-modal-popup-content\">\n<div class=\"wp-block-uagb-container uagb-block-228ea972 default uagb-is-root-container\">\n<div class=\"wp-block-uagb-container uagb-block-bb822518 alignfull uagb-is-root-container\"><div class=\"uagb-container-inner-blocks-wrap\">\n<p class=\"has-text-align-center has-black-color has-text-color\" id=\"a3\" style=\"font-size:30px\"><strong>Ehrungen<\/strong><\/p>\n\n\n\n<p class=\"has-text-align-center has-black-color has-text-color\" style=\"font-size:20px\"><em>Hegel war der erste Philosoph, der dieses neue Bed\u00fcrfnis, seine Zeit \u00bbin Gedanken zu erfassen\u00ab, artikuliert.<\/em><br><small>J\u00fcrgen Habermas<\/small><\/p>\n<\/div><\/div>\n<\/div>\n\n\n\n<div class=\"wp-block-columns are-vertically-aligned-center is-layout-flex wp-container-core-columns-is-layout-9d6595d7 wp-block-columns-is-layout-flex\">\n<div class=\"wp-block-column is-vertically-aligned-center is-layout-flow wp-block-column-is-layout-flow\">\n<figure class=\"wp-block-image size-full\"><img loading=\"lazy\" decoding=\"async\" width=\"682\" height=\"1023\" src=\"https:\/\/museum-der-philosophie.de\/wp-content\/uploads\/2023\/10\/Georg_Wilhelm_Friedrich_Hegel_by_Gustav_Blaeser_-_Hegelplatz_Berlin_Germany_-_DSC02393.jpg\" alt=\"\" class=\"wp-image-5784\" srcset=\"https:\/\/museum-der-philosophie.de\/wp-content\/uploads\/2023\/10\/Georg_Wilhelm_Friedrich_Hegel_by_Gustav_Blaeser_-_Hegelplatz_Berlin_Germany_-_DSC02393.jpg 682w, https:\/\/museum-der-philosophie.de\/wp-content\/uploads\/2023\/10\/Georg_Wilhelm_Friedrich_Hegel_by_Gustav_Blaeser_-_Hegelplatz_Berlin_Germany_-_DSC02393-400x600.jpg 400w, https:\/\/museum-der-philosophie.de\/wp-content\/uploads\/2023\/10\/Georg_Wilhelm_Friedrich_Hegel_by_Gustav_Blaeser_-_Hegelplatz_Berlin_Germany_-_DSC02393-150x225.jpg 150w\" sizes=\"auto, (max-width: 682px) 100vw, 682px\" \/><figcaption class=\"wp-element-caption\">B\u00fcste von Gustav Bl\u00e4ser am Hegelplatz, Berlin (1872)<\/figcaption><\/figure>\n<\/div>\n\n\n\n<div class=\"wp-block-column is-vertically-aligned-center is-layout-flow wp-block-column-is-layout-flow\">\n<figure class=\"wp-block-image size-full\"><img loading=\"lazy\" decoding=\"async\" width=\"749\" height=\"790\" src=\"https:\/\/museum-der-philosophie.de\/wp-content\/uploads\/2023\/10\/Hegel-statue-stuttgart.jpg\" alt=\"\" class=\"wp-image-5795\" srcset=\"https:\/\/museum-der-philosophie.de\/wp-content\/uploads\/2023\/10\/Hegel-statue-stuttgart.jpg 749w, https:\/\/museum-der-philosophie.de\/wp-content\/uploads\/2023\/10\/Hegel-statue-stuttgart-400x422.jpg 400w, https:\/\/museum-der-philosophie.de\/wp-content\/uploads\/2023\/10\/Hegel-statue-stuttgart-150x158.jpg 150w\" sizes=\"auto, (max-width: 749px) 100vw, 749px\" \/><figcaption class=\"wp-element-caption\">Statue am Rathaus Stuttgart von Daniel Stocker (1905) nach einem Modell von Georg Rheineck<\/figcaption><\/figure>\n<\/div>\n\n\n\n<div class=\"wp-block-column is-vertically-aligned-center is-layout-flow wp-block-column-is-layout-flow\">\n<figure class=\"wp-block-image size-full\"><img loading=\"lazy\" decoding=\"async\" width=\"591\" height=\"887\" src=\"https:\/\/museum-der-philosophie.de\/wp-content\/uploads\/2023\/10\/Hegel-Denkmal-Jena.jpg\" alt=\"\" class=\"wp-image-5791\" srcset=\"https:\/\/museum-der-philosophie.de\/wp-content\/uploads\/2023\/10\/Hegel-Denkmal-Jena.jpg 591w, https:\/\/museum-der-philosophie.de\/wp-content\/uploads\/2023\/10\/Hegel-Denkmal-Jena-400x600.jpg 400w, https:\/\/museum-der-philosophie.de\/wp-content\/uploads\/2023\/10\/Hegel-Denkmal-Jena-150x225.jpg 150w\" sizes=\"auto, (max-width: 591px) 100vw, 591px\" \/><figcaption class=\"wp-element-caption\">Denkmal von Karl-Heinz Appelt vor der Universit\u00e4t Jena<\/figcaption><\/figure>\n<\/div>\n<\/div>\n\n\n\n<div style=\"height:12px\" aria-hidden=\"true\" class=\"wp-block-spacer\"><\/div>\n\n\n\n<p class=\"has-text-align-center has-background\" style=\"background-color:#e4e2d9;font-size:22px\"><em>Wissen Sie, was das Gro\u00dfartige an Hegel ist? Wann immer etwas Gro\u00dfes passierte, war seine erste Frage: Wie k\u00f6nnen jetzt die Dinge schieflaufen?<\/em><br><small>Slavoj \u017di\u017eek<\/small><\/p>\n\n\n\n<div class=\"wp-block-columns are-vertically-aligned-center is-layout-flex wp-container-core-columns-is-layout-9d6595d7 wp-block-columns-is-layout-flex\">\n<div class=\"wp-block-column is-vertically-aligned-center is-layout-flow wp-block-column-is-layout-flow\">\n<figure class=\"wp-block-image size-full\"><img loading=\"lazy\" decoding=\"async\" width=\"685\" height=\"829\" src=\"https:\/\/museum-der-philosophie.de\/wp-content\/uploads\/2023\/10\/Hegel-Sichling.jpg\" alt=\"\" class=\"wp-image-5753\" srcset=\"https:\/\/museum-der-philosophie.de\/wp-content\/uploads\/2023\/10\/Hegel-Sichling.jpg 685w, https:\/\/museum-der-philosophie.de\/wp-content\/uploads\/2023\/10\/Hegel-Sichling-400x484.jpg 400w, https:\/\/museum-der-philosophie.de\/wp-content\/uploads\/2023\/10\/Hegel-Sichling-150x182.jpg 150w\" sizes=\"auto, (max-width: 685px) 100vw, 685px\" \/><figcaption class=\"wp-element-caption\">Stich von Lazarus Gottlieb Sichling<\/figcaption><\/figure>\n\n\n\n<div style=\"height:12px\" aria-hidden=\"true\" class=\"wp-block-spacer\"><\/div>\n\n\n\n<figure class=\"wp-block-image size-full\"><img loading=\"lazy\" decoding=\"async\" width=\"506\" height=\"679\" src=\"https:\/\/museum-der-philosophie.de\/wp-content\/uploads\/2023\/10\/Hegel-Hensel.jpg\" alt=\"\" class=\"wp-image-5761\" srcset=\"https:\/\/museum-der-philosophie.de\/wp-content\/uploads\/2023\/10\/Hegel-Hensel.jpg 506w, https:\/\/museum-der-philosophie.de\/wp-content\/uploads\/2023\/10\/Hegel-Hensel-400x537.jpg 400w, https:\/\/museum-der-philosophie.de\/wp-content\/uploads\/2023\/10\/Hegel-Hensel-150x201.jpg 150w\" sizes=\"auto, (max-width: 506px) 100vw, 506px\" \/><figcaption class=\"wp-element-caption\">Zeichnung von Wilhelm Hensel (1829)<\/figcaption><\/figure>\n<\/div>\n\n\n\n<div class=\"wp-block-column is-vertically-aligned-center is-layout-flow wp-block-column-is-layout-flow\" style=\"flex-basis:50%\">\n<figure class=\"wp-block-image size-full\"><img loading=\"lazy\" decoding=\"async\" width=\"590\" height=\"768\" src=\"https:\/\/museum-der-philosophie.de\/wp-content\/uploads\/2023\/10\/590px-1831_Schlesinger_Philosoph_Georg_Friedrich_Wilhelm_Hegel_anagoria1.jpg\" alt=\"\" class=\"wp-image-5759\" srcset=\"https:\/\/museum-der-philosophie.de\/wp-content\/uploads\/2023\/10\/590px-1831_Schlesinger_Philosoph_Georg_Friedrich_Wilhelm_Hegel_anagoria1.jpg 590w, https:\/\/museum-der-philosophie.de\/wp-content\/uploads\/2023\/10\/590px-1831_Schlesinger_Philosoph_Georg_Friedrich_Wilhelm_Hegel_anagoria1-400x521.jpg 400w, https:\/\/museum-der-philosophie.de\/wp-content\/uploads\/2023\/10\/590px-1831_Schlesinger_Philosoph_Georg_Friedrich_Wilhelm_Hegel_anagoria1-150x195.jpg 150w\" sizes=\"auto, (max-width: 590px) 100vw, 590px\" \/><figcaption class=\"wp-element-caption\">Gem\u00e4lde von Jakob Schlesinger (1831)<\/figcaption><\/figure>\n<\/div>\n\n\n\n<div class=\"wp-block-column is-vertically-aligned-center is-layout-flow wp-block-column-is-layout-flow\">\n<figure class=\"wp-block-image size-full\"><img loading=\"lazy\" decoding=\"async\" width=\"439\" height=\"600\" src=\"https:\/\/museum-der-philosophie.de\/wp-content\/uploads\/2023\/10\/Hegel-Sebbers.jpg\" alt=\"\" class=\"wp-image-5760\" srcset=\"https:\/\/museum-der-philosophie.de\/wp-content\/uploads\/2023\/10\/Hegel-Sebbers.jpg 439w, https:\/\/museum-der-philosophie.de\/wp-content\/uploads\/2023\/10\/Hegel-Sebbers-400x547.jpg 400w, https:\/\/museum-der-philosophie.de\/wp-content\/uploads\/2023\/10\/Hegel-Sebbers-150x205.jpg 150w\" sizes=\"auto, (max-width: 439px) 100vw, 439px\" \/><figcaption class=\"wp-element-caption\">Lithografie von Friedrich Sebbers<\/figcaption><\/figure>\n\n\n\n<div style=\"height:12px\" aria-hidden=\"true\" class=\"wp-block-spacer\"><\/div>\n\n\n\n<figure data-wp-context=\"{&quot;imageId&quot;:&quot;69f2674dbcd3a&quot;}\" data-wp-interactive=\"core\/image\" data-wp-key=\"69f2674dbcd3a\" class=\"wp-block-image size-full wp-lightbox-container\"><img loading=\"lazy\" decoding=\"async\" width=\"434\" height=\"546\" data-wp-class--hide=\"state.isContentHidden\" data-wp-class--show=\"state.isContentVisible\" data-wp-init=\"callbacks.setButtonStyles\" data-wp-on--click=\"actions.showLightbox\" data-wp-on--load=\"callbacks.setButtonStyles\" data-wp-on-window--resize=\"callbacks.setButtonStyles\" src=\"https:\/\/museum-der-philosophie.de\/wp-content\/uploads\/2023\/10\/Hegel-das-gelehrte-Berlin.jpg\" alt=\"\" class=\"wp-image-5806\" srcset=\"https:\/\/museum-der-philosophie.de\/wp-content\/uploads\/2023\/10\/Hegel-das-gelehrte-Berlin.jpg 434w, https:\/\/museum-der-philosophie.de\/wp-content\/uploads\/2023\/10\/Hegel-das-gelehrte-Berlin-400x503.jpg 400w, https:\/\/museum-der-philosophie.de\/wp-content\/uploads\/2023\/10\/Hegel-das-gelehrte-Berlin-150x189.jpg 150w\" sizes=\"auto, (max-width: 434px) 100vw, 434px\" \/><button\n\t\t\tclass=\"lightbox-trigger\"\n\t\t\ttype=\"button\"\n\t\t\taria-haspopup=\"dialog\"\n\t\t\taria-label=\"Vergr\u00f6\u00dfern\"\n\t\t\tdata-wp-init=\"callbacks.initTriggerButton\"\n\t\t\tdata-wp-on--click=\"actions.showLightbox\"\n\t\t\tdata-wp-style--right=\"state.imageButtonRight\"\n\t\t\tdata-wp-style--top=\"state.imageButtonTop\"\n\t\t>\n\t\t\t<svg xmlns=\"http:\/\/www.w3.org\/2000\/svg\" width=\"12\" height=\"12\" fill=\"none\" viewBox=\"0 0 12 12\">\n\t\t\t\t<path fill=\"#fff\" d=\"M2 0a2 2 0 0 0-2 2v2h1.5V2a.5.5 0 0 1 .5-.5h2V0H2Zm2 10.5H2a.5.5 0 0 1-.5-.5V8H0v2a2 2 0 0 0 2 2h2v-1.5ZM8 12v-1.5h2a.5.5 0 0 0 .5-.5V8H12v2a2 2 0 0 1-2 2H8Zm2-12a2 2 0 0 1 2 2v2h-1.5V2a.5.5 0 0 0-.5-.5H8V0h2Z\" \/>\n\t\t\t<\/svg>\n\t\t<\/button><figcaption class=\"wp-element-caption\">&#8222;<em>Das gelehrte Berlin<\/em>&#8220; Lithografie von Julius Schoppe (um 1830)<br><a href=\"https:\/\/commons.wikimedia.org\/wiki\/File:Schoppe_Das_gelehrte_Berlin.jpg\" target=\"_blank\" rel=\"noreferrer noopener\">Infos hier<\/a><\/figcaption><\/figure>\n<\/div>\n<\/div>\n\n\n\n<p class=\"has-text-align-center has-background\" style=\"background-color:#e4e2d9;font-size:22px\"><em>Die absolute Idee ist reines Denken \u00fcber reines Denken.<\/em><br><sub><em>Bertrand Russell<\/em><\/sub><\/p>\n\n\n\n<div class=\"wp-block-columns are-vertically-aligned-center is-layout-flex wp-container-core-columns-is-layout-9d6595d7 wp-block-columns-is-layout-flex\">\n<div class=\"wp-block-column is-vertically-aligned-center is-layout-flow wp-block-column-is-layout-flow\"><div class=\"wp-block-image\">\n<figure class=\"aligncenter size-full is-resized\"><img loading=\"lazy\" decoding=\"async\" width=\"510\" height=\"512\" src=\"https:\/\/museum-der-philosophie.de\/wp-content\/uploads\/2023\/10\/Hegel-Medaille-Held.png\" alt=\"\" class=\"wp-image-5816\" style=\"width:224px;height:225px\" srcset=\"https:\/\/museum-der-philosophie.de\/wp-content\/uploads\/2023\/10\/Hegel-Medaille-Held.png 510w, https:\/\/museum-der-philosophie.de\/wp-content\/uploads\/2023\/10\/Hegel-Medaille-Held-400x402.png 400w, https:\/\/museum-der-philosophie.de\/wp-content\/uploads\/2023\/10\/Hegel-Medaille-Held-150x151.png 150w, https:\/\/museum-der-philosophie.de\/wp-content\/uploads\/2023\/10\/Hegel-Medaille-Held-70x70.png 70w, https:\/\/museum-der-philosophie.de\/wp-content\/uploads\/2023\/10\/Hegel-Medaille-Held-246x246.png 246w, https:\/\/museum-der-philosophie.de\/wp-content\/uploads\/2023\/10\/Hegel-Medaille-Held-276x276.png 276w, https:\/\/museum-der-philosophie.de\/wp-content\/uploads\/2023\/10\/Hegel-Medaille-Held-125x125.png 125w\" sizes=\"auto, (max-width: 510px) 100vw, 510px\" \/><figcaption class=\"wp-element-caption\">Medaille von August Ludwig Held (1830)<\/figcaption><\/figure>\n<\/div><\/div>\n\n\n\n<div class=\"wp-block-column is-vertically-aligned-center is-layout-flow wp-block-column-is-layout-flow\"><div class=\"wp-block-image\">\n<figure class=\"aligncenter size-full\"><img loading=\"lazy\" decoding=\"async\" width=\"340\" height=\"327\" src=\"https:\/\/museum-der-philosophie.de\/wp-content\/uploads\/2023\/10\/Hegel_Medaille_1831-removebg-preview1.png\" alt=\"\" class=\"wp-image-5845\" srcset=\"https:\/\/museum-der-philosophie.de\/wp-content\/uploads\/2023\/10\/Hegel_Medaille_1831-removebg-preview1.png 340w, https:\/\/museum-der-philosophie.de\/wp-content\/uploads\/2023\/10\/Hegel_Medaille_1831-removebg-preview1-150x144.png 150w\" sizes=\"auto, (max-width: 340px) 100vw, 340px\" \/><figcaption class=\"wp-element-caption\">Medaille 1831<\/figcaption><\/figure>\n<\/div><\/div>\n\n\n\n<div class=\"wp-block-column is-vertically-aligned-center is-layout-flow wp-block-column-is-layout-flow\">\n<figure class=\"wp-block-image size-full\"><img loading=\"lazy\" decoding=\"async\" width=\"524\" height=\"301\" src=\"https:\/\/museum-der-philosophie.de\/wp-content\/uploads\/2023\/10\/Hegel-Muenze-San-Marino.png\" alt=\"\" class=\"wp-image-5810\" srcset=\"https:\/\/museum-der-philosophie.de\/wp-content\/uploads\/2023\/10\/Hegel-Muenze-San-Marino.png 524w, https:\/\/museum-der-philosophie.de\/wp-content\/uploads\/2023\/10\/Hegel-Muenze-San-Marino-400x230.png 400w, https:\/\/museum-der-philosophie.de\/wp-content\/uploads\/2023\/10\/Hegel-Muenze-San-Marino-150x86.png 150w\" sizes=\"auto, (max-width: 524px) 100vw, 524px\" \/><figcaption class=\"wp-element-caption\">500-Lire-M\u00fcnze San Marino (1996)<\/figcaption><\/figure>\n<\/div>\n<\/div>\n\n\n\n<p class=\"has-text-align-center has-background\" style=\"background-color:#e4e2d9;font-size:22px\"><em>Ein sehr tiefgr\u00fcndiger, doch etwas phantasiereicher Erforscher der Bewegungsgesetze der Menschheit.<\/em><br><sub><em>Karl Marx<\/em><\/sub><\/p>\n\n\n\n<div class=\"wp-block-uagb-container uagb-block-f31f5337 alignfull uagb-is-root-container\"><div class=\"uagb-container-inner-blocks-wrap\">\n<p class=\"has-text-align-center has-black-color has-text-color\" style=\"font-size:20px\">In der DDR wurde Hegel als Wegbereiter der Marxistischen Dialektik gesch\u00e4tzt und vielfach geehrt.<\/p>\n\n\n\n<div class=\"wp-block-columns are-vertically-aligned-center is-layout-flex wp-container-core-columns-is-layout-9d6595d7 wp-block-columns-is-layout-flex\">\n<div class=\"wp-block-column is-vertically-aligned-center is-layout-flow wp-block-column-is-layout-flow\"><div class=\"wp-block-image\">\n<figure class=\"aligncenter size-full\"><img loading=\"lazy\" decoding=\"async\" width=\"350\" height=\"199\" src=\"https:\/\/museum-der-philosophie.de\/wp-content\/uploads\/2023\/10\/Hegel-Muenze-DDR.png\" alt=\"\" class=\"wp-image-5809\" srcset=\"https:\/\/museum-der-philosophie.de\/wp-content\/uploads\/2023\/10\/Hegel-Muenze-DDR.png 350w, https:\/\/museum-der-philosophie.de\/wp-content\/uploads\/2023\/10\/Hegel-Muenze-DDR-150x85.png 150w\" sizes=\"auto, (max-width: 350px) 100vw, 350px\" \/><figcaption class=\"wp-element-caption\">M\u00fcnze DDR 1974<\/figcaption><\/figure>\n<\/div><\/div>\n\n\n\n<div class=\"wp-block-column is-vertically-aligned-center is-layout-flow wp-block-column-is-layout-flow\"><div class=\"wp-block-image\">\n<figure class=\"aligncenter size-full is-resized\"><img loading=\"lazy\" decoding=\"async\" width=\"567\" height=\"682\" src=\"https:\/\/museum-der-philosophie.de\/wp-content\/uploads\/2023\/10\/Hegel-Briefmarke-ddr-1948.jpg\" alt=\"\" class=\"wp-image-5819\" style=\"width:173px;height:208px\" srcset=\"https:\/\/museum-der-philosophie.de\/wp-content\/uploads\/2023\/10\/Hegel-Briefmarke-ddr-1948.jpg 567w, https:\/\/museum-der-philosophie.de\/wp-content\/uploads\/2023\/10\/Hegel-Briefmarke-ddr-1948-400x481.jpg 400w, https:\/\/museum-der-philosophie.de\/wp-content\/uploads\/2023\/10\/Hegel-Briefmarke-ddr-1948-150x180.jpg 150w\" sizes=\"auto, (max-width: 567px) 100vw, 567px\" \/><figcaption class=\"wp-element-caption\">Briefmarke 1952<\/figcaption><\/figure>\n<\/div>\n\n<div class=\"wp-block-image\">\n<figure class=\"aligncenter size-full is-resized\"><img loading=\"lazy\" decoding=\"async\" width=\"791\" height=\"659\" src=\"https:\/\/museum-der-philosophie.de\/wp-content\/uploads\/2023\/10\/Hegel-Briefmarke-ddr-1970.jpg\" alt=\"\" class=\"wp-image-5820\" style=\"width:217px;height:181px\" srcset=\"https:\/\/museum-der-philosophie.de\/wp-content\/uploads\/2023\/10\/Hegel-Briefmarke-ddr-1970.jpg 791w, https:\/\/museum-der-philosophie.de\/wp-content\/uploads\/2023\/10\/Hegel-Briefmarke-ddr-1970-400x333.jpg 400w, https:\/\/museum-der-philosophie.de\/wp-content\/uploads\/2023\/10\/Hegel-Briefmarke-ddr-1970-150x125.jpg 150w, https:\/\/museum-der-philosophie.de\/wp-content\/uploads\/2023\/10\/Hegel-Briefmarke-ddr-1970-768x640.jpg 768w\" sizes=\"auto, (max-width: 791px) 100vw, 791px\" \/><figcaption class=\"wp-element-caption\">Briefmarke 1970<\/figcaption><\/figure>\n<\/div><\/div>\n\n\n\n<div class=\"wp-block-column is-vertically-aligned-center is-layout-flow wp-block-column-is-layout-flow\"><div class=\"wp-block-image\">\n<figure class=\"aligncenter size-full\"><img loading=\"lazy\" decoding=\"async\" width=\"487\" height=\"412\" src=\"https:\/\/museum-der-philosophie.de\/wp-content\/uploads\/2023\/10\/Hegel-Medaille-Akademie.png\" alt=\"\" class=\"wp-image-5812\" srcset=\"https:\/\/museum-der-philosophie.de\/wp-content\/uploads\/2023\/10\/Hegel-Medaille-Akademie.png 487w, https:\/\/museum-der-philosophie.de\/wp-content\/uploads\/2023\/10\/Hegel-Medaille-Akademie-400x338.png 400w, https:\/\/museum-der-philosophie.de\/wp-content\/uploads\/2023\/10\/Hegel-Medaille-Akademie-150x127.png 150w\" sizes=\"auto, (max-width: 487px) 100vw, 487px\" \/><figcaption class=\"wp-element-caption\">Verdienstmedaille Akademie der Wissenschaften der DDR, ca. 1982<\/figcaption><\/figure>\n<\/div><\/div>\n<\/div>\n<\/div><\/div>\n\n\n\n<div style=\"height:12px\" aria-hidden=\"true\" class=\"wp-block-spacer\"><\/div>\n\n\n\n<p class=\"has-text-align-center has-background\" style=\"background-color:#e4e2d9;font-size:22px\"><em>Man kann das <\/em>&#8222;<em>Kapital&#8220; von Marx [&#8230;] nicht vollst\u00e4ndig begreifen, ohne die ganze Logik von Hegel durchstudiert und begriffen zu haben. Folglich hat nach einem halben Jahrhundert nicht ein Marxist Marx begriffen.<\/em><br><sub><em>W. I. Lenin<\/em><\/sub><\/p>\n\n\n\n<div style=\"height:12px\" aria-hidden=\"true\" class=\"wp-block-spacer\"><\/div>\n\n\n\n<div class=\"wp-block-columns are-vertically-aligned-center is-layout-flex wp-container-core-columns-is-layout-9d6595d7 wp-block-columns-is-layout-flex\">\n<div class=\"wp-block-column is-vertically-aligned-center is-layout-flow wp-block-column-is-layout-flow\"><div class=\"wp-block-image\">\n<figure class=\"aligncenter size-full\"><img loading=\"lazy\" decoding=\"async\" width=\"224\" height=\"263\" src=\"https:\/\/museum-der-philosophie.de\/wp-content\/uploads\/2023\/10\/Hegel-BriefmarkeBRD-1970.jpg\" alt=\"\" class=\"wp-image-5823\" srcset=\"https:\/\/museum-der-philosophie.de\/wp-content\/uploads\/2023\/10\/Hegel-BriefmarkeBRD-1970.jpg 224w, https:\/\/museum-der-philosophie.de\/wp-content\/uploads\/2023\/10\/Hegel-BriefmarkeBRD-1970-150x176.jpg 150w\" sizes=\"auto, (max-width: 224px) 100vw, 224px\" \/><figcaption class=\"wp-element-caption\">Briefmarke BRD 1974<\/figcaption><\/figure>\n<\/div><\/div>\n\n\n\n<div class=\"wp-block-column is-vertically-aligned-center is-layout-flow wp-block-column-is-layout-flow\">\n<figure class=\"wp-block-image size-full\"><img loading=\"lazy\" decoding=\"async\" width=\"909\" height=\"552\" src=\"https:\/\/museum-der-philosophie.de\/wp-content\/uploads\/2023\/10\/Hegel-Briefmarke-2020.jpg\" alt=\"\" class=\"wp-image-5824\" srcset=\"https:\/\/museum-der-philosophie.de\/wp-content\/uploads\/2023\/10\/Hegel-Briefmarke-2020.jpg 909w, https:\/\/museum-der-philosophie.de\/wp-content\/uploads\/2023\/10\/Hegel-Briefmarke-2020-400x243.jpg 400w, https:\/\/museum-der-philosophie.de\/wp-content\/uploads\/2023\/10\/Hegel-Briefmarke-2020-150x91.jpg 150w, https:\/\/museum-der-philosophie.de\/wp-content\/uploads\/2023\/10\/Hegel-Briefmarke-2020-768x466.jpg 768w\" sizes=\"auto, (max-width: 909px) 100vw, 909px\" \/><figcaption class=\"wp-element-caption\">Briefmarke Deutschland 2020<\/figcaption><\/figure>\n<\/div>\n\n\n\n<div class=\"wp-block-column is-vertically-aligned-center is-layout-flow wp-block-column-is-layout-flow\"><div class=\"wp-block-image\">\n<figure class=\"aligncenter size-full\"><img loading=\"lazy\" decoding=\"async\" width=\"207\" height=\"292\" src=\"https:\/\/museum-der-philosophie.de\/wp-content\/uploads\/2023\/10\/Hegel-Briefmarke-Ukraine-2018.jpg\" alt=\"\" class=\"wp-image-5825\" srcset=\"https:\/\/museum-der-philosophie.de\/wp-content\/uploads\/2023\/10\/Hegel-Briefmarke-Ukraine-2018.jpg 207w, https:\/\/museum-der-philosophie.de\/wp-content\/uploads\/2023\/10\/Hegel-Briefmarke-Ukraine-2018-150x212.jpg 150w\" sizes=\"auto, (max-width: 207px) 100vw, 207px\" \/><figcaption class=\"wp-element-caption\">Briefmarke Ukraine 2018<\/figcaption><\/figure>\n<\/div><\/div>\n<\/div>\n\n\n\n<p class=\"has-text-align-center has-background\" style=\"background-color:#e4e2d9;font-size:22px\"><em>Den gesunden Widerspruchsgeist hat Hegel mit der Dickk\u00f6pfigkeit des Bauern hervorgehoben, der jahrhundertelang lernte, Jagd und Zins der m\u00e4chtigen Feudalherren zu \u00fcberstehen.<\/em><br><sub><em>Theodor W. Adorno<\/em><\/sub><\/p>\n\n\n\n<p class=\"has-small-font-size\"><strong>Bildnachweis<\/strong><br>Denkmal Jena: Andreas Praefcke <a href=\"https:\/\/creativecommons.org\/licenses\/by\/3.0\/deed.en\" target=\"_blank\" rel=\"noreferrer noopener\">(CC BY 3.0)<\/a><br>Statue Stuttgart: Ecelan <a href=\"https:\/\/creativecommons.org\/licenses\/by-sa\/3.0\/deed.en\" target=\"_blank\" rel=\"noreferrer noopener\">(CC BY-SA 3.0)<\/a><br>Medaille Held: Landesmuseum W\u00fcrttemberg (<a href=\"https:\/\/creativecommons.org\/licenses\/by-sa\/4.0\/deed.en\" target=\"_blank\" rel=\"noreferrer noopener\">CC BY-SA 4.0<\/a>)<br>Medaille 1831: Landesmuseum W\u00fcrttemberg (<a href=\"https:\/\/creativecommons.org\/licenses\/by-sa\/4.0\/deed.en\" target=\"_blank\" rel=\"noreferrer noopener\">CC BY-SA 4.0<\/a>)<br>alle anderen Bilder: public domain<\/p>\n\n\n\n<p class=\"has-small-font-size\"><strong>Zitatnachweis<\/strong><br>J\u00fcrgen Habermas: &#8222;Zeitdiagnosen&#8220; Frankfurt: Suhrkamp 2003<br>Slavoj \u017di\u017eek: Interview taz.de 10.07.23<br>Bertrand Russell: &#8222;Unpopul\u00e4re Betrachtungen&#8220; Z\u00fcrich 1951<br>Karl Marx: &#8222;Die Revolution in China und in Europa&#8220; 1853<br>W. I. Lenin: Werke in 40 B\u00e4nden, Band 38 ; Berlin: Dietz<br>Theodor W. Adorno: &#8222;Minima Moralia&#8220; Frankfurt: Suhrkamp 1951<\/p>\n<\/div><button class=\"uagb-modal-popup-close\" aria-label=\"Close Modal\"><svg xmlns=\"https:\/\/www.w3.org\/2000\/svg\" viewBox=\"0 0 320 512\"><path d=\"M310.6 361.4c12.5 12.5 12.5 32.75 0 45.25C304.4 412.9 296.2 416 288 416s-16.38-3.125-22.62-9.375L160 301.3L54.63 406.6C48.38 412.9 40.19 416 32 416S15.63 412.9 9.375 406.6c-12.5-12.5-12.5-32.75 0-45.25l105.4-105.4L9.375 150.6c-12.5-12.5-12.5-32.75 0-45.25s32.75-12.5 45.25 0L160 210.8l105.4-105.4c12.5-12.5 32.75-12.5 45.25 0s12.5 32.75 0 45.25l-105.4 105.4L310.6 361.4z\"><\/path><\/svg><\/button><\/div><\/div><\/div>\n\n\n\n<div class=\"wp-block-uagb-container uagb-block-3a15eda6\">\n<div class=\"wp-block-uagb-modal uagb-block-79c5ce6a uagb-modal-wrapper wp-embed-aspect-16-9 wp-has-aspect-ratio\" data-escpress=\"enable\" data-overlayclick=\"enable\"><img decoding=\"async\" src=\"https:\/\/museum-der-philosophie.de\/wp-content\/uploads\/2025\/01\/Kinosaal.png\" alt=\"\" class=\"uagb-modal-trigger\" width=\"500\" height=\"500\" loading=\"lazy\"\/><div class=\"uagb-effect-default uagb-modal-popup uagb-block-79c5ce6a uagb-modal-type-undefined\"><div class=\"uagb-modal-popup-wrap\"><div class=\"uagb-modal-popup-content\">\n<div class=\"wp-block-uagb-container uagb-block-278a7f9b alignfull uagb-is-root-container\"><div class=\"uagb-container-inner-blocks-wrap\">\n<p>Videos zu Georg Wilhelm Friedrich Hegel findest du in unserem <a href=\"https:\/\/museum-der-philosophie.de\/?page_id=6128\" data-type=\"page\" data-id=\"6128\" target=\"_blank\" rel=\"noreferrer noopener\">Kinosaal<\/a>, zum Beispiel:<\/p>\n\n\n\n<div class=\"wp-block-uagb-container uagb-block-d02137be\">\n<figure class=\"wp-block-embed aligncenter is-type-video is-provider-youtube wp-block-embed-youtube wp-embed-aspect-16-9 wp-has-aspect-ratio\"><div class=\"wp-block-embed__wrapper\">\n<div  style=\"display: block; margin: 0px auto;\"  id=\"_ytid_93713\" class=\"__youtube_prefs__  __youtube_prefs_gdpr__  epyt-is-override \" allowfullscreen data-no-lazy=\"1\" data-skipgform_ajax_framebjll=\"\"><p><strong><span style=\"vertical-align: inherit\"><span style=\"vertical-align: inherit\">In unserem Kinosaal werden YouTube-Inhalte wiedergegeben. \u00dcber Cookies werden dabei von Google Nutzerdaten erhoben.\u00a0<\/span><\/span><\/strong><\/p>\n<p><a href=\"https:\/\/policies.google.com\/privacy\" target=\"_blank\" rel=\"noopener\"><span style=\"vertical-align: inherit\"><span style=\"vertical-align: inherit\">n\u00e4here Infos siehe YouTube-Datenschutzrichtlinie<\/span><\/span><\/a><\/p>\n<p><span style=\"vertical-align: inherit\"><span style=\"vertical-align: inherit\">Wenn Sie diesen Hinweis akzeptieren, wird Ihre Auswahl gespeichert und die Seite wird aktualisiert. Wenn Sie dies nicht m\u00f6chten, k\u00f6nnen Sie unseren Kinosaal leider nicht nutzen.<\/span><\/span><\/p>\n<div id=\"9985B39C_A679_11AA_E7EF_78842F400DFB\"><\/div>\n<div id=\"9985B39C_A679_11AA_E7EF_78842F400DFB\"><\/div>\n<div id=\"9985B39C_A679_11AA_E7EF_78842F400DFB\"><\/div>\n<div id=\"9985B39C_A679_11AA_E7EF_78842F400DFB\"><\/div>\n<div id=\"9985B39C_A679_11AA_E7EF_78842F400DFB\"><\/div>\n<div id=\"9985B39C_A679_11AA_E7EF_78842F400DFB\"><\/div>\n<div id=\"9985B39C_A679_11AA_E7EF_78842F400DFB\"><\/div>\n<div id=\"9985B39C_A679_11AA_E7EF_78842F400DFB\"><\/div>\n<button type=\"button\" class=\"__youtube_prefs_gdpr__\">Ich akzeptiere YouTube Inhalt<img decoding=\"async\" src=\"https:\/\/museum-der-philosophie.de\/wp-content\/plugins\/youtube-embed-plus\/images\/icon-check.png\" alt=\"accept\" data-no-lazy=\"1\" data-skipgform_ajax_framebjll=\"\" \/><\/button><\/div>\n<\/div><figcaption class=\"wp-element-caption\">Philosophie to go: Hegel<\/figcaption><\/figure>\n\n\n\n<figure class=\"wp-block-embed aligncenter is-type-video is-provider-youtube wp-block-embed-youtube wp-embed-aspect-16-9 wp-has-aspect-ratio\"><div class=\"wp-block-embed__wrapper\">\n<div  style=\"display: block; margin: 0px auto;\"  id=\"_ytid_90148\" class=\"__youtube_prefs__  __youtube_prefs_gdpr__  epyt-is-override \" allowfullscreen data-no-lazy=\"1\" data-skipgform_ajax_framebjll=\"\"><p><strong><span style=\"vertical-align: inherit\"><span style=\"vertical-align: inherit\">In unserem Kinosaal werden YouTube-Inhalte wiedergegeben. \u00dcber Cookies werden dabei von Google Nutzerdaten erhoben.\u00a0<\/span><\/span><\/strong><\/p>\n<p><a href=\"https:\/\/policies.google.com\/privacy\" target=\"_blank\" rel=\"noopener\"><span style=\"vertical-align: inherit\"><span style=\"vertical-align: inherit\">n\u00e4here Infos siehe YouTube-Datenschutzrichtlinie<\/span><\/span><\/a><\/p>\n<p><span style=\"vertical-align: inherit\"><span style=\"vertical-align: inherit\">Wenn Sie diesen Hinweis akzeptieren, wird Ihre Auswahl gespeichert und die Seite wird aktualisiert. Wenn Sie dies nicht m\u00f6chten, k\u00f6nnen Sie unseren Kinosaal leider nicht nutzen.<\/span><\/span><\/p>\n<div id=\"9985B39C_A679_11AA_E7EF_78842F400DFB\"><\/div>\n<div id=\"9985B39C_A679_11AA_E7EF_78842F400DFB\"><\/div>\n<div id=\"9985B39C_A679_11AA_E7EF_78842F400DFB\"><\/div>\n<div id=\"9985B39C_A679_11AA_E7EF_78842F400DFB\"><\/div>\n<div id=\"9985B39C_A679_11AA_E7EF_78842F400DFB\"><\/div>\n<div id=\"9985B39C_A679_11AA_E7EF_78842F400DFB\"><\/div>\n<div id=\"9985B39C_A679_11AA_E7EF_78842F400DFB\"><\/div>\n<div id=\"9985B39C_A679_11AA_E7EF_78842F400DFB\"><\/div>\n<button type=\"button\" class=\"__youtube_prefs_gdpr__\">Ich akzeptiere YouTube Inhalt<img decoding=\"async\" src=\"https:\/\/museum-der-philosophie.de\/wp-content\/plugins\/youtube-embed-plus\/images\/icon-check.png\" alt=\"accept\" data-no-lazy=\"1\" data-skipgform_ajax_framebjll=\"\" \/><\/button><\/div>\n<\/div><figcaption class=\"wp-element-caption\">Hegel in 60 Minuten<\/figcaption><\/figure>\n<\/div>\n<\/div><\/div>\n<\/div><button class=\"uagb-modal-popup-close\" aria-label=\"Close Modal\"><svg xmlns=\"https:\/\/www.w3.org\/2000\/svg\" viewBox=\"0 0 320 512\"><path d=\"M310.6 361.4c12.5 12.5 12.5 32.75 0 45.25C304.4 412.9 296.2 416 288 416s-16.38-3.125-22.62-9.375L160 301.3L54.63 406.6C48.38 412.9 40.19 416 32 416S15.63 412.9 9.375 406.6c-12.5-12.5-12.5-32.75 0-45.25l105.4-105.4L9.375 150.6c-12.5-12.5-12.5-32.75 0-45.25s32.75-12.5 45.25 0L160 210.8l105.4-105.4c12.5-12.5 32.75-12.5 45.25 0s12.5 32.75 0 45.25l-105.4 105.4L310.6 361.4z\"><\/path><\/svg><\/button><\/div><\/div><\/div>\n<\/div>\n\n\n\n<div class=\"wp-block-uagb-modal uagb-block-a18df1f2 uagb-modal-wrapper\" data-escpress=\"enable\" data-overlayclick=\"enable\"><img decoding=\"async\" src=\"https:\/\/museum-der-philosophie.de\/wp-content\/uploads\/2025\/01\/Quiz1-150x116.png\" alt=\"\" class=\"uagb-modal-trigger\" width=\"350\" height=\"350\" loading=\"lazy\"\/><div class=\"uagb-effect-default uagb-modal-popup uagb-block-a18df1f2 uagb-modal-type-undefined\"><div class=\"uagb-modal-popup-wrap\"><div class=\"uagb-modal-popup-content\">\n<p><\/p>\n\n\n\n<div id=\"a4\" class=\"wp-block-uagb-container uagb-block-f50c5b6f alignfull uagb-is-root-container\"><div class=\"uagb-container-inner-blocks-wrap\">\n<p class=\"has-text-align-center has-large-font-size\">Ein kleines Hegel-Quiz <\/p>\n\n\n<script>\n                            if (window.qmn_quiz_data === undefined) {\n                                    window.qmn_quiz_data = new Object();\n                            }\n                    <\/script><script>window.qmn_quiz_data[\"4\"] = {\"quiz_id\":\"4\",\"quiz_name\":\"Hegel\",\"disable_answer\":\"0\",\"ajax_show_correct\":\"0\",\"progress_bar\":\"1\",\"contact_info_location\":\"0\",\"qpages\":{\"1\":{\"id\":\"1\",\"quizID\":\"3\",\"pagekey\":\"bdgYDU7N\",\"hide_prevbtn\":\"0\"}},\"skip_validation_time_expire\":\"0\",\"timer_limit_val\":0,\"disable_scroll_next_previous_click\":\"0\",\"disable_scroll_on_result\":0,\"disable_first_page\":\"0\",\"enable_result_after_timer_end\":\"0\",\"enable_quick_result_mc\":\"0\",\"end_quiz_if_wrong\":0,\"form_disable_autofill\":\"0\",\"disable_mathjax\":\"0\",\"enable_quick_correct_answer_info\":\"0\",\"quick_result_correct_answer_text\":\"Das ist richtig!!!\",\"quick_result_wrong_answer_text\":\"Leider falsch!\",\"quiz_processing_message\":\"\",\"quiz_limit_choice\":\"Limit of choice is reached.\",\"not_allow_after_expired_time\":\"\",\"scheduled_time_end\":false,\"prevent_reload\":0,\"limit_email_based_submission\":0,\"total_user_tries\":0,\"is_logged_in\":false,\"error_messages\":{\"email_error_text\":\"Not a valid e-mail address!\",\"number_error_text\":\"This field must be a number!\",\"incorrect_error_text\":\"The entered text is not correct!\",\"empty_error_text\":\"Please complete all required fields!\",\"contact_field_required_error_text\":\"Please complete all required fields!\",\"url_error_text\":\"The entered URL is not valid!\",\"minlength_error_text\":\"Required atleast %minlength% characters.\",\"maxlength_error_text\":\"Maximum %maxlength% characters allowed.\",\"recaptcha_error_text\":\"ReCaptcha is missing\",\"phone_error_text\":\"Phone number is invalid\"},\"first_page\":false,\"questions_settings\":[]}\n                    <\/script>\t\t<div class='qsm-quiz-container qsm-quiz-container-4 qmn_quiz_container mlw_qmn_quiz  quiz_theme_default  '>\n\t\t\t\t\t\t\t\t<form name=\"quizForm4\" id=\"quizForm4\" action=\"\/index.php?rest_route=%2Fwp%2Fv2%2Fposts%2F5709\" method=\"POST\" class=\"qsm-quiz-form qmn_quiz_form mlw_quiz_form\" novalidate enctype=\"multipart\/form-data\">\n\t\t\t\t<input type=\"hidden\" name=\"qsm_hidden_questions\" id=\"qsm_hidden_questions\" value=\"\">\n\t\t\t\t<input type=\"hidden\" name=\"qsm_nonce\" id=\"qsm_nonce_4\" value=\"b539c7c364\">\n\t\t\t\t<input type=\"hidden\" name=\"qsm_unique_key\" id=\"qsm_unique_key_4\" value=\"69f2674dc3300\">\n\t\t\t\t<div id=\"mlw_error_message\" class=\"qsm-error-message qmn_error_message_section\"><\/div>\n\t\t\t\t<span id=\"mlw_top_of_quiz\"><\/span>\n\t\t\t\t\t\t\t<section class=\"qsm-page \">\n\t\t\t\t\t\t\t\t<div class=\"quiz_section quiz_begin\">\n\t\t\t\t\t\t<div class='qsm-before-message mlw_qmn_message_before'>\n\t\t\t\t\t\t\t\t\t\t<\/div>\n\t\t\t\t\t\t\t\t\t<\/div>\n\t\t\t\t\t\t\t\t\t<div class=\"quiz_section qsm-question-wrapper question-type-0 question-section-id-11 \" data-qid=\"11\">\n\t\t\t\t\t\t<div class='mlw_qmn_new_question'>Hegel wurde geboren in <\/div>\n\t\t\t<div class='mlw_qmn_question  qsm_remove_bold' >\n\t\t<p><div id=\"9985B39C_A679_11AA_E7EF_78842F400DFB\">\u00a0<\/div> <div id=\"9985B39C_A679_11AA_E7EF_78842F400DFB\">\u00a0<\/div><\/p>\n\t<\/div>\n\t\t<fieldset>\n\t\t<legend><\/legend>\n\t<div class='qmn_radio_answers '>\n\t\t\t\t\t\t\t\t<div class=\"qmn_mc_answer_wrap  mrq_checkbox_class\" id=\"question11-1 \">\n\t\t\t\t\t\t\t\t\t\t\t<input type='radio' class='qmn_quiz_radio qmn-multiple-choice-input ' name=\"question11\" id=\"question11_1\" value=\"0\" \/>\n\t\t\t\t\t<label class=\"qsm-input-label\" for=\"question11_1\">\n\t\t\t\t\tT\u00fcbingen\t\t\t\t\t<\/label>\n\t\t\t\t\t \t\t\t\t<\/div>\n\t\t\t\t\t\t\t\t\t\t\t<div class=\"qmn_mc_answer_wrap  mrq_checkbox_class\" id=\"question11-2 \">\n\t\t\t\t\t\t\t\t\t\t\t<input type='radio' class='qmn_quiz_radio qmn-multiple-choice-input ' name=\"question11\" id=\"question11_2\" value=\"1\" \/>\n\t\t\t\t\t<label class=\"qsm-input-label\" for=\"question11_2\">\n\t\t\t\t\tStuttgart\t\t\t\t\t<\/label>\n\t\t\t\t\t \t\t\t\t<\/div>\n\t\t\t\t\t\t\t\t\t\t\t<div class=\"qmn_mc_answer_wrap  mrq_checkbox_class\" id=\"question11-3 \">\n\t\t\t\t\t\t\t\t\t\t\t<input type='radio' class='qmn_quiz_radio qmn-multiple-choice-input ' name=\"question11\" id=\"question11_3\" value=\"2\" \/>\n\t\t\t\t\t<label class=\"qsm-input-label\" for=\"question11_3\">\n\t\t\t\t\tFrankfurt\t\t\t\t\t<\/label>\n\t\t\t\t\t \t\t\t\t<\/div>\n\t\t\t\t\t\t\t\t\t\t\t<div class=\"qmn_mc_answer_wrap  mrq_checkbox_class\" id=\"question11-4 \">\n\t\t\t\t\t\t\t\t\t\t\t<input type='radio' class='qmn_quiz_radio qmn-multiple-choice-input ' name=\"question11\" id=\"question11_4\" value=\"3\" \/>\n\t\t\t\t\t<label class=\"qsm-input-label\" for=\"question11_4\">\n\t\t\t\t\tChemnitz\t\t\t\t\t<\/label>\n\t\t\t\t\t \t\t\t\t<\/div>\n\t\t\t\t\t \t\t\t<label style=\"display: none !important;\" for=\"question11_none\">None<\/label>\n\t\t\t<input type=\"radio\" style=\"display: none;\" name=\"question11\" id=\"question11_none\" checked=\"checked\" value=\"\" \/>\n\t\t\t\t<\/div>\n\t<\/fieldset>\n\t<input type=\"hidden\" name=\"answer_limit_keys_11\" value=\"\" \/>\n\t\t\t\t\t\t<\/div>\n\t\t\t\t\t\t\t\t\t<div class=\"quiz_section qsm-question-wrapper question-type-0 question-section-id-8 \" data-qid=\"8\">\n\t\t\t\t\t\t<div class='mlw_qmn_new_question'>Hegel war ein bedeutender Vertreter des <\/div>\n\t\t\t<div class='mlw_qmn_question  qsm_remove_bold' >\n\t\t<p><div id=\"9985B39C_A679_11AA_E7EF_78842F400DFB\">\u00a0<\/div> <div id=\"9985B39C_A679_11AA_E7EF_78842F400DFB\">\u00a0<\/div> <div id=\"9985B39C_A679_11AA_E7EF_78842F400DFB\">\u00a0<\/div><\/p>\n\t<\/div>\n\t\t<fieldset>\n\t\t<legend><\/legend>\n\t<div class='qmn_radio_answers '>\n\t\t\t\t\t\t\t\t<div class=\"qmn_mc_answer_wrap  mrq_checkbox_class\" id=\"question8-1 \">\n\t\t\t\t\t\t\t\t\t\t\t<input type='radio' class='qmn_quiz_radio qmn-multiple-choice-input ' name=\"question8\" id=\"question8_1\" value=\"0\" \/>\n\t\t\t\t\t<label class=\"qsm-input-label\" for=\"question8_1\">\n\t\t\t\t\tMaterialismus\t\t\t\t\t<\/label>\n\t\t\t\t\t \t\t\t\t<\/div>\n\t\t\t\t\t\t\t\t\t\t\t<div class=\"qmn_mc_answer_wrap  mrq_checkbox_class\" id=\"question8-2 \">\n\t\t\t\t\t\t\t\t\t\t\t<input type='radio' class='qmn_quiz_radio qmn-multiple-choice-input ' name=\"question8\" id=\"question8_2\" value=\"1\" \/>\n\t\t\t\t\t<label class=\"qsm-input-label\" for=\"question8_2\">\n\t\t\t\t\tIdealismus\t\t\t\t\t<\/label>\n\t\t\t\t\t \t\t\t\t<\/div>\n\t\t\t\t\t\t\t\t\t\t\t<div class=\"qmn_mc_answer_wrap  mrq_checkbox_class\" id=\"question8-3 \">\n\t\t\t\t\t\t\t\t\t\t\t<input type='radio' class='qmn_quiz_radio qmn-multiple-choice-input ' name=\"question8\" id=\"question8_3\" value=\"2\" \/>\n\t\t\t\t\t<label class=\"qsm-input-label\" for=\"question8_3\">\n\t\t\t\t\tMarxismus\t\t\t\t\t<\/label>\n\t\t\t\t\t \t\t\t\t<\/div>\n\t\t\t\t\t\t\t\t\t\t\t<div class=\"qmn_mc_answer_wrap  mrq_checkbox_class\" id=\"question8-4 \">\n\t\t\t\t\t\t\t\t\t\t\t<input type='radio' class='qmn_quiz_radio qmn-multiple-choice-input ' name=\"question8\" id=\"question8_4\" value=\"3\" \/>\n\t\t\t\t\t<label class=\"qsm-input-label\" for=\"question8_4\">\n\t\t\t\t\tEmpirismus\t\t\t\t\t<\/label>\n\t\t\t\t\t \t\t\t\t<\/div>\n\t\t\t\t\t \t\t\t<label style=\"display: none !important;\" for=\"question8_none\">None<\/label>\n\t\t\t<input type=\"radio\" style=\"display: none;\" name=\"question8\" id=\"question8_none\" checked=\"checked\" value=\"\" \/>\n\t\t\t\t<\/div>\n\t<\/fieldset>\n\t<input type=\"hidden\" name=\"answer_limit_keys_8\" value=\"\" \/>\n\t\t\t\t\t\t<\/div>\n\t\t\t\t\t\t\t\t\t<div class=\"quiz_section qsm-question-wrapper question-type-0 question-section-id-9 \" data-qid=\"9\">\n\t\t\t\t\t\t<div class='mlw_qmn_new_question'>Hegels bekanntestes Werk hie\u00df &quot;Ph\u00e4nomenologie&quot; <\/div>\n\t\t\t<div class='mlw_qmn_question  qsm_remove_bold' >\n\t\t<p><div id=\"9985B39C_A679_11AA_E7EF_78842F400DFB\">\u00a0<\/div> <div id=\"9985B39C_A679_11AA_E7EF_78842F400DFB\">\u00a0<\/div> <div id=\"9985B39C_A679_11AA_E7EF_78842F400DFB\">\u00a0<\/div><\/p>\n\t<\/div>\n\t\t<fieldset>\n\t\t<legend><\/legend>\n\t<div class='qmn_radio_answers '>\n\t\t\t\t\t\t\t\t<div class=\"qmn_mc_answer_wrap  mrq_checkbox_class\" id=\"question9-1 \">\n\t\t\t\t\t\t\t\t\t\t\t<input type='radio' class='qmn_quiz_radio qmn-multiple-choice-input ' name=\"question9\" id=\"question9_1\" value=\"0\" \/>\n\t\t\t\t\t<label class=\"qsm-input-label\" for=\"question9_1\">\n\t\t\t\t\tdes Geistes\t\t\t\t\t<\/label>\n\t\t\t\t\t \t\t\t\t<\/div>\n\t\t\t\t\t\t\t\t\t\t\t<div class=\"qmn_mc_answer_wrap  mrq_checkbox_class\" id=\"question9-2 \">\n\t\t\t\t\t\t\t\t\t\t\t<input type='radio' class='qmn_quiz_radio qmn-multiple-choice-input ' name=\"question9\" id=\"question9_2\" value=\"1\" \/>\n\t\t\t\t\t<label class=\"qsm-input-label\" for=\"question9_2\">\n\t\t\t\t\tdes Menschen\t\t\t\t\t<\/label>\n\t\t\t\t\t \t\t\t\t<\/div>\n\t\t\t\t\t\t\t\t\t\t\t<div class=\"qmn_mc_answer_wrap  mrq_checkbox_class\" id=\"question9-3 \">\n\t\t\t\t\t\t\t\t\t\t\t<input type='radio' class='qmn_quiz_radio qmn-multiple-choice-input ' name=\"question9\" id=\"question9_3\" value=\"2\" \/>\n\t\t\t\t\t<label class=\"qsm-input-label\" for=\"question9_3\">\n\t\t\t\t\tder Welt\t\t\t\t\t<\/label>\n\t\t\t\t\t \t\t\t\t<\/div>\n\t\t\t\t\t\t\t\t\t\t\t<div class=\"qmn_mc_answer_wrap  mrq_checkbox_class\" id=\"question9-4 \">\n\t\t\t\t\t\t\t\t\t\t\t<input type='radio' class='qmn_quiz_radio qmn-multiple-choice-input ' name=\"question9\" id=\"question9_4\" value=\"3\" \/>\n\t\t\t\t\t<label class=\"qsm-input-label\" for=\"question9_4\">\n\t\t\t\t\tdes Lebens\t\t\t\t\t<\/label>\n\t\t\t\t\t \t\t\t\t<\/div>\n\t\t\t\t\t \t\t\t<label style=\"display: none !important;\" for=\"question9_none\">None<\/label>\n\t\t\t<input type=\"radio\" style=\"display: none;\" name=\"question9\" id=\"question9_none\" checked=\"checked\" value=\"\" \/>\n\t\t\t\t<\/div>\n\t<\/fieldset>\n\t<input type=\"hidden\" name=\"answer_limit_keys_9\" value=\"\" \/>\n\t\t\t\t\t\t<\/div>\n\t\t\t\t\t\t\t\t\t<div class=\"quiz_section qsm-question-wrapper question-type-0 question-section-id-10 \" data-qid=\"10\">\n\t\t\t\t\t\t<div class='mlw_qmn_new_question'>Ein Schl\u00fcsselbegriff in Hegels Philosophie ist <\/div>\n\t\t\t<div class='mlw_qmn_question  qsm_remove_bold' >\n\t\t<p><div id=\"9985B39C_A679_11AA_E7EF_78842F400DFB\">\u00a0<\/div> <div id=\"9985B39C_A679_11AA_E7EF_78842F400DFB\">\u00a0<\/div> <div id=\"9985B39C_A679_11AA_E7EF_78842F400DFB\">\u00a0<\/div><\/p>\n\t<\/div>\n\t\t<fieldset>\n\t\t<legend><\/legend>\n\t<div class='qmn_radio_answers '>\n\t\t\t\t\t\t\t\t<div class=\"qmn_mc_answer_wrap  mrq_checkbox_class\" id=\"question10-1 \">\n\t\t\t\t\t\t\t\t\t\t\t<input type='radio' class='qmn_quiz_radio qmn-multiple-choice-input ' name=\"question10\" id=\"question10_1\" value=\"0\" \/>\n\t\t\t\t\t<label class=\"qsm-input-label\" for=\"question10_1\">\n\t\t\t\t\tder Absolute Wahnsinn\t\t\t\t\t<\/label>\n\t\t\t\t\t \t\t\t\t<\/div>\n\t\t\t\t\t\t\t\t\t\t\t<div class=\"qmn_mc_answer_wrap  mrq_checkbox_class\" id=\"question10-2 \">\n\t\t\t\t\t\t\t\t\t\t\t<input type='radio' class='qmn_quiz_radio qmn-multiple-choice-input ' name=\"question10\" id=\"question10_2\" value=\"1\" \/>\n\t\t\t\t\t<label class=\"qsm-input-label\" for=\"question10_2\">\n\t\t\t\t\tdie Absolution\t\t\t\t\t<\/label>\n\t\t\t\t\t \t\t\t\t<\/div>\n\t\t\t\t\t\t\t\t\t\t\t<div class=\"qmn_mc_answer_wrap  mrq_checkbox_class\" id=\"question10-3 \">\n\t\t\t\t\t\t\t\t\t\t\t<input type='radio' class='qmn_quiz_radio qmn-multiple-choice-input ' name=\"question10\" id=\"question10_3\" value=\"2\" \/>\n\t\t\t\t\t<label class=\"qsm-input-label\" for=\"question10_3\">\n\t\t\t\t\tdie Absolute Idee\t\t\t\t\t<\/label>\n\t\t\t\t\t \t\t\t\t<\/div>\n\t\t\t\t\t\t\t\t\t\t\t<div class=\"qmn_mc_answer_wrap  mrq_checkbox_class\" id=\"question10-4 \">\n\t\t\t\t\t\t\t\t\t\t\t<input type='radio' class='qmn_quiz_radio qmn-multiple-choice-input ' name=\"question10\" id=\"question10_4\" value=\"3\" \/>\n\t\t\t\t\t<label class=\"qsm-input-label\" for=\"question10_4\">\n\t\t\t\t\tdas Absolute\t\t\t\t\t<\/label>\n\t\t\t\t\t \t\t\t\t<\/div>\n\t\t\t\t\t \t\t\t<label style=\"display: none !important;\" for=\"question10_none\">None<\/label>\n\t\t\t<input type=\"radio\" style=\"display: none;\" name=\"question10\" id=\"question10_none\" checked=\"checked\" value=\"\" \/>\n\t\t\t\t<\/div>\n\t<\/fieldset>\n\t<input type=\"hidden\" name=\"answer_limit_keys_10\" value=\"\" \/>\n\t\t\t\t\t\t<\/div>\n\t\t\t\t\t\t\t\t\t<div class=\"quiz_section qsm-question-wrapper question-type-0 question-section-id-12 \" data-qid=\"12\">\n\t\t\t\t\t\t<div class='mlw_qmn_new_question'>Ein ber\u00fchmter Ausspruch Hegels lautet <\/div>\n\t\t\t<div class='mlw_qmn_question  qsm_remove_bold' >\n\t\t<p><div id=\"9985B39C_A679_11AA_E7EF_78842F400DFB\">\u00a0<\/div> <div id=\"9985B39C_A679_11AA_E7EF_78842F400DFB\">\u00a0<\/div><\/p>\n\t<\/div>\n\t\t<fieldset>\n\t\t<legend><\/legend>\n\t<div class='qmn_radio_answers '>\n\t\t\t\t\t\t\t\t<div class=\"qmn_mc_answer_wrap  mrq_checkbox_class\" id=\"question12-1 \">\n\t\t\t\t\t\t\t\t\t\t\t<input type='radio' class='qmn_quiz_radio qmn-multiple-choice-input ' name=\"question12\" id=\"question12_1\" value=\"0\" \/>\n\t\t\t\t\t<label class=\"qsm-input-label\" for=\"question12_1\">\n\t\t\t\t\tDas Wahre ist das Ganze\t\t\t\t\t<\/label>\n\t\t\t\t\t \t\t\t\t<\/div>\n\t\t\t\t\t\t\t\t\t\t\t<div class=\"qmn_mc_answer_wrap  mrq_checkbox_class\" id=\"question12-2 \">\n\t\t\t\t\t\t\t\t\t\t\t<input type='radio' class='qmn_quiz_radio qmn-multiple-choice-input ' name=\"question12\" id=\"question12_2\" value=\"1\" \/>\n\t\t\t\t\t<label class=\"qsm-input-label\" for=\"question12_2\">\n\t\t\t\t\tDas Gro\u00dfe ist das Ganze\t\t\t\t\t<\/label>\n\t\t\t\t\t \t\t\t\t<\/div>\n\t\t\t\t\t\t\t\t\t\t\t<div class=\"qmn_mc_answer_wrap  mrq_checkbox_class\" id=\"question12-3 \">\n\t\t\t\t\t\t\t\t\t\t\t<input type='radio' class='qmn_quiz_radio qmn-multiple-choice-input ' name=\"question12\" id=\"question12_3\" value=\"2\" \/>\n\t\t\t\t\t<label class=\"qsm-input-label\" for=\"question12_3\">\n\t\t\t\t\tIm Gro\u00dfen und Ganzen\t\t\t\t\t<\/label>\n\t\t\t\t\t \t\t\t\t<\/div>\n\t\t\t\t\t\t\t\t\t\t\t<div class=\"qmn_mc_answer_wrap  mrq_checkbox_class\" id=\"question12-4 \">\n\t\t\t\t\t\t\t\t\t\t\t<input type='radio' class='qmn_quiz_radio qmn-multiple-choice-input ' name=\"question12\" id=\"question12_4\" value=\"3\" \/>\n\t\t\t\t\t<label class=\"qsm-input-label\" for=\"question12_4\">\n\t\t\t\t\tDas Ganze ist das Wahre\t\t\t\t\t<\/label>\n\t\t\t\t\t \t\t\t\t<\/div>\n\t\t\t\t\t \t\t\t<label style=\"display: none !important;\" for=\"question12_none\">None<\/label>\n\t\t\t<input type=\"radio\" style=\"display: none;\" name=\"question12\" id=\"question12_none\" checked=\"checked\" value=\"\" \/>\n\t\t\t\t<\/div>\n\t<\/fieldset>\n\t<input type=\"hidden\" name=\"answer_limit_keys_12\" value=\"\" \/>\n\t\t\t\t\t\t<\/div>\n\t\t\t\t\t\t\t<\/section>\n\t\t\t\t\t<input type=\"hidden\" name=\"qmn_question_list\" value=\"11Q8Q9Q10Q12Q\" \/>\n\t\t\t\t\t\t\t<div id=\"mlw_error_message_bottom\" class=\"qsm-error-message qmn_error_message_section\"><\/div>\n\t\t\t\t\t<input type=\"hidden\" name=\"qmn_all_questions_count\" id=\"qmn_all_questions_count\" value=\"5\" \/>\n\t\t\t\t\t<input type=\"hidden\" name=\"total_questions\" id=\"total_questions\" value=\"5\" \/>\n\t\t\t\t\t<input type=\"hidden\" name=\"timer\" id=\"timer\" value=\"0\" \/>\n\t\t\t\t\t<input type=\"hidden\" name=\"timer_ms\" id=\"timer_ms\" value=\"0\"\/>\n\t\t\t\t\t<input type=\"hidden\" class=\"qmn_quiz_id\" name=\"qmn_quiz_id\" id=\"qmn_quiz_id\" value=\"4\" \/>\n\t\t\t\t\t<input type='hidden' name='complete_quiz' value='confirmation' \/>\n\t\t\t\t\t\t\t\t\t<\/form>\n\t\t\t\t\t\t<\/div>\n\t\t<div style=\"display: none;\" class=\"qsm-popup qsm-popup-slide\" id=\"modal-4\" aria-hidden=\"false\"><div class=\"qsm-popup__overlay\" tabindex=\"-1\" data-micromodal-close=\"\"><div class=\"qsm-popup__container qmn_quiz_container\" role=\"dialog\" aria-modal=\"true\"><div class=\"qsm-popup__content\"><img decoding=\"async\" src=\"https:\/\/museum-der-philosophie.de\/wp-content\/plugins\/quiz-master-next\/assets\/clock.png\" alt=\"clock.png\"\/><p class=\"qsm-time-up-text\"> Time's up<\/p><\/div><footer class=\"qsm-popup__footer\"><button class=\"qsm-popup-secondary-button qmn_btn\" data-micromodal-close=\"\" aria-label=\"Close this dialog window\" onclick=\"location.reload();\">Cancel<\/button><\/footer><\/div><\/div><\/div>\n<\/div><\/div>\n\n\n\n<p><\/p>\n<\/div><button class=\"uagb-modal-popup-close\" aria-label=\"Close Modal\"><svg xmlns=\"https:\/\/www.w3.org\/2000\/svg\" viewBox=\"0 0 320 512\"><path d=\"M310.6 361.4c12.5 12.5 12.5 32.75 0 45.25C304.4 412.9 296.2 416 288 416s-16.38-3.125-22.62-9.375L160 301.3L54.63 406.6C48.38 412.9 40.19 416 32 416S15.63 412.9 9.375 406.6c-12.5-12.5-12.5-32.75 0-45.25l105.4-105.4L9.375 150.6c-12.5-12.5-12.5-32.75 0-45.25s32.75-12.5 45.25 0L160 210.8l105.4-105.4c12.5-12.5 32.75-12.5 45.25 0s12.5 32.75 0 45.25l-105.4 105.4L310.6 361.4z\"><\/path><\/svg><\/button><\/div><\/div><\/div>\n<\/div>\n<\/div>\n<\/div>\n<\/div>\n","protected":false},"excerpt":{"rendered":"<p>Georg Wilhelm Friedrich Hegel war ein deutscher Philosoph, der f\u00fcr die Entwicklung der dialektischen Methode und seine Ideen zur Geschichtsphilosophie bekannt ist, welche die Grundlagen f\u00fcr das Verst\u00e4ndnis von Gesellschaft, Geschichte und Vernunft gelegt haben.<\/p>\n","protected":false},"author":1,"featured_media":5759,"comment_status":"closed","ping_status":"closed","sticky":false,"template":"template-page-builder-no-header-footer.php","format":"standard","meta":{"_uag_custom_page_level_css":"","footnotes":""},"categories":[76],"tags":[128,127,95],"class_list":["post-5709","post","type-post","status-publish","format-standard","has-post-thumbnail","hentry","category-portraets","tag-dialektik","tag-hegel","tag-idealismus"],"featured_image_src":"https:\/\/museum-der-philosophie.de\/wp-content\/uploads\/2023\/10\/590px-1831_Schlesinger_Philosoph_Georg_Friedrich_Wilhelm_Hegel_anagoria1.jpg","author_info":{"display_name":"Klaus F\u00fcrst","author_link":"https:\/\/museum-der-philosophie.de\/?author=1"},"uagb_featured_image_src":{"full":["https:\/\/museum-der-philosophie.de\/wp-content\/uploads\/2023\/10\/590px-1831_Schlesinger_Philosoph_Georg_Friedrich_Wilhelm_Hegel_anagoria1.jpg",590,768,false],"thumbnail":["https:\/\/museum-der-philosophie.de\/wp-content\/uploads\/2023\/10\/590px-1831_Schlesinger_Philosoph_Georg_Friedrich_Wilhelm_Hegel_anagoria1-150x195.jpg",150,195,true],"medium":["https:\/\/museum-der-philosophie.de\/wp-content\/uploads\/2023\/10\/590px-1831_Schlesinger_Philosoph_Georg_Friedrich_Wilhelm_Hegel_anagoria1-400x521.jpg",400,521,true],"medium_large":["https:\/\/museum-der-philosophie.de\/wp-content\/uploads\/2023\/10\/590px-1831_Schlesinger_Philosoph_Georg_Friedrich_Wilhelm_Hegel_anagoria1.jpg",590,768,false],"large":["https:\/\/museum-der-philosophie.de\/wp-content\/uploads\/2023\/10\/590px-1831_Schlesinger_Philosoph_Georg_Friedrich_Wilhelm_Hegel_anagoria1.jpg",590,768,false],"1536x1536":["https:\/\/museum-der-philosophie.de\/wp-content\/uploads\/2023\/10\/590px-1831_Schlesinger_Philosoph_Georg_Friedrich_Wilhelm_Hegel_anagoria1.jpg",590,768,false],"2048x2048":["https:\/\/museum-der-philosophie.de\/wp-content\/uploads\/2023\/10\/590px-1831_Schlesinger_Philosoph_Georg_Friedrich_Wilhelm_Hegel_anagoria1.jpg",590,768,false],"education-zone-banner":["https:\/\/museum-der-philosophie.de\/wp-content\/uploads\/2023\/10\/590px-1831_Schlesinger_Philosoph_Georg_Friedrich_Wilhelm_Hegel_anagoria1-590x692.jpg",590,692,true],"education-zone-image-full":["https:\/\/museum-der-philosophie.de\/wp-content\/uploads\/2023\/10\/590px-1831_Schlesinger_Philosoph_Georg_Friedrich_Wilhelm_Hegel_anagoria1-590x458.jpg",590,458,true],"education-zone-image":["https:\/\/museum-der-philosophie.de\/wp-content\/uploads\/2023\/10\/590px-1831_Schlesinger_Philosoph_Georg_Friedrich_Wilhelm_Hegel_anagoria1-590x458.jpg",590,458,true],"education-zone-recent-post":["https:\/\/museum-der-philosophie.de\/wp-content\/uploads\/2023\/10\/590px-1831_Schlesinger_Philosoph_Georg_Friedrich_Wilhelm_Hegel_anagoria1-70x70.jpg",70,70,true],"education-zone-search-result":["https:\/\/museum-der-philosophie.de\/wp-content\/uploads\/2023\/10\/590px-1831_Schlesinger_Philosoph_Georg_Friedrich_Wilhelm_Hegel_anagoria1-246x246.jpg",246,246,true],"education-zone-featured-course":["https:\/\/museum-der-philosophie.de\/wp-content\/uploads\/2023\/10\/590px-1831_Schlesinger_Philosoph_Georg_Friedrich_Wilhelm_Hegel_anagoria1-276x276.jpg",276,276,true],"education-zone-testimonial":["https:\/\/museum-der-philosophie.de\/wp-content\/uploads\/2023\/10\/590px-1831_Schlesinger_Philosoph_Georg_Friedrich_Wilhelm_Hegel_anagoria1-125x125.jpg",125,125,true],"education-zone-blog-full":["https:\/\/museum-der-philosophie.de\/wp-content\/uploads\/2023\/10\/590px-1831_Schlesinger_Philosoph_Georg_Friedrich_Wilhelm_Hegel_anagoria1-590x480.jpg",590,480,true],"wpvr_mobile":["https:\/\/museum-der-philosophie.de\/wp-content\/uploads\/2023\/10\/590px-1831_Schlesinger_Philosoph_Georg_Friedrich_Wilhelm_Hegel_anagoria1.jpg",590,768,false]},"uagb_author_info":{"display_name":"Klaus F\u00fcrst","author_link":"https:\/\/museum-der-philosophie.de\/?author=1"},"uagb_comment_info":0,"uagb_excerpt":"Georg Wilhelm Friedrich Hegel war ein deutscher Philosoph, der f\u00fcr die Entwicklung der dialektischen Methode und seine Ideen zur Geschichtsphilosophie bekannt ist, welche die Grundlagen f\u00fcr das Verst\u00e4ndnis von Gesellschaft, Geschichte und Vernunft gelegt haben.","_links":{"self":[{"href":"https:\/\/museum-der-philosophie.de\/index.php?rest_route=\/wp\/v2\/posts\/5709","targetHints":{"allow":["GET"]}}],"collection":[{"href":"https:\/\/museum-der-philosophie.de\/index.php?rest_route=\/wp\/v2\/posts"}],"about":[{"href":"https:\/\/museum-der-philosophie.de\/index.php?rest_route=\/wp\/v2\/types\/post"}],"author":[{"embeddable":true,"href":"https:\/\/museum-der-philosophie.de\/index.php?rest_route=\/wp\/v2\/users\/1"}],"replies":[{"embeddable":true,"href":"https:\/\/museum-der-philosophie.de\/index.php?rest_route=%2Fwp%2Fv2%2Fcomments&post=5709"}],"version-history":[{"count":100,"href":"https:\/\/museum-der-philosophie.de\/index.php?rest_route=\/wp\/v2\/posts\/5709\/revisions"}],"predecessor-version":[{"id":14715,"href":"https:\/\/museum-der-philosophie.de\/index.php?rest_route=\/wp\/v2\/posts\/5709\/revisions\/14715"}],"wp:featuredmedia":[{"embeddable":true,"href":"https:\/\/museum-der-philosophie.de\/index.php?rest_route=\/wp\/v2\/media\/5759"}],"wp:attachment":[{"href":"https:\/\/museum-der-philosophie.de\/index.php?rest_route=%2Fwp%2Fv2%2Fmedia&parent=5709"}],"wp:term":[{"taxonomy":"category","embeddable":true,"href":"https:\/\/museum-der-philosophie.de\/index.php?rest_route=%2Fwp%2Fv2%2Fcategories&post=5709"},{"taxonomy":"post_tag","embeddable":true,"href":"https:\/\/museum-der-philosophie.de\/index.php?rest_route=%2Fwp%2Fv2%2Ftags&post=5709"}],"curies":[{"name":"wp","href":"https:\/\/api.w.org\/{rel}","templated":true}]}}