{"id":9447,"date":"2024-04-26T16:12:48","date_gmt":"2024-04-26T16:12:48","guid":{"rendered":"https:\/\/museum-der-philosophie.de\/?p=9447"},"modified":"2026-02-06T20:18:10","modified_gmt":"2026-02-06T18:18:10","slug":"christian-wolff","status":"publish","type":"post","link":"https:\/\/museum-der-philosophie.de\/?p=9447","title":{"rendered":"Christian Wolff"},"content":{"rendered":"\n<div class=\"wp-block-uagb-modal uagb-block-40cd57cd uagb-modal-wrapper uag-hide-desktop uag-hide-tab\" data-escpress=\"enable\" data-overlayclick=\"enable\"><img decoding=\"async\" src=\"https:\/\/museum-der-philosophie.de\/wp-content\/uploads\/2024\/11\/2000px-Hamburger_icon.svg1_-150x150.png\" alt=\"\" class=\"uagb-modal-trigger\" width=\"150\" height=\"150\" loading=\"lazy\"\/><div class=\"uagb-effect-default uagb-modal-popup uagb-block-40cd57cd uagb-modal-type-undefined\"><div class=\"uagb-modal-popup-wrap\"><div class=\"uagb-modal-popup-content\"><form role=\"search\" method=\"get\" action=\"https:\/\/museum-der-philosophie.de\/\" class=\"wp-block-search__button-outside wp-block-search__text-button wp-block-search\"    ><label class=\"wp-block-search__label\" for=\"wp-block-search__input-1\"  style=\"font-size: 20px\"><strong>Suchen<\/strong><\/label><div class=\"wp-block-search__inside-wrapper\" ><input class=\"wp-block-search__input\" id=\"wp-block-search__input-1\" placeholder=\"\" value=\"\" type=\"search\" name=\"s\" required  style=\"font-size: 20px\"\/><button aria-label=\"Suchen\" class=\"wp-block-search__button wp-element-button\" type=\"submit\"  style=\"font-size: 20px\">Suchen<\/button><\/div><\/form>\n\n\n<div style=\"height:30px\" aria-hidden=\"true\" class=\"wp-block-spacer\"><\/div>\n\n\n\n<div class=\"wp-block-columns is-layout-flex wp-container-core-columns-is-layout-9d6595d7 wp-block-columns-is-layout-flex\">\n<div class=\"wp-block-column is-layout-flow wp-block-column-is-layout-flow\">\n<p class=\"has-text-align-left\"><strong>Wegweiser<\/strong><\/p>\n\n\n\n<p><a href=\"https:\/\/museum-der-philosophie.de\/\">Startseite<\/a><br><a href=\"https:\/\/museum-der-philosophie.de\/?page_id=3109\" data-type=\"page\" data-id=\"3109\">Themen und Objekte<\/a><br><a href=\"https:\/\/museum-der-philosophie.de\/?page_id=12381\" data-type=\"page\" data-id=\"12381\">Ideen und Ereignisse<\/a><br><a href=\"https:\/\/museum-der-philosophie.de\/?page_id=9393#a0\" data-type=\"page\" data-id=\"9393\">Was gibt&#8217;s Neues<\/a><br><a href=\"https:\/\/museum-der-philosophie.de\/?page_id=11208#a0\" data-type=\"page\" data-id=\"11208\">Kalenderblatt<\/a><\/p>\n\n\n\n<p>Das Museum<br>\u2022 <a href=\"https:\/\/museum-der-philosophie.de\/?page_id=1336\" data-type=\"page\" data-id=\"1336\">\u00dcber uns<\/a><br>\u2022 <a href=\"https:\/\/museum-der-philosophie.de\/?p=13711\" data-type=\"post\" data-id=\"13711\">Bildschirmdarstellung<\/a><br>\u2022 <a href=\"https:\/\/museum-der-philosophie.de\/?page_id=9363\" data-type=\"page\" data-id=\"9363\">Partner und Unterst\u00fctzer<\/a><br>\u2022 <a href=\"https:\/\/museum-der-philosophie.de\/?page_id=2054\" data-type=\"page\" data-id=\"2054\">Mitmachen<\/a><br>\u2022 <a href=\"https:\/\/museum-der-philosophie.de\/?page_id=7106\" data-type=\"page\" data-id=\"7106\">Newsletter<\/a><\/p>\n\n\n\n<p class=\"has-text-align-left\"><strong>R\u00e4ume<\/strong><\/p>\n\n\n\n<p><a href=\"https:\/\/museum-der-philosophie.de\/?page_id=561#a0\" data-type=\"page\" data-id=\"561\">Empfangshalle<\/a><br><a href=\"https:\/\/museum-der-philosophie.de\/?page_id=3140\" data-type=\"page\" data-id=\"3140\">Sonderausstellung<\/a><br><a href=\"https:\/\/museum-der-philosophie.de\/?page_id=688\" data-type=\"page\" data-id=\"688\">Ruhmeshalle<\/a><br><a href=\"https:\/\/museum-der-philosophie.de\/?page_id=1171\" data-type=\"page\" data-id=\"1171\">Bibliothek<\/a><br><a href=\"https:\/\/museum-der-philosophie.de\/?page_id=3375\" data-type=\"page\" data-id=\"3375\">Zitaten-Schatzkammer<\/a><br><a href=\"https:\/\/museum-der-philosophie.de\/?page_id=838\" data-type=\"page\" data-id=\"838\">Kids&#8216; Philosophy<\/a><br><a href=\"https:\/\/museum-der-philosophie.de\/?page_id=6128\" data-type=\"page\" data-id=\"6128\">Kinosaal<\/a><br><a href=\"https:\/\/museum-der-philosophie.de\/?page_id=1959\" data-type=\"page\" data-id=\"1959\">Debattenraum<\/a><\/p>\n\n\n\n<p><a href=\"https:\/\/museum-der-philosophie.de\/?page_id=1900\" data-type=\"page\" data-id=\"1900\">G\u00e4stebuch<\/a><\/p>\n\n\n\n<p><a href=\"https:\/\/museum-der-philosophie.de\/?page_id=1375\" data-type=\"page\" data-id=\"1375\">Rechtliches \/ Impressum<\/a><\/p>\n<\/div>\n<\/div>\n<\/div><button class=\"uagb-modal-popup-close\" aria-label=\"Close Modal\"><svg xmlns=\"https:\/\/www.w3.org\/2000\/svg\" viewBox=\"0 0 320 512\"><path d=\"M310.6 361.4c12.5 12.5 12.5 32.75 0 45.25C304.4 412.9 296.2 416 288 416s-16.38-3.125-22.62-9.375L160 301.3L54.63 406.6C48.38 412.9 40.19 416 32 416S15.63 412.9 9.375 406.6c-12.5-12.5-12.5-32.75 0-45.25l105.4-105.4L9.375 150.6c-12.5-12.5-12.5-32.75 0-45.25s32.75-12.5 45.25 0L160 210.8l105.4-105.4c12.5-12.5 32.75-12.5 45.25 0s12.5 32.75 0 45.25l-105.4 105.4L310.6 361.4z\"><\/path><\/svg><\/button><\/div><\/div><\/div>\n\n\n\n<div class=\"wp-block-uagb-container uag-hide-desktop uag-hide-tab uagb-block-6afda995 alignfull uagb-is-root-container\"><div class=\"uagb-container-inner-blocks-wrap\">\n<p class=\"has-text-align-center has-white-color has-luminous-vivid-orange-background-color has-text-color has-background has-link-color uag-hide-desktop uag-hide-tab wp-elements-604b59db84068a3d44a47482301b3412\">Dies ist eine vereinfachte Darstellung f\u00fcr Mobiltelefone.<br>Die originalgetreue Wiedergabe des Exponats ist nur auf Bildschirm oder Tablet m\u00f6glich.<\/p>\n<\/div><\/div>\n\n\n\n<div data-aos= \"fade\" data-aos-duration=\"400\" data-aos-delay=\"0\" data-aos-easing=\"ease\" data-aos-once=\"true\" id=\"a0\" class=\"wp-block-uagb-container uagb-block-696f8583 default uagb-is-root-container\">\n<div class=\"wp-block-uagb-container uagb-block-15fb0590\">\n<div class=\"wp-block-uagb-container uagb-block-30ae4036\">\n<div class=\"wp-block-uagb-container uag-hide-mob uagb-block-f1297e06\">\n<div class=\"wp-block-uagb-container uagb-block-55d7099b\">\n<div class=\"wp-block-uagb-modal uagb-block-8075ad28 uagb-modal-wrapper\" data-escpress=\"enable\" data-overlayclick=\"enable\"><img decoding=\"async\" src=\"https:\/\/museum-der-philosophie.de\/wp-content\/uploads\/2024\/11\/2000px-Hamburger_icon.svg1_-400x400.png\" alt=\"\" class=\"uagb-modal-trigger\" width=\"400\" height=\"400\" loading=\"lazy\"\/><div class=\"uagb-effect-default uagb-modal-popup uagb-block-8075ad28 uagb-modal-type-undefined\"><div class=\"uagb-modal-popup-wrap\"><div class=\"uagb-modal-popup-content\"><form role=\"search\" method=\"get\" action=\"https:\/\/museum-der-philosophie.de\/\" class=\"wp-block-search__button-outside wp-block-search__text-button wp-block-search\"    ><label class=\"wp-block-search__label\" for=\"wp-block-search__input-2\"  style=\"font-size: 20px\"><strong>Suchen<\/strong><\/label><div class=\"wp-block-search__inside-wrapper\" ><input class=\"wp-block-search__input\" id=\"wp-block-search__input-2\" placeholder=\"\" value=\"\" type=\"search\" name=\"s\" required  style=\"font-size: 20px\"\/><button aria-label=\"Suchen\" class=\"wp-block-search__button wp-element-button\" type=\"submit\"  style=\"font-size: 20px\">Suchen<\/button><\/div><\/form>\n\n\n<div style=\"height:30px\" aria-hidden=\"true\" class=\"wp-block-spacer\"><\/div>\n\n\n\n<div class=\"wp-block-columns is-layout-flex wp-container-core-columns-is-layout-9d6595d7 wp-block-columns-is-layout-flex\">\n<div class=\"wp-block-column is-layout-flow wp-block-column-is-layout-flow\" style=\"font-size:18px\">\n<p class=\"has-text-align-left\" style=\"font-size:20px\"><strong>Wegweiser<\/strong><\/p>\n\n\n\n<p style=\"font-size:20px\"><a href=\"https:\/\/museum-der-philosophie.de\/\">Startseite<\/a><\/p>\n\n\n\n<p style=\"font-size:20px\"><a href=\"https:\/\/museum-der-philosophie.de\/?page_id=561#a11\" data-type=\"page\" data-id=\"561\">Wegweiser<\/a><\/p>\n\n\n\n<p style=\"font-size:20px\"><a href=\"https:\/\/museum-der-philosophie.de\/?page_id=3109\" data-type=\"page\" data-id=\"3109\">Themen und Objekte<\/a><\/p>\n\n\n\n<p style=\"font-size:20px\"><a href=\"https:\/\/museum-der-philosophie.de\/?page_id=12381\">Ideen und Ereignisse<\/a><\/p>\n\n\n\n<p style=\"font-size:20px\"><a href=\"https:\/\/museum-der-philosophie.de\/?page_id=9393#a0\" data-type=\"page\" data-id=\"9393\">Was gibt&#8217;s Neues<\/a><\/p>\n\n\n\n<p style=\"font-size:20px\"><a href=\"https:\/\/museum-der-philosophie.de\/?page_id=11208#a0\" data-type=\"page\" data-id=\"11208\">Kalenderblatt<\/a><\/p>\n<\/div>\n\n\n\n<div class=\"wp-block-column is-layout-flow wp-block-column-is-layout-flow\">\n<p class=\"has-text-align-left\" style=\"font-size:20px\"><strong>R\u00e4ume<\/strong><\/p>\n\n\n\n<p style=\"font-size:20px\"><a href=\"https:\/\/museum-der-philosophie.de\/?page_id=561#a0\" data-type=\"page\" data-id=\"561\">Empfangshalle<\/a><\/p>\n\n\n\n<p style=\"font-size:20px\"><a href=\"https:\/\/museum-der-philosophie.de\/?page_id=3140\" data-type=\"page\" data-id=\"3140\">Sonderausstellung<\/a><\/p>\n\n\n\n<p style=\"font-size:20px\"><a href=\"https:\/\/museum-der-philosophie.de\/?page_id=688\" data-type=\"page\" data-id=\"688\">Ruhmeshalle<\/a><\/p>\n\n\n\n<p style=\"font-size:20px\"><a href=\"https:\/\/museum-der-philosophie.de\/?page_id=14612\" data-type=\"page\" data-id=\"688\">Kunstgalerie<\/a><\/p>\n\n\n\n<p style=\"font-size:20px\"><a href=\"https:\/\/museum-der-philosophie.de\/?page_id=1171\" data-type=\"page\" data-id=\"1171\">Bibliothek<\/a><\/p>\n\n\n\n<p style=\"font-size:20px\"><a href=\"https:\/\/museum-der-philosophie.de\/?page_id=3375\" data-type=\"page\" data-id=\"3375\">Zitaten-Schatzkammer<\/a><\/p>\n\n\n\n<p style=\"font-size:20px\"><a href=\"https:\/\/museum-der-philosophie.de\/?page_id=838\" data-type=\"page\" data-id=\"838\">Kids&#8216; Philosophy<\/a><\/p>\n\n\n\n<p style=\"font-size:20px\"><a href=\"https:\/\/museum-der-philosophie.de\/?page_id=6128\" data-type=\"page\" data-id=\"6128\">Kinosaal<\/a><\/p>\n\n\n\n<p style=\"font-size:20px\"><a href=\"https:\/\/museum-der-philosophie.de\/?page_id=1959\" data-type=\"page\" data-id=\"1959\">Debattenraum<\/a><\/p>\n<\/div>\n\n\n\n<div class=\"wp-block-column is-layout-flow wp-block-column-is-layout-flow\">\n<p style=\"font-size:20px\"><strong>Das Museum<\/strong><\/p>\n\n\n\n<p style=\"font-size:20px\"><a href=\"https:\/\/museum-der-philosophie.de\/?page_id=1336\" data-type=\"page\" data-id=\"1336\">\u00dcber uns<\/a><\/p>\n\n\n\n<p style=\"font-size:20px\"><a href=\"https:\/\/museum-der-philosophie.de\/?p=13711\" data-type=\"post\" data-id=\"13711\">Bildschirmdarstellung<\/a><\/p>\n\n\n\n<p style=\"font-size:20px\"><a href=\"https:\/\/museum-der-philosophie.de\/?page_id=9363\" data-type=\"page\" data-id=\"9363\">Partner und Unterst\u00fctzer<\/a><\/p>\n\n\n\n<p style=\"font-size:20px\"><a href=\"https:\/\/museum-der-philosophie.de\/?page_id=2054\" data-type=\"page\" data-id=\"2054\">Mitmachen<\/a><\/p>\n\n\n\n<p style=\"font-size:20px\"><a href=\"https:\/\/museum-der-philosophie.de\/?page_id=7106\" data-type=\"page\" data-id=\"7106\">Newsletter<\/a><\/p>\n\n\n\n<p style=\"font-size:20px\"><a href=\"https:\/\/museum-der-philosophie.de\/?page_id=1375\" data-type=\"page\" data-id=\"1375\">Rechtliches \/ Impressum<\/a><\/p>\n\n\n\n<p style=\"font-size:20px\"><strong><mark style=\"background-color:rgba(0, 0, 0, 0)\" class=\"has-inline-color has-luminous-vivid-orange-color\">Bitte trage dich in unser<br><a href=\"https:\/\/museum-der-philosophie.de\/?page_id=1900\" data-type=\"page\" data-id=\"1900\">G\u00e4stebuch<\/a> ein.<br>\u00dcber ein paar Zeilen w\u00fcrden wir uns sehr freuen.<\/mark><\/strong><\/p>\n<\/div>\n<\/div>\n<\/div><button class=\"uagb-modal-popup-close\" aria-label=\"Close Modal\"><svg xmlns=\"https:\/\/www.w3.org\/2000\/svg\" viewBox=\"0 0 320 512\"><path d=\"M310.6 361.4c12.5 12.5 12.5 32.75 0 45.25C304.4 412.9 296.2 416 288 416s-16.38-3.125-22.62-9.375L160 301.3L54.63 406.6C48.38 412.9 40.19 416 32 416S15.63 412.9 9.375 406.6c-12.5-12.5-12.5-32.75 0-45.25l105.4-105.4L9.375 150.6c-12.5-12.5-12.5-32.75 0-45.25s32.75-12.5 45.25 0L160 210.8l105.4-105.4c12.5-12.5 32.75-12.5 45.25 0s12.5 32.75 0 45.25l-105.4 105.4L310.6 361.4z\"><\/path><\/svg><\/button><\/div><\/div><\/div>\n<\/div>\n\n\n\n<div class=\"wp-block-uagb-container uag-hide-mob uagb-block-409a2407 alignfull uagb-is-root-container\"><div class=\"uagb-container-inner-blocks-wrap\">\n<div class=\"wp-block-uagb-advanced-heading uagb-block-f62181c7\"><div class=\"uagb-heading-text\">Men\u00fc<\/div><\/div>\n<\/div><\/div>\n<\/div>\n<\/div>\n\n\n\n<div class=\"wp-block-uagb-advanced-heading uagb-block-dcaae856\"><h2 class=\"uagb-heading-text\">Christian Wolff<\/h2><p class=\"uagb-desc-text\">* 24. Januar 1679 in Breslau<br>\u2020 9. April 1754 in Halle<br>kann als einer der einflussreichsten Philosophen des 18. Jahrhunderts und einer der bedeutendsten Denker der Fr\u00fchaufkl\u00e4rung in Deutschland bezeichnet werden. Als Universit\u00e4tsgelehrter legte er umfangreiche Werke u.a. in den Bereichen der Mathematik und Ethik, sowie des Rechts, der Logik, der Metaphysik und Naturphilosophie vor.<\/p><\/div>\n\n\n\n<div class=\"wp-block-uagb-container uagb-block-a5587f82\">\n<div class=\"wp-block-uagb-modal uagb-block-0ac49942 uagb-modal-wrapper\" data-escpress=\"enable\" data-overlayclick=\"enable\"><img decoding=\"async\" src=\"https:\/\/museum-der-philosophie.de\/wp-content\/uploads\/2023\/12\/biografie_1_-removebg-preview.png\" alt=\"\" class=\"uagb-modal-trigger\" width=\"300\" height=\"258\" loading=\"lazy\"\/><div class=\"uagb-effect-default uagb-modal-popup uagb-block-0ac49942 uagb-modal-type-undefined\"><div class=\"uagb-modal-popup-wrap\"><div class=\"uagb-modal-popup-content\"><div class=\"wp-block-image\">\n<figure class=\"alignright size-full is-resized\"><img loading=\"lazy\" decoding=\"async\" width=\"686\" height=\"1016\" src=\"https:\/\/museum-der-philosophie.de\/wp-content\/uploads\/2024\/04\/wolff-2-e1714135698531.jpg\" alt=\"\" class=\"wp-image-9450\" style=\"width:292px;height:auto\" srcset=\"https:\/\/museum-der-philosophie.de\/wp-content\/uploads\/2024\/04\/wolff-2-e1714135698531.jpg 686w, https:\/\/museum-der-philosophie.de\/wp-content\/uploads\/2024\/04\/wolff-2-e1714135698531-400x592.jpg 400w, https:\/\/museum-der-philosophie.de\/wp-content\/uploads\/2024\/04\/wolff-2-e1714135698531-150x222.jpg 150w\" sizes=\"auto, (max-width: 686px) 100vw, 686px\" \/><\/figure>\n<\/div>\n\n\n<p>Der aus b\u00fcrgerlichem Haus stammende Wolff besucht zun\u00e4chst das traditionsreiche Maria-Magdalena-Gymnasium in Breslau, wo er sich in in Auseinandersetzung mit Caspar Neumann, Johannes Scharf und Rudolf Agricola einer Mischung von scholastischem und cartesianischem Gedankengut ann\u00e4hert. Nach dem Schulabschluss studiert Wolff Theologie, Physik und Mathematik in Jena, wo er nun auch mit fr\u00fchprotestantischem Denken in Kontakt kommt. Nachdem er 1703 gleichenorts habilitiert, f\u00fchrt ihn seine beginnende Lehrt\u00e4tigkeit zun\u00e4chst an die Universit\u00e4t Leipzig und bald darauf, im Jahr 1706, an die Friedrichs-Universit\u00e4t in Halle. Hier beginnt Wolff zentrale Werke der chinesischen Philosophie in ihrer lateinischen \u00dcbersetzung durch Fran\u00e7ois No\u00ebl zu studieren. 1721 reagiert er mit seinem Vortrag \u201eOratio de Sinarum philosophia practica\u201c (\u201eRede \u00fcber die praktische Philosophie der Chinesen\u201c) auf diese Lekt\u00fcre, der zum Ausl\u00f6ser eines Atheismus-Vorwurfs gegen Wolff wird und 1723 zu dessen Verbannung aus Preu\u00dfen f\u00fchrt. Die These, dass auch die nicht-christlichen V\u00f6lker zu Moral imstande waren, wurde bereits seit Grotius diskutiert. Wenngleich sie von den Hallenser Pietisten, die an der Universit\u00e4t eine starke Lobby unterhielten, nicht unaufgeregt empfangen werden musste, schien sie lediglich eine bereits aufgeheizte Situation zum \u00dcberkochen zu bringen. Wolff geht nach Marburg, wo er als Universit\u00e4tsprofessor und Prorektor \u00e4u\u00dferst erfolgreich ist und bleibt dort, bis er 1740 durch einen Ruf Friedrich II. von Preu\u00dfen nach Halle zur\u00fcckkehrt. Hier ist er bis zu seinem Tod 1754 t\u00e4tig.<\/p>\n\n\n<div class=\"wp-block-image\">\n<figure class=\"alignleft size-full is-resized\"><img loading=\"lazy\" decoding=\"async\" width=\"636\" height=\"966\" src=\"https:\/\/museum-der-philosophie.de\/wp-content\/uploads\/2024\/04\/wolff-1-e1714135735201.jpg\" alt=\"\" class=\"wp-image-9451\" style=\"width:313px;height:auto\" srcset=\"https:\/\/museum-der-philosophie.de\/wp-content\/uploads\/2024\/04\/wolff-1-e1714135735201.jpg 636w, https:\/\/museum-der-philosophie.de\/wp-content\/uploads\/2024\/04\/wolff-1-e1714135735201-400x608.jpg 400w, https:\/\/museum-der-philosophie.de\/wp-content\/uploads\/2024\/04\/wolff-1-e1714135735201-150x228.jpg 150w\" sizes=\"auto, (max-width: 636px) 100vw, 636px\" \/><\/figure>\n<\/div>\n\n\n<p>Die Einfl\u00fcsse der Wolff aus Breslau und Jena bekannten, wenn auch widerstreitenden Denkschulen, wird in seinem \u00fcberaus breiten Oevre und in den Prinzipien deutlich, die diesem zugrundeliegen.<br>F\u00fcr Wolff ist die Philosophie eine universale Wissenschaft. Jegliches Gebiet menschlichen Wissens sei nach Wolff von der philosophischen Suche nach Gr\u00fcnden (<em>rationes<\/em>) gepr\u00e4gt. So kann, obwohl fraglich ist, ob Wolff vollst\u00e4ndig dem Rationalismus zugeordnet werden kann, seine Lehre zum einen durchaus als Systematisierung des Rationalismus begriffen werden. Eine Systematisierung ist hier nach Wolff eine Methode zur Ordnung von Lehrinhalten, die bei deren Vermittlung Beachtung finden muss. Dies erscheint deswegen als sinnvolle Bedingung, weil die Wissenschaftlichkeit der Philosophie nach Wolff mit ihrer F\u00e4higkeit verkn\u00fcpft ist, Aussagen zu beweisen. Beweise wiederum bed\u00fcrften der logisch korrekten Strukturen. Zum anderen \u00fcbernimmt er ebendiese Quellen des Rationalismus nicht ohne Auseinandersetzung und lehnt sie in Teilen ab. Wolff selbst wehrt sich gegen den bereits zu Lebzeiten erhobenen Vorwurf, er habe etwa die Leibniz\u2019sche Philosophie lediglich erkl\u00e4ren wollen. Dem gegen\u00fcber entwickelt Wolff eigene Standpunkte, deren systematischer Ansatz als \u201eWolffianismus\u201c schulbildend wird und \u00fcber die Landesgrenzen Deutschlands hinaus immense Wirkung zeigt. So kommt der Pietist und Fr\u00fchaufkl\u00e4rer Johann Christian Edelmann dazu, im Bezug auf Wolffs Namen und Reputation 1740 sogar von einer \u201e<em>Lycantropie<\/em>\u201c in der Gesellschaft zu sprechen. Deutlich sp\u00e4ter urteilt Georg Wilhelm Friedrich Hegel, dass es Wolff zwar gelinge, den Wissensstand seiner Zeit systematisch zu fassen, worin Hegel gleichsam den gro\u00dfen Verdienst Wolffs sieht, nicht aber, diesen gleichfalls zu begr\u00fcnden. Ist es vor diesem Hintergrund jedoch angemessen, Wolffs philosophisches Werk als historisch stehengeblieben zu beschreiben, das vom dem ihm folgenden Kant, der sich selbst an einigen Stellen vor dem Werk Wolffs zu positionieren sucht, obsolet gemacht und zu ebenjenem Halt gebracht wurde? Richtiger ist, dass Wolffs Einfl\u00fcsse ihn zu einem Denker machen, dessen prim\u00e4res Anliegen es ist, das menschliche Wissen in dessen deduktiver Herleitung zu bestimmen und zu systematisieren. Eine historisch ausgewogene Positionierung macht nachvollziehbar, dass sein nach Kant zun\u00e4chst verblassender Einfluss einem seit der Wiederver\u00f6ffentlichung der gesammelten Werke Christian Wolffs um 1962 heute stets wachsenden Interesse an diesem bedeutenden Denker gegen\u00fcbersteht.<\/p>\n\n\n<div class=\"wp-block-image\">\n<figure class=\"alignright size-full is-resized\"><img loading=\"lazy\" decoding=\"async\" width=\"700\" height=\"998\" src=\"https:\/\/museum-der-philosophie.de\/wp-content\/uploads\/2024\/04\/3-e1714135666161.jpg\" alt=\"\" class=\"wp-image-9449\" style=\"width:310px;height:auto\" srcset=\"https:\/\/museum-der-philosophie.de\/wp-content\/uploads\/2024\/04\/3-e1714135666161.jpg 700w, https:\/\/museum-der-philosophie.de\/wp-content\/uploads\/2024\/04\/3-e1714135666161-400x570.jpg 400w, https:\/\/museum-der-philosophie.de\/wp-content\/uploads\/2024\/04\/3-e1714135666161-150x214.jpg 150w\" sizes=\"auto, (max-width: 700px) 100vw, 700px\" \/><\/figure>\n<\/div>\n\n\n<p>Neben der Erl\u00e4uterung zentraler Anliegen in der Philosophie Christian Wolffs, einem kurzen Aufzeigen seiner philosophischen Quellen und deren Zusammenhang mit seiner Biografie, erscheint es sinnvoll, jeweils nur kurz auf die einzelnen Gebiete seiner Philosophie einzugehen, um die Breite seines Schaffens zu verdeutlich.<br>Wenn Wolff auf dem Gebiet der <em>Logik<\/em> auch keine neuen Erkenntnisse vorgelegen konnte, so erweist sich seine klare Systematisierung der logischen Begriffe f\u00fcr die Weiterentwicklung damaliger logischer Theorien als \u00fcberaus n\u00fctzlich und taugt dazu, seine Methode nach geometrischem Vorbild zu illustrieren. Seine Auseinandersetzung mit Logik gibt des weiteren Aufschluss dar\u00fcber, dass es f\u00fcr Wolff keine reine Erkenntnistheorie geben kann, sondern Vernunft und Erfahrung stets nebeneinander stehen. Bemerkenswert erscheint, dass Wolff seine <em>Ethik<\/em> von Fragen der Individualit\u00e4t bis zum V\u00f6lkerrecht ausweitet. Wolff vertritt eine einflussreiche Theorie des absoluten <em>Naturrechts<\/em>, das universal und vollst\u00e4ndig gilt. Auf dem Gebiet der \u201e<em>Psychologie<\/em>\u201c, oder \u201e<em>Seelenlehre<\/em>\u201c erscheint dar\u00fcber hinaus die Trennung von rationaler und empirischer Seelenlehre, bis hin zur Entwicklung der ersten empirischen Psychologie \u00fcberhaupt, \u00e4u\u00dferst bemerkenswert.<\/p>\n\n\n\n<p class=\"has-text-align-left\" style=\"font-size:16px\"><strong>Text:<\/strong> Christian-Wolff-Gesellschaft f\u00fcr die Philosophie der Aufkl\u00e4rung <a href=\"https:\/\/exhibits.stanford.edu\/bassi-veratti\" target=\"_blank\" rel=\"noreferrer noopener\">https:\/\/www.christian-wolff-gesellschaft.de<\/a><br><strong>Bildnachweis:<\/strong> <br>Bild 1 + 3 \u00a9 Herzog Anton Ulrich-Museum, Braunschweig &#8211; Die Daten und Metadaten dieses Datensatzes sind urheberrechtlich gesch\u00fctzt. Die <a href=\"http:\/\/www.virtuelles-kupferstichkabinett.de\/de\/informationen\/datenschutz\/nutzungsbedingungen-fur-online-angebote-des-herzog-anton-ulrich-museums\" data-type=\"link\" data-id=\"http:\/\/www.virtuelles-kupferstichkabinett.de\/de\/informationen\/datenschutz\/nutzungsbedingungen-fur-online-angebote-des-herzog-anton-ulrich-museums\" target=\"_blank\" rel=\"noreferrer noopener\">Nutzungsbedingungen entnehmen Sie bitte hier<\/a><br>Bild 2: public domain<\/p>\n<\/div><button class=\"uagb-modal-popup-close\" aria-label=\"Close Modal\"><svg xmlns=\"https:\/\/www.w3.org\/2000\/svg\" viewBox=\"0 0 320 512\"><path d=\"M310.6 361.4c12.5 12.5 12.5 32.75 0 45.25C304.4 412.9 296.2 416 288 416s-16.38-3.125-22.62-9.375L160 301.3L54.63 406.6C48.38 412.9 40.19 416 32 416S15.63 412.9 9.375 406.6c-12.5-12.5-12.5-32.75 0-45.25l105.4-105.4L9.375 150.6c-12.5-12.5-12.5-32.75 0-45.25s32.75-12.5 45.25 0L160 210.8l105.4-105.4c12.5-12.5 32.75-12.5 45.25 0s12.5 32.75 0 45.25l-105.4 105.4L310.6 361.4z\"><\/path><\/svg><\/button><\/div><\/div><\/div>\n<\/div>\n\n\n\n<div class=\"wp-block-uagb-container uagb-block-05cb220a\">\n<div class=\"wp-block-uagb-modal uagb-block-b42cecd1 uagb-modal-wrapper\" data-escpress=\"enable\" data-overlayclick=\"enable\"><img decoding=\"async\" src=\"https:\/\/museum-der-philosophie.de\/wp-content\/uploads\/2024\/01\/pictwerke.png\" alt=\"\" class=\"uagb-modal-trigger\" width=\"249\" height=\"193\" loading=\"lazy\"\/><div class=\"uagb-effect-default uagb-modal-popup uagb-block-b42cecd1 uagb-modal-type-undefined\"><div class=\"uagb-modal-popup-wrap\"><div class=\"uagb-modal-popup-content\">\n<div class=\"wp-block-uagb-container uagb-block-3af5e1a9 alignfull uagb-is-root-container\"><div class=\"uagb-container-inner-blocks-wrap\"><div class=\"wp-block-image\">\n<figure class=\"aligncenter size-full is-resized\"><img loading=\"lazy\" decoding=\"async\" width=\"455\" height=\"776\" src=\"https:\/\/museum-der-philosophie.de\/wp-content\/uploads\/2024\/04\/0087500829b1-e1714141994295.jpg\" alt=\"\" class=\"wp-image-9461\" style=\"width:249px;height:auto\" srcset=\"https:\/\/museum-der-philosophie.de\/wp-content\/uploads\/2024\/04\/0087500829b1-e1714141994295.jpg 455w, https:\/\/museum-der-philosophie.de\/wp-content\/uploads\/2024\/04\/0087500829b1-e1714141994295-400x682.jpg 400w, https:\/\/museum-der-philosophie.de\/wp-content\/uploads\/2024\/04\/0087500829b1-e1714141994295-150x256.jpg 150w\" sizes=\"auto, (max-width: 455px) 100vw, 455px\" \/><\/figure>\n<\/div>\n\n\n<div class=\"wp-block-uagb-advanced-heading uagb-block-7a8954fb\"><h3 class=\"uagb-heading-text\"><strong>Vern\u00fcnftige Gedanken von Gott, der Welt und der Seele des Menschen, auch allen Dingen \u00fcberhaupt (1720)<\/strong><\/h3><p class=\"uagb-desc-text\">Als Teil des Werks \u201eDeutsche Metaphysik\u201c behandelt diese Schrift die Grundfragen der Philosophie in systematischer Form und macht das deutschsprachige Publikum mit Wolff vertraut. Es verhandelt Fragen nach der Existenz Gottes, der Natur der Welt und des Menschen, sowie fundamentaler kosmologischer und metaphysischer Prinzipien.<\/p><\/div>\n<\/div><\/div>\n\n\n\n<div class=\"wp-block-uagb-container uagb-block-88242100 alignfull uagb-is-root-container\"><div class=\"uagb-container-inner-blocks-wrap\"><div class=\"wp-block-image\">\n<figure class=\"aligncenter size-full is-resized\"><img loading=\"lazy\" decoding=\"async\" width=\"650\" height=\"883\" src=\"https:\/\/museum-der-philosophie.de\/wp-content\/uploads\/2024\/04\/wolff-chinesen.jpg\" alt=\"\" class=\"wp-image-13501\" style=\"width:250px\" srcset=\"https:\/\/museum-der-philosophie.de\/wp-content\/uploads\/2024\/04\/wolff-chinesen.jpg 650w, https:\/\/museum-der-philosophie.de\/wp-content\/uploads\/2024\/04\/wolff-chinesen-400x543.jpg 400w, https:\/\/museum-der-philosophie.de\/wp-content\/uploads\/2024\/04\/wolff-chinesen-150x204.jpg 150w\" sizes=\"auto, (max-width: 650px) 100vw, 650px\" \/><\/figure>\n<\/div>\n\n\n<div class=\"wp-block-uagb-advanced-heading uagb-block-11130008\"><h3 class=\"uagb-heading-text\">&#8222;<strong>Rede \u00fcber die praktische Philosophie der Chinesen\u201c (1721)<\/strong><\/h3><p class=\"uagb-desc-text\">Die Feststellung, die chinesische Hochkultur habe sich auch ohne die Vorstellung Gottes \u00fcber Jahrhunderte stabil entwickelt und Moral hervorbringen k\u00f6nnen, f\u00fchrte zun\u00e4chst zu einem Atheismus-Vorwurf seitens der Gegner Wolffs, zur Eskalation des Streits mit den Hallenser Pietisten und schon bald zur Verbannung Wolffs aus Preu\u00dfen.<\/p><\/div>\n<\/div><\/div>\n\n\n\n<div class=\"wp-block-uagb-container uagb-block-63aaa947 alignfull uagb-is-root-container\"><div class=\"uagb-container-inner-blocks-wrap\"><div class=\"wp-block-image\">\n<figure class=\"aligncenter size-full is-resized\"><img loading=\"lazy\" decoding=\"async\" width=\"528\" height=\"637\" src=\"https:\/\/museum-der-philosophie.de\/wp-content\/uploads\/2024\/04\/104474719661-e1714141690994.jpg\" alt=\"\" class=\"wp-image-9460\" style=\"width:252px;height:auto\" srcset=\"https:\/\/museum-der-philosophie.de\/wp-content\/uploads\/2024\/04\/104474719661-e1714141690994.jpg 528w, https:\/\/museum-der-philosophie.de\/wp-content\/uploads\/2024\/04\/104474719661-e1714141690994-400x483.jpg 400w, https:\/\/museum-der-philosophie.de\/wp-content\/uploads\/2024\/04\/104474719661-e1714141690994-150x181.jpg 150w\" sizes=\"auto, (max-width: 528px) 100vw, 528px\" \/><\/figure>\n<\/div>\n\n\n<div class=\"wp-block-uagb-advanced-heading uagb-block-5e7a7cd7\"><h2 class=\"uagb-heading-text\"><strong>\u201eJus Naturae&#8220; oder \u201eDas Naturrecht\u201c (1740-1748)<\/strong><\/h2><p class=\"uagb-desc-text\">Wolffs Theorie des Naturrechts baut auf seinen ethischen und metaphysischen Prinzipien auf. Die auch f\u00fcr Kant relevante Schrift \u00fcbt einen revolution\u00e4ren Einfluss auf die Rechtsphilosophie aus.<\/p><\/div>\n<\/div><\/div>\n\n\n\n<p>Wolffs Werke sind in die <em>Gesammelte Schriften <\/em>erneut ver\u00f6ffentlicht:<br>Wolff, Christian (1962\u2013), <em>Gesammelte Werke<\/em>, hrsg. J. \u00c9cole \u2020, H. Arndt \u2020, R. Theis, W. Schneiders, J. Paccioni, und S. Carboncinci-Gavanelli (Olms)<\/p>\n<\/div><button class=\"uagb-modal-popup-close\" aria-label=\"Close Modal\"><svg xmlns=\"https:\/\/www.w3.org\/2000\/svg\" viewBox=\"0 0 320 512\"><path d=\"M310.6 361.4c12.5 12.5 12.5 32.75 0 45.25C304.4 412.9 296.2 416 288 416s-16.38-3.125-22.62-9.375L160 301.3L54.63 406.6C48.38 412.9 40.19 416 32 416S15.63 412.9 9.375 406.6c-12.5-12.5-12.5-32.75 0-45.25l105.4-105.4L9.375 150.6c-12.5-12.5-12.5-32.75 0-45.25s32.75-12.5 45.25 0L160 210.8l105.4-105.4c12.5-12.5 32.75-12.5 45.25 0s12.5 32.75 0 45.25l-105.4 105.4L310.6 361.4z\"><\/path><\/svg><\/button><\/div><\/div><\/div>\n<\/div>\n\n\n\n<div class=\"wp-block-uagb-container uagb-block-0a2d2743\">\n<div class=\"wp-block-uagb-modal uagb-block-48e3fbba uagb-modal-wrapper\" data-escpress=\"enable\" data-overlayclick=\"enable\"><img decoding=\"async\" src=\"https:\/\/museum-der-philosophie.de\/wp-content\/uploads\/2024\/03\/pictehrung3.png\" alt=\"\" class=\"uagb-modal-trigger\" width=\"249\" height=\"194\" loading=\"lazy\"\/><div class=\"uagb-effect-default uagb-modal-popup uagb-block-48e3fbba uagb-modal-type-undefined\"><div class=\"uagb-modal-popup-wrap\"><div class=\"uagb-modal-popup-content\">\n<div class=\"wp-block-uagb-container uagb-block-cda8cc43 alignfull uagb-is-root-container\"><div class=\"uagb-container-inner-blocks-wrap\"><div class=\"wp-block-image\">\n<figure class=\"aligncenter size-full is-resized\"><img loading=\"lazy\" decoding=\"async\" width=\"709\" height=\"352\" src=\"https:\/\/museum-der-philosophie.de\/wp-content\/uploads\/2024\/04\/Christian_Wolff_Jean_Dassier-removebg-preview.png\" alt=\"\" class=\"wp-image-9465\" style=\"width:485px;height:auto\" srcset=\"https:\/\/museum-der-philosophie.de\/wp-content\/uploads\/2024\/04\/Christian_Wolff_Jean_Dassier-removebg-preview.png 709w, https:\/\/museum-der-philosophie.de\/wp-content\/uploads\/2024\/04\/Christian_Wolff_Jean_Dassier-removebg-preview-400x199.png 400w, https:\/\/museum-der-philosophie.de\/wp-content\/uploads\/2024\/04\/Christian_Wolff_Jean_Dassier-removebg-preview-150x74.png 150w\" sizes=\"auto, (max-width: 709px) 100vw, 709px\" \/><figcaption class=\"wp-element-caption\">Medaille, gestaltet von Jean Dassier<\/figcaption><\/figure>\n<\/div>\n\n<div class=\"wp-block-image\">\n<figure class=\"aligncenter size-full\"><img loading=\"lazy\" decoding=\"async\" width=\"432\" height=\"480\" src=\"https:\/\/museum-der-philosophie.de\/wp-content\/uploads\/2024\/04\/432px-Wolff-tablica.jpg\" alt=\"\" class=\"wp-image-9467\" srcset=\"https:\/\/museum-der-philosophie.de\/wp-content\/uploads\/2024\/04\/432px-Wolff-tablica.jpg 432w, https:\/\/museum-der-philosophie.de\/wp-content\/uploads\/2024\/04\/432px-Wolff-tablica-400x444.jpg 400w, https:\/\/museum-der-philosophie.de\/wp-content\/uploads\/2024\/04\/432px-Wolff-tablica-150x167.jpg 150w\" sizes=\"auto, (max-width: 432px) 100vw, 432px\" \/><figcaption class=\"wp-element-caption\">Gedenktafel in Breslau<\/figcaption><\/figure>\n<\/div><\/div><\/div>\n\n\n\n<div class=\"wp-block-uagb-container uagb-block-d8bd76c8 alignfull uagb-is-root-container\"><div class=\"uagb-container-inner-blocks-wrap\">\n<div class=\"wp-block-group\"><div class=\"wp-block-group__inner-container is-layout-constrained wp-block-group-is-layout-constrained\"><div class=\"wp-block-image\">\n<figure class=\"alignleft size-full is-resized\"><img loading=\"lazy\" decoding=\"async\" width=\"378\" height=\"660\" src=\"https:\/\/museum-der-philosophie.de\/wp-content\/uploads\/2024\/04\/Christian-Wolff-Denkmal__Halle_03_1_-removebg-preview.png\" alt=\"\" class=\"wp-image-9466\" style=\"width:292px;height:auto\" srcset=\"https:\/\/museum-der-philosophie.de\/wp-content\/uploads\/2024\/04\/Christian-Wolff-Denkmal__Halle_03_1_-removebg-preview.png 378w, https:\/\/museum-der-philosophie.de\/wp-content\/uploads\/2024\/04\/Christian-Wolff-Denkmal__Halle_03_1_-removebg-preview-150x262.png 150w\" sizes=\"auto, (max-width: 378px) 100vw, 378px\" \/><figcaption class=\"wp-element-caption\">Denkmal am Christian-Wolff-Haus in Halle (2021)<\/figcaption><\/figure>\n<\/div>\n\n\n<p class=\"has-text-align-left has-text-color has-link-color wp-elements-027ac72efa2ac536c7f5314b3d5b9c47\" style=\"color:#544040;font-size:20px\"><br>Christian Wolff wurde 1743 zum Kanzler der Universit\u00e4t Halle und 1745 zum Reichshofrat und Reichsfreiherrn ernannt.<br><br>Das <strong>Christian-Wolff-Haus<\/strong> bildet das Hauptgeb\u00e4ude des \u201eStadtmuseums\u201c in Halle.<br><br>1961 wurde ein Berg auf dem Mond nach ihm benannt: \u201e<strong>Mons Wolff<\/strong>\u201c.<br><br>Die Martin-Luther-Universit\u00e4t Halle-Wittenberg vergibt den <strong>Christian-Wolff-Preis<\/strong> f\u00fcr eine herausragende Habilitation oder f\u00fcr hervorragende Leistungen einer Nachwuchsgruppenleiterin bzw. eines Nachwuchsgruppenleiters.<br><br>Am 24. Januar 2017 wurde die <strong>Christian-Wolff Gesellschaft<\/strong> f\u00fcr die Philosophie der Aufkl\u00e4rung gegr\u00fcndet.<br><br>In Halle-Neustadt gibt es das <strong>Christian-Wolff-Gymnasium<\/strong> und in Marburg den Studentenwohnheim-Komplex <strong>Christian-Wolff-H\u00e4user<\/strong>.<\/p>\n<\/div><\/div>\n<\/div><\/div>\n<\/div><button class=\"uagb-modal-popup-close\" aria-label=\"Close Modal\"><svg xmlns=\"https:\/\/www.w3.org\/2000\/svg\" viewBox=\"0 0 320 512\"><path d=\"M310.6 361.4c12.5 12.5 12.5 32.75 0 45.25C304.4 412.9 296.2 416 288 416s-16.38-3.125-22.62-9.375L160 301.3L54.63 406.6C48.38 412.9 40.19 416 32 416S15.63 412.9 9.375 406.6c-12.5-12.5-12.5-32.75 0-45.25l105.4-105.4L9.375 150.6c-12.5-12.5-12.5-32.75 0-45.25s32.75-12.5 45.25 0L160 210.8l105.4-105.4c12.5-12.5 32.75-12.5 45.25 0s12.5 32.75 0 45.25l-105.4 105.4L310.6 361.4z\"><\/path><\/svg><\/button><\/div><\/div><\/div>\n<\/div>\n<\/div>\n\n\n\n<div class=\"wp-block-uagb-container uag-hide-mob uagb-block-e70c7c23\"><\/div>\n\n\n\n<div class=\"wp-block-uagb-container uagb-block-f8090d74\">\n<div class=\"wp-block-uagb-container uag-hide-mob uagb-block-41453401\">\n<div class=\"wp-block-uagb-container uagb-block-513bec9a\">\n<div class=\"wp-block-uagb-advanced-heading uagb-block-41593372\"><div class=\"uagb-heading-text\">Ein Glaube ohne Vernunft <br>ist ein Aberglaube<\/div><\/div>\n<\/div>\n<\/div>\n<\/div>\n<\/div>\n\n\n\n<div class=\"wp-block-uagb-container uagb-block-7f296174 default uagb-is-root-container\">\n<p class=\"has-medium-font-size\">Dieses Exponat entstand mit freundlicher Unterst\u00fctzung durch die<br><a href=\"https:\/\/www.christian-wolff-gesellschaft.de\" target=\"_blank\" rel=\"noreferrer noopener\">Christian-Wolff-Gesellschaft f\u00fcr die Philosophie der Aufkl\u00e4rung<\/a>.<\/p>\n\n\n\n<p class=\"has-small-font-size\"><strong>Bildnachweis<\/strong><br>Gem\u00e4lde von Sporleder: \u00a9 Kustodie der Universit\u00e4t Halle<\/p>\n<\/div>\n","protected":false},"excerpt":{"rendered":"<p>Christian Wolff kann als einer der einflussreichsten Philosophen des 18. Jahrhunderts und einer der bedeutendsten Denker der Fr\u00fchaufkl\u00e4rung in Deutschland bezeichnet werden.<\/p>\n","protected":false},"author":4,"featured_media":9448,"comment_status":"closed","ping_status":"closed","sticky":false,"template":"template-page-builder-no-header-footer.php","format":"standard","meta":{"_uag_custom_page_level_css":"","footnotes":""},"categories":[76],"tags":[96,92,176],"class_list":["post-9447","post","type-post","status-publish","format-standard","has-post-thumbnail","hentry","category-portraets","tag-aufklaerung","tag-barock","tag-wolff"],"featured_image_src":"https:\/\/museum-der-philosophie.de\/wp-content\/uploads\/2024\/04\/Wolff-sporleder-e1714134532699.jpg","author_info":{"display_name":"MEP Redaktion","author_link":"https:\/\/museum-der-philosophie.de\/?author=4"},"uagb_featured_image_src":{"full":["https:\/\/museum-der-philosophie.de\/wp-content\/uploads\/2024\/04\/Wolff-sporleder-e1714134532699.jpg",755,1112,false],"thumbnail":["https:\/\/museum-der-philosophie.de\/wp-content\/uploads\/2024\/04\/Wolff-sporleder-e1714134532699-150x221.jpg",150,221,true],"medium":["https:\/\/museum-der-philosophie.de\/wp-content\/uploads\/2024\/04\/Wolff-sporleder-e1714134532699-400x589.jpg",400,589,true],"medium_large":["https:\/\/museum-der-philosophie.de\/wp-content\/uploads\/2024\/04\/Wolff-sporleder-e1714134532699.jpg",750,1105,false],"large":["https:\/\/museum-der-philosophie.de\/wp-content\/uploads\/2024\/04\/Wolff-sporleder-e1714134532699.jpg",750,1105,false],"1536x1536":["https:\/\/museum-der-philosophie.de\/wp-content\/uploads\/2024\/04\/Wolff-sporleder-e1714134532699.jpg",755,1112,false],"2048x2048":["https:\/\/museum-der-philosophie.de\/wp-content\/uploads\/2024\/04\/Wolff-sporleder-e1714134532699.jpg",755,1112,false],"education-zone-banner":["https:\/\/museum-der-philosophie.de\/wp-content\/uploads\/2024\/04\/Wolff-sporleder-e1714134532699-755x692.jpg",755,692,true],"education-zone-image-full":["https:\/\/museum-der-philosophie.de\/wp-content\/uploads\/2024\/04\/Wolff-sporleder-e1714134532699-755x458.jpg",755,458,true],"education-zone-image":["https:\/\/museum-der-philosophie.de\/wp-content\/uploads\/2024\/04\/Wolff-sporleder-e1714134532699-750x458.jpg",750,458,true],"education-zone-recent-post":["https:\/\/museum-der-philosophie.de\/wp-content\/uploads\/2024\/04\/Wolff-sporleder-e1714134532699-70x70.jpg",70,70,true],"education-zone-search-result":["https:\/\/museum-der-philosophie.de\/wp-content\/uploads\/2024\/04\/Wolff-sporleder-e1714134532699-246x246.jpg",246,246,true],"education-zone-featured-course":["https:\/\/museum-der-philosophie.de\/wp-content\/uploads\/2024\/04\/Wolff-sporleder-e1714134532699-276x276.jpg",276,276,true],"education-zone-testimonial":["https:\/\/museum-der-philosophie.de\/wp-content\/uploads\/2024\/04\/Wolff-sporleder-e1714134532699-125x125.jpg",125,125,true],"education-zone-blog-full":["https:\/\/museum-der-philosophie.de\/wp-content\/uploads\/2024\/04\/Wolff-sporleder-e1714134532699-755x480.jpg",755,480,true],"wpvr_mobile":["https:\/\/museum-der-philosophie.de\/wp-content\/uploads\/2024\/04\/Wolff-sporleder-e1714134532699.jpg",755,1112,false]},"uagb_author_info":{"display_name":"MEP Redaktion","author_link":"https:\/\/museum-der-philosophie.de\/?author=4"},"uagb_comment_info":0,"uagb_excerpt":"Christian Wolff kann als einer der einflussreichsten Philosophen des 18. Jahrhunderts und einer der bedeutendsten Denker der Fr\u00fchaufkl\u00e4rung in Deutschland bezeichnet werden.","_links":{"self":[{"href":"https:\/\/museum-der-philosophie.de\/index.php?rest_route=\/wp\/v2\/posts\/9447","targetHints":{"allow":["GET"]}}],"collection":[{"href":"https:\/\/museum-der-philosophie.de\/index.php?rest_route=\/wp\/v2\/posts"}],"about":[{"href":"https:\/\/museum-der-philosophie.de\/index.php?rest_route=\/wp\/v2\/types\/post"}],"author":[{"embeddable":true,"href":"https:\/\/museum-der-philosophie.de\/index.php?rest_route=\/wp\/v2\/users\/4"}],"replies":[{"embeddable":true,"href":"https:\/\/museum-der-philosophie.de\/index.php?rest_route=%2Fwp%2Fv2%2Fcomments&post=9447"}],"version-history":[{"count":48,"href":"https:\/\/museum-der-philosophie.de\/index.php?rest_route=\/wp\/v2\/posts\/9447\/revisions"}],"predecessor-version":[{"id":17908,"href":"https:\/\/museum-der-philosophie.de\/index.php?rest_route=\/wp\/v2\/posts\/9447\/revisions\/17908"}],"wp:featuredmedia":[{"embeddable":true,"href":"https:\/\/museum-der-philosophie.de\/index.php?rest_route=\/wp\/v2\/media\/9448"}],"wp:attachment":[{"href":"https:\/\/museum-der-philosophie.de\/index.php?rest_route=%2Fwp%2Fv2%2Fmedia&parent=9447"}],"wp:term":[{"taxonomy":"category","embeddable":true,"href":"https:\/\/museum-der-philosophie.de\/index.php?rest_route=%2Fwp%2Fv2%2Fcategories&post=9447"},{"taxonomy":"post_tag","embeddable":true,"href":"https:\/\/museum-der-philosophie.de\/index.php?rest_route=%2Fwp%2Fv2%2Ftags&post=9447"}],"curies":[{"name":"wp","href":"https:\/\/api.w.org\/{rel}","templated":true}]}}